{"id":4827,"date":"2025-03-19T12:02:54","date_gmt":"2025-03-19T16:02:54","guid":{"rendered":"https:\/\/site.ac-martinique.fr\/lyc-paulettenardal\/?p=4827"},"modified":"2025-03-19T12:10:56","modified_gmt":"2025-03-19T16:10:56","slug":"candidater-a-lentree-en-premiere-generale-bfi-bac-francais-international-anglais-americain-pour-la-rentree-2025-modalites-de-candidature","status":"publish","type":"post","link":"https:\/\/site.ac-martinique.fr\/lyc-paulettenardal\/?p=4827","title":{"rendered":"CANDIDATER A L&rsquo;ENTREE EN PREMIERE GENERALE BFI BAC FRANCAIS INTERNATIONAL ANGLAIS-AMERICAIN POUR LA RENTREE 2025 : MODALITES DE CANDIDATURE"},"content":{"rendered":"\n<p><a href=\"https:\/\/site.ac-martinique.fr\/lyc-paulettenardal\/wp-content\/uploads\/sites\/38\/2025\/03\/Fiche-candidature-1ere-generale-BFI-anglais-americain-au-lycee-Paulette-NARDAL-Rentree-2025.pdf\">Fiche candidature 1\u00e8re g\u00e9n\u00e9rale BFI anglais am\u00e9ricain au lyc\u00e9e Paulette NARDAL Rentr\u00e9e 2025<\/a><\/p>\n\n\n\n<p>Mesdames, Messieurs,\u00a0<\/p>\n<p>Le lyc\u00e9e Paulette NARDAL\u00a0 de Ducos a ouvert \u00e0 la rentr\u00e9e 2024 le premier et seul Baccalaur\u00e9at Fran\u00e7ais International BFI de Martinique en Anglais &#8211; Am\u00e9ricain .<\/p>\n<p>Le recrutement des \u00e9l\u00e8ves est acad\u00e9mique et ne n\u00e9cessite pas de d\u00e9rogation. Il est donc ouvert \u00e0 l&rsquo;ensemble des \u00e9l\u00e8ves actuellement en seconded GT dans l&rsquo;Acad\u00e9mie, que l&rsquo;\u00e9l\u00e8ve soit en lyc\u00e9e public ou en lyc\u00e9e priv\u00e9.<\/p>\n<p>Le lyc\u00e9e Nardal propose actuellement le seul Bac International de Martinique.<\/p>\n<p>Les \u00e9l\u00e8ves qui souhaitent postuler \u00e0 l&rsquo;entr\u00e9e en premiere g\u00e9n\u00e9rale en BFI remettront leur dossier complet au secretariat du lyc\u00e9e ou l&rsquo;enverront par courriel \u00e0 l&rsquo;adresse suivante <strong><span style=\"color: #ff0000;\">1GBFI.LPN@ac-martinique.fr <\/span><\/strong>pour le vendredi 4 avril dernier d\u00e9lai. S&rsquo;ils sont accept\u00e9s (phase d&rsquo;admissibilit\u00e9 : r\u00e9ponse le vendredi 11 avril), ils seront convoqu\u00e9s le mercredi 30 avril 13h30-15h30 pour l&rsquo;\u00e9preuve \u00e9crite d&rsquo;admission et le samedi 3 mai pour l&rsquo;\u00e9preuve orale d&rsquo;admission. Les r\u00e9sultats d&rsquo;admission seront publi\u00e9s le vendredi 16 mai 2025.<\/p>\n<p><strong>Vous trouverez en Pi\u00e8ce Jointe la fiche de candidature et les \u00e9l\u00e9ments du dossier \u00e0 constituer ainsi qu&rsquo;une pr\u00e9sentation du BFI et de ses enseignements.<\/strong><\/p>\n<p><strong>Une r\u00e9union d&rsquo;information se d\u00e9roulera au lyc\u00e9e en Salle polyvalente \u00e0 7h30 le samedi 29 mars.<\/strong><\/p>\n<p><strong><u>Comment s\u2019inscrire en 1\u00e8re g\u00e9n\u00e9rale BFI au lyc\u00e9e Paulette \u00a0Nardal\u00a0? <\/u><\/strong><\/p>\n<ul>\n<li>Le recrutement des \u00e9l\u00e8ves de 2<sup>nde<\/sup> (hors \u00e9l\u00e8ves d\u00e9j\u00e0 inscrits en 2<sup>nde<\/sup> Section Internationale) s\u2019effectue en 2 phases\u00a0: phase d\u2019admissibilit\u00e9 des dossiers et phase d\u2019admission du candidat pour les candidats admissibles (deux \u00e9preuves\u00a0: \u00e9crit et oral)<\/li>\n<li><strong>Phase d\u2019admissibilit\u00e9\u00a0:<\/strong> Le dossier d\u2019admissibilit\u00e9 est compos\u00e9\u00a0de :<\/li>\n<li>La fiche de candidature renseign\u00e9e (voir recto)<\/li>\n<li>Une lettre de motivation r\u00e9dig\u00e9e en anglais<\/li>\n<li>Bulletins scolaire de 2nde des trimestres 1 et 2<\/li>\n<li>Tout document jug\u00e9 utile par le candidat pour \u00e9tayer et renforcer sa candidature<\/li>\n<li>Le dossier devra \u00eatre d\u00e9pos\u00e9 complet ou transmis au secr\u00e9tariat du Lyc\u00e9e P. Nardal jusqu\u2019au <strong>Vendredi 4 avril<\/strong> \u00e0 l\u2019adresse suivante : <span style=\"color: #ff0000;\">1GBFI.<a style=\"color: #ff0000;\" href=\"mailto:1GBFI.LPN@ac-martinique.fr\">LPN@ac-martinique.fr<\/a><\/span><\/li>\n<li>R\u00e9union du jury d\u2019admissibilit\u00e9 du lundi 7 au mercredi 9 avril\u00a02025.<\/li>\n<li><strong>Publication des r\u00e9sultats d\u2019admissibilit\u00e9 : Vendredi 11 avril 2025<\/strong><\/li>\n<li><strong>Phase d\u2019admission\u00a0:<\/strong> Convocation des \u00e9l\u00e8ves de 2nde\u00a0qui postulent :<\/li>\n<li>Ecrit\u00a0: Mercredi 30 avril de 13h30 \u00e0 15h30 en salle MDL\u00a0;<\/li>\n<li>Oral\u00a0: Samedi 3 Mai\u00a0: de 8h \u00e0 12h (7 minutes d\u2019entretien)\u00a0; L\u2019entretien portera sur le dossier du candidat, sur sa culture g\u00e9n\u00e9rale notamment sa connaissance de la culture am\u00e9ricaine.<\/li>\n<li><strong>Publication des r\u00e9sultats d\u2019admission\u00a0: Vendredi 16 mai 2025<\/strong>; communication des r\u00e9sultats \u00e0 l\u2019adresse mail du responsable l\u00e9gal indiqu\u00e9e par le candidat<\/li>\n<li><strong>R\u00e9union d\u2019information en salle polyvalente le samedi 29 mars 7h15<\/strong><\/li>\n<\/ul>\n\n\n","protected":false},"excerpt":{"rendered":"","protected":false},"author":98,"featured_media":0,"comment_status":"closed","ping_status":"closed","sticky":false,"template":"","format":"standard","meta":{"footnotes":""},"categories":[1],"tags":[61,69,45],"class_list":["post-4827","post","type-post","status-publish","format-standard","hentry","category-non-classe","tag-actualite","tag-lycee-international","tag-parents"],"_links":{"self":[{"href":"https:\/\/site.ac-martinique.fr\/lyc-paulettenardal\/index.php?rest_route=\/wp\/v2\/posts\/4827","targetHints":{"allow":["GET"]}}],"collection":[{"href":"https:\/\/site.ac-martinique.fr\/lyc-paulettenardal\/index.php?rest_route=\/wp\/v2\/posts"}],"about":[{"href":"https:\/\/site.ac-martinique.fr\/lyc-paulettenardal\/index.php?rest_route=\/wp\/v2\/types\/post"}],"author":[{"embeddable":true,"href":"https:\/\/site.ac-martinique.fr\/lyc-paulettenardal\/index.php?rest_route=\/wp\/v2\/users\/98"}],"replies":[{"embeddable":true,"href":"https:\/\/site.ac-martinique.fr\/lyc-paulettenardal\/index.php?rest_route=%2Fwp%2Fv2%2Fcomments&post=4827"}],"version-history":[{"count":3,"href":"https:\/\/site.ac-martinique.fr\/lyc-paulettenardal\/index.php?rest_route=\/wp\/v2\/posts\/4827\/revisions"}],"predecessor-version":[{"id":4834,"href":"https:\/\/site.ac-martinique.fr\/lyc-paulettenardal\/index.php?rest_route=\/wp\/v2\/posts\/4827\/revisions\/4834"}],"wp:attachment":[{"href":"https:\/\/site.ac-martinique.fr\/lyc-paulettenardal\/index.php?rest_route=%2Fwp%2Fv2%2Fmedia&parent=4827"}],"wp:term":[{"taxonomy":"category","embeddable":true,"href":"https:\/\/site.ac-martinique.fr\/lyc-paulettenardal\/index.php?rest_route=%2Fwp%2Fv2%2Fcategories&post=4827"},{"taxonomy":"post_tag","embeddable":true,"href":"https:\/\/site.ac-martinique.fr\/lyc-paulettenardal\/index.php?rest_route=%2Fwp%2Fv2%2Ftags&post=4827"}],"curies":[{"name":"wp","href":"https:\/\/api.w.org\/{rel}","templated":true}]}}