{"id":4842,"date":"2025-05-15T13:10:36","date_gmt":"2025-05-15T17:10:36","guid":{"rendered":"https:\/\/site.ac-martinique.fr\/lyc-paulettenardal\/?p=4842"},"modified":"2025-05-15T13:10:36","modified_gmt":"2025-05-15T17:10:36","slug":"rentree-2025-calendrier-de-re-inscription-des-eleves-en-1ere-et-terminale-generales-en-terminale-stmg-en-bts-2eme-annee-en-cpge2-bcpst","status":"publish","type":"post","link":"https:\/\/site.ac-martinique.fr\/lyc-paulettenardal\/?p=4842","title":{"rendered":"RENTREE 2025 : CALENDRIER DE RE-INSCRIPTION des \u00e9l\u00e8ves en 1\u00e8re et Terminale g\u00e9n\u00e9rales, en Terminale STMG, en BTS 2\u00e8me ann\u00e9e, en CPGE2 BCPST"},"content":{"rendered":"\n<p>Mesdames, Messieurs,<\/p>\n<p>Nous vous prions de trouver le calendrier des r\u00e9 inscriptions en 1\u00e8re et terminale g\u00e9n\u00e9rales, en TSTMG, en 2\u00e8me ann\u00e9e de BTS, en 2\u00e8me ann\u00e9e de CPGE2 BCPST<\/p>\n\n\n\n<div data-wp-interactive=\"core\/file\" class=\"wp-block-file\"><object data-wp-bind--hidden=\"!state.hasPdfPreview\" hidden class=\"wp-block-file__embed\" data=\"https:\/\/site.ac-martinique.fr\/lyc-paulettenardal\/wp-content\/uploads\/sites\/38\/2025\/05\/calendrier-des-reinscriptions-1ere-Tle-bts-Bcpst-1.pdf\" type=\"application\/pdf\" style=\"width:100%;height:600px\" aria-label=\"Contenu embarqu\u00e9 calendrier des reinscriptions 1ere Tle bts Bcpst.\"><\/object><a id=\"wp-block-file--media-ad71f0c7-e50c-4d84-ac8b-35205db8c9e9\" href=\"https:\/\/site.ac-martinique.fr\/lyc-paulettenardal\/wp-content\/uploads\/sites\/38\/2025\/05\/calendrier-des-reinscriptions-1ere-Tle-bts-Bcpst-1.pdf\">calendrier des reinscriptions 1ere Tle bts Bcpst<\/a><a href=\"https:\/\/site.ac-martinique.fr\/lyc-paulettenardal\/wp-content\/uploads\/sites\/38\/2025\/05\/calendrier-des-reinscriptions-1ere-Tle-bts-Bcpst-1.pdf\" class=\"wp-block-file__button wp-element-button\" download aria-describedby=\"wp-block-file--media-ad71f0c7-e50c-4d84-ac8b-35205db8c9e9\">T\u00e9l\u00e9charger<\/a><\/div>\n","protected":false},"excerpt":{"rendered":"","protected":false},"author":98,"featured_media":0,"comment_status":"closed","ping_status":"closed","sticky":false,"template":"","format":"standard","meta":{"footnotes":""},"categories":[1],"tags":[],"class_list":["post-4842","post","type-post","status-publish","format-standard","hentry","category-non-classe"],"_links":{"self":[{"href":"https:\/\/site.ac-martinique.fr\/lyc-paulettenardal\/index.php?rest_route=\/wp\/v2\/posts\/4842","targetHints":{"allow":["GET"]}}],"collection":[{"href":"https:\/\/site.ac-martinique.fr\/lyc-paulettenardal\/index.php?rest_route=\/wp\/v2\/posts"}],"about":[{"href":"https:\/\/site.ac-martinique.fr\/lyc-paulettenardal\/index.php?rest_route=\/wp\/v2\/types\/post"}],"author":[{"embeddable":true,"href":"https:\/\/site.ac-martinique.fr\/lyc-paulettenardal\/index.php?rest_route=\/wp\/v2\/users\/98"}],"replies":[{"embeddable":true,"href":"https:\/\/site.ac-martinique.fr\/lyc-paulettenardal\/index.php?rest_route=%2Fwp%2Fv2%2Fcomments&post=4842"}],"version-history":[{"count":1,"href":"https:\/\/site.ac-martinique.fr\/lyc-paulettenardal\/index.php?rest_route=\/wp\/v2\/posts\/4842\/revisions"}],"predecessor-version":[{"id":4844,"href":"https:\/\/site.ac-martinique.fr\/lyc-paulettenardal\/index.php?rest_route=\/wp\/v2\/posts\/4842\/revisions\/4844"}],"wp:attachment":[{"href":"https:\/\/site.ac-martinique.fr\/lyc-paulettenardal\/index.php?rest_route=%2Fwp%2Fv2%2Fmedia&parent=4842"}],"wp:term":[{"taxonomy":"category","embeddable":true,"href":"https:\/\/site.ac-martinique.fr\/lyc-paulettenardal\/index.php?rest_route=%2Fwp%2Fv2%2Fcategories&post=4842"},{"taxonomy":"post_tag","embeddable":true,"href":"https:\/\/site.ac-martinique.fr\/lyc-paulettenardal\/index.php?rest_route=%2Fwp%2Fv2%2Ftags&post=4842"}],"curies":[{"name":"wp","href":"https:\/\/api.w.org\/{rel}","templated":true}]}}