{"id":4852,"date":"2025-05-15T13:24:06","date_gmt":"2025-05-15T17:24:06","guid":{"rendered":"https:\/\/site.ac-martinique.fr\/lyc-paulettenardal\/?p=4852"},"modified":"2025-05-15T14:02:11","modified_gmt":"2025-05-15T18:02:11","slug":"rentree-2025-dossier-de-candidature-pour-entrer-en-section-europeenne-espagnol-dnl-eps","status":"publish","type":"post","link":"https:\/\/site.ac-martinique.fr\/lyc-paulettenardal\/?p=4852","title":{"rendered":"RENTREE 2025 : DOSSIER DE CANDIDATURE POUR ENTRER EN SECTION EUROPEENNE ESPAGNOL DNL EPS EN 2NDE"},"content":{"rendered":"\n\n\n<p><strong>LE LYCEE PAULETTE NARDAL PROPOSE UNE SECTION EUROPEENNE D\u2019ESPAGNOL-DNL EPS<\/strong><\/p>\n<ol>\n<li><strong><u>Que propose cette section\u00a0?<\/u><\/strong><\/li>\n<\/ol>\n<p>La section europ\u00e9enne est un dispositif qui propose une partie de l\u2019enseignement d\u2019une Discipline Non Linguistique (DNL), en l\u2019occurrence l\u2019histoire et la g\u00e9ographie, <strong>en espagnol.<\/strong><\/p>\n<p>\u00a0\u00a0\u00a0\u00a0\u00a0\u00a0\u00a0\u00a0\u00a0\u00a0\u00a0\u00a0\u00a0\u00a0 \u00a0\u00a0\u00a0\u00a0\u00a0\u00a0L\u2019horaire est de 1 heure en + par semaine\u00a0assur\u00e9e par le professeur d\u2019espagnol ou par l\u2019assistant<\/p>\n<ol>\n<li><strong><u>Quels sont les objectifs de la section\u00a0?<\/u><\/strong><\/li>\n<\/ol>\n<ul>\n<li>Encourager l\u2019expression orale en espagnol avec comme support des documents vari\u00e9s li\u00e9s \u00e0 la culture hispanique.<\/li>\n<li>Approfondir les connaissances des \u00e9l\u00e8ves sur l\u2019Europe, la Cara\u00efbe et le monde.<\/li>\n<li>Am\u00e9liorer la pratique de la langue et \u00e9tendre la culture g\u00e9n\u00e9rale des \u00e9l\u00e8ves.<\/li>\n<li>D\u00e9velopper la r\u00e9flexion et l\u2019ouverture d\u2019esprit.<\/li>\n<\/ul>\n<ol start=\"3\">\n<li><strong><u>A<\/u><\/strong><strong><u> qui s\u2019adresse la section euro-caribeenne?<\/u><\/strong><\/li>\n<\/ol>\n<p>\u00a0\u00a0\u00a0\u00a0\u00a0\u00a0\u00a0\u00a0\u00a0\u00a0\u00a0\u00a0\u00a0\u00a0\u00a0 La section s\u2019adresse \u00e0 tout \u00e9l\u00e8ve\u00a0:<\/p>\n<ul>\n<li>Int\u00e9ress\u00e9 et motiv\u00e9 par l\u2019espagnol<\/li>\n<li>Aimant s\u2019exprimer \u00e0 l\u2019oral<\/li>\n<li>Ayant un niveau suffisant pour s\u2019exprimer spontan\u00e9ment en espagnol sans craindre les erreurs ou le manque de vocabulaire.<\/li>\n<li>Curieux, cultiv\u00e9, ouvert sur le monde.<\/li>\n<li><strong>La DNL EPS repose sur l&rsquo;habilitation du professeur \u00e0 enseigner en espagnol. Les cousr dispens\u00e9s seront des enseignements de culture hispanique (pas de pratique d&rsquo;EPS)<\/strong><\/li>\n<\/ul>\n<p>\u00a0\u00a0\u00a0 <strong><em>Il n\u2019est pas n\u00e9cessaire d\u2019avoir \u00e9t\u00e9 en classe \u00ab\u00a0section europ\u00e9enne \u00bb en coll\u00e8ge pour int\u00e9grer la section en lyc\u00e9e.<\/em><\/strong><\/p>\n<ol start=\"4\">\n<li><strong><u>Comment se deroule le cursus \u00ab\u00a0section europeenne\u00a0\u00bbau lycee <\/u><\/strong><strong><u>PAULETTE NARDAL<\/u><\/strong><strong><u>?<\/u><\/strong><\/li>\n<\/ol>\n<ul>\n<li>La section facultative \u00ab\u00a0section europ\u00e9enne\u00a0\u00bb se poursuit en Premi\u00e8re et en Terminale dans les s\u00e9ries g\u00e9n\u00e9rales en Discipline Non Linguistique (DNL) &#8211; en l\u2019occurrence <u>EPS<\/u> &#8211; et d\u2019une heure suppl\u00e9mentaire d\u2019espagnol.<\/li>\n<li><strong>La section euro espagnole s\u2019inscrit dans un projet groupe classe sp\u00e9cifique en 2<sup>nde<\/sup> d\u2019Espagnol+ dans lequel plusieurs disciplines seront enseign\u00e9es en Espagnol<\/strong>. Il s\u2019agit de favoriser l\u2019immersion linguistique.<\/li>\n<li>Une correspondance est \u00e9tablie avec des \u00e9l\u00e8ves hispanophones de la Cara\u00efbe ou d\u2019Espagne selon les possibilit\u00e9s.<\/li>\n<li>Les \u00e9l\u00e8ves pourront pr\u00e9senter en classe de 2nde, le Dipl\u00f4me de Comp\u00e9tences en Langue qui est reconnu et constitue un atout pour l\u2019entr\u00e9e \u00e0 l\u2019universit\u00e9 ou dans une Classe Pr\u00e9paratoire.<\/li>\n<li>Les \u00e9l\u00e8ves qui auront obtenu au moins 12\/20 \u00e0 l\u2019\u00e9preuve de contr\u00f4le continu en espagnol de section et 10\/20 \u00e0 l\u2019\u00e9preuve sp\u00e9cifique DNL \u00ab\u00a0section europ\u00e9enne\u00a0\u00bb (constitu\u00e9e \u00e0 20% d&rsquo;une note de scolarit\u00e9 attribu\u00e9e par les professeurs de la LV et de(s) DNL, et \u00e0 80% d&rsquo;une interrogation orale de langue en terminale), <strong>auront sp\u00e9cifi\u00e9 sur leur dipl\u00f4me de baccalaur\u00e9at l\u2019indication \u00ab\u00a0section europ\u00e9enne d\u2019espagnol\u00a0\u00bb. <\/strong><\/li>\n<li><strong>Un atout pour Parcoursup\u00a0: <\/strong>singulariser sa scolarit\u00e9, montrer son app\u00e9tit pour l\u2019ouverture internationale, t\u00e9moigner de ses capacit\u00e9s de travail, affirmer sa curiosit\u00e9, s\u2019int\u00e9resser \u00e0 l\u2019actualit\u00e9<\/li>\n<\/ul>\n<ol start=\"5\">\n<li><strong><u>Comment s\u2019inscrire en section europenne d\u2019espagnol au lycee centre-sud\u00a0?<\/u><\/strong><\/li>\n<\/ol>\n<ul>\n<li>Les fiches renseign\u00e9es au coll\u00e8ge doivent parvenir aupr\u00e8s du secr\u00e9tariat du Lyc\u00e9e Paulette NARDAL <strong><em>jusqu\u2019au vendredi 13 juin 2025 par mail \u00e0 l\u2019adresse suivante\u00a0: <a href=\"mailto:ce.9720825p@ac-martinique.fr\">9720825p@ac-martinique.fr<\/a>.<\/em><\/strong><\/li>\n<li><strong>Une commission r\u00e9unie mercredi 2 juillet<\/strong> <strong>2025 <\/strong>s\u00e9lectionnera au lyc\u00e9e les \u00e9l\u00e8ves qui correspondent au profil de la section euro-carib\u00e9enne dans la limite des places disponibles en seconde.<\/li>\n<li>la commission est compos\u00e9e du r\u00e9f\u00e9rent du dispositif du lycee paulette nardal et des correspondants referents des coll\u00e8ges<\/li>\n<li>Les r\u00e9ponses concernant les candidatures retenues seront donn\u00e9es aux \u00e9l\u00e8ves affect\u00e9s au lyc\u00e9e \u00e0 la rentr\u00e9e.<\/li>\n<\/ul>\n<p><strong><em>Pour plus de renseignements, <\/em><\/strong><em>Vous pouvez vous adresser au secr\u00e9tariat du lyc\u00e9e Paulette NARDAL\u00a0\u00a0\u00a0\u00a0 <\/em><\/p>\n<p><em>Le Proviseur<\/em>\u00a0 \u00a0 \u00a0 \u00a0 \u00a0 \u00a0 \u00a0 \u00a0 \u00a0 \u00a0 \u00a0 \u00a0 \u00a0 \u00a0 \u00a0 \u00a0 \u00a0 \u00a0 \u00a0 \u00a0 \u00a0 \u00a0 \u00a0 \u00a0 \u00a0 \u00a0 \u00a0 \u00a0 \u00a0 \u00a0 \u00a0 \u00a0 \u00a0 \u00a0 \u00a0 \u00a0 \u00a0 \u00a0 \u00a0 \u00a0 \u00a0 \u00a0 \u00a0 \u00a0 \u00a0 \u00a0 \u00a0 \u00a0 \u00a0 \u00a0 \u00a0 \u00a0 \u00a0 \u00a0 \u00a0 \u00a0 \u00a0 \u00a0 \u00a0 \u00a0 \u00a0 \u00a0 \u00a0 \u00a0 \u00a0 \u00a0 \u00a0 \u00a0 \u00a0 \u00a0 \u00a0 \u00a0 \u00a0 \u00a0 \u00a0 Richard CAMPOS\u00a0\u00a0\u00a0\u00a0\u00a0<\/p>\n\n\n\n<div data-wp-interactive=\"core\/file\" class=\"wp-block-file\"><object data-wp-bind--hidden=\"!state.hasPdfPreview\" hidden class=\"wp-block-file__embed\" data=\"https:\/\/site.ac-martinique.fr\/lyc-paulettenardal\/wp-content\/uploads\/sites\/38\/2025\/05\/Fiche-de-candidature-Euro-Espagnol-2nde-2025-2026-1.pdf\" type=\"application\/pdf\" style=\"width:100%;height:600px\" aria-label=\"Contenu embarqu\u00e9 Fiche de candidature Euro Espagnol 2nde 2025 2026.\"><\/object><a id=\"wp-block-file--media-167d7c9d-8b89-48cd-92a5-aff96fb9292b\" href=\"https:\/\/site.ac-martinique.fr\/lyc-paulettenardal\/wp-content\/uploads\/sites\/38\/2025\/05\/Fiche-de-candidature-Euro-Espagnol-2nde-2025-2026-1.pdf\">Fiche de candidature Euro Espagnol 2nde 2025 2026<\/a><a href=\"https:\/\/site.ac-martinique.fr\/lyc-paulettenardal\/wp-content\/uploads\/sites\/38\/2025\/05\/Fiche-de-candidature-Euro-Espagnol-2nde-2025-2026-1.pdf\" class=\"wp-block-file__button wp-element-button\" download aria-describedby=\"wp-block-file--media-167d7c9d-8b89-48cd-92a5-aff96fb9292b\">T\u00e9l\u00e9charger<\/a><\/div>\n","protected":false},"excerpt":{"rendered":"","protected":false},"author":98,"featured_media":0,"comment_status":"closed","ping_status":"closed","sticky":false,"template":"","format":"standard","meta":{"footnotes":""},"categories":[1],"tags":[],"class_list":["post-4852","post","type-post","status-publish","format-standard","hentry","category-non-classe"],"_links":{"self":[{"href":"https:\/\/site.ac-martinique.fr\/lyc-paulettenardal\/index.php?rest_route=\/wp\/v2\/posts\/4852","targetHints":{"allow":["GET"]}}],"collection":[{"href":"https:\/\/site.ac-martinique.fr\/lyc-paulettenardal\/index.php?rest_route=\/wp\/v2\/posts"}],"about":[{"href":"https:\/\/site.ac-martinique.fr\/lyc-paulettenardal\/index.php?rest_route=\/wp\/v2\/types\/post"}],"author":[{"embeddable":true,"href":"https:\/\/site.ac-martinique.fr\/lyc-paulettenardal\/index.php?rest_route=\/wp\/v2\/users\/98"}],"replies":[{"embeddable":true,"href":"https:\/\/site.ac-martinique.fr\/lyc-paulettenardal\/index.php?rest_route=%2Fwp%2Fv2%2Fcomments&post=4852"}],"version-history":[{"count":2,"href":"https:\/\/site.ac-martinique.fr\/lyc-paulettenardal\/index.php?rest_route=\/wp\/v2\/posts\/4852\/revisions"}],"predecessor-version":[{"id":4866,"href":"https:\/\/site.ac-martinique.fr\/lyc-paulettenardal\/index.php?rest_route=\/wp\/v2\/posts\/4852\/revisions\/4866"}],"wp:attachment":[{"href":"https:\/\/site.ac-martinique.fr\/lyc-paulettenardal\/index.php?rest_route=%2Fwp%2Fv2%2Fmedia&parent=4852"}],"wp:term":[{"taxonomy":"category","embeddable":true,"href":"https:\/\/site.ac-martinique.fr\/lyc-paulettenardal\/index.php?rest_route=%2Fwp%2Fv2%2Fcategories&post=4852"},{"taxonomy":"post_tag","embeddable":true,"href":"https:\/\/site.ac-martinique.fr\/lyc-paulettenardal\/index.php?rest_route=%2Fwp%2Fv2%2Ftags&post=4852"}],"curies":[{"name":"wp","href":"https:\/\/api.w.org\/{rel}","templated":true}]}}