{"id":5055,"date":"2026-03-09T13:26:16","date_gmt":"2026-03-09T17:26:16","guid":{"rendered":"https:\/\/site.ac-martinique.fr\/lyc-paulettenardal\/?p=5055"},"modified":"2026-03-09T16:59:58","modified_gmt":"2026-03-09T20:59:58","slug":"option-internationale-candidatures-a-lentree-en-seconde-internationale-ou-en-premiere-bfi","status":"publish","type":"post","link":"https:\/\/site.ac-martinique.fr\/lyc-paulettenardal\/?p=5055","title":{"rendered":"Option Internationale Rentr\u00e9e 2026 : candidatures \u00e0 l\u2019entr\u00e9e en seconde internationale ou en premi\u00e8re g\u00e9n\u00e9rale BFI"},"content":{"rendered":"<div class=\"wp-block-image\">\n<figure class=\"aligncenter size-full\"><a href=\"https:\/\/site.ac-martinique.fr\/lyc-paulettenardal\/wp-content\/uploads\/sites\/38\/2026\/03\/Drapeau.png\"><img fetchpriority=\"high\" decoding=\"async\" width=\"225\" height=\"225\" src=\"https:\/\/site.ac-martinique.fr\/lyc-paulettenardal\/wp-content\/uploads\/sites\/38\/2026\/03\/Drapeau.png\" alt=\"\" class=\"wp-image-5056\" srcset=\"https:\/\/site.ac-martinique.fr\/lyc-paulettenardal\/wp-content\/uploads\/sites\/38\/2026\/03\/Drapeau.png 225w, https:\/\/site.ac-martinique.fr\/lyc-paulettenardal\/wp-content\/uploads\/sites\/38\/2026\/03\/Drapeau-150x150.png 150w, https:\/\/site.ac-martinique.fr\/lyc-paulettenardal\/wp-content\/uploads\/sites\/38\/2026\/03\/Drapeau-100x100.png 100w\" sizes=\"(max-width: 225px) 100vw, 225px\" \/><\/a><\/figure>\n<\/div>\n\n\n<p><strong><u>Modalit\u00e9s de recrutement, en 2 temps :<\/u><\/strong><\/p>\n\n\n\n<p><strong>1- Phase d\u2019admissibilit\u00e9 :<\/strong> date limite: vendredi 27 mars 2026 \u00e0 remettre par mail \u00e0 <a target=\"_blank\" rel=\"noreferrer noopener\" href=\"mailto:ce.9720825P@ac-martinique.fr\">ce.9720825P@ac-martinique.fr<\/a> avant le vendredi 27 mars 2026.<\/p>\n\n\n\n<p><strong>2- Phase d&rsquo;admission<\/strong> pour les dossiers retenus :<\/p>\n\n\n\n<ul class=\"wp-block-list\">\n<li>samedi 25 avril 2026 \u00e0 7h30 au lyc\u00e9e: \u00e9preuve orale d&rsquo;admission (7 minutes d&rsquo;entretien)<\/li>\n\n\n\n<li>mercredi 29 avril 2026 de 13h \u00e0 15h au LPN: \u00e9preuve \u00e9crite compr\u00e9hension expression \u00e9crite<\/li>\n<\/ul>\n\n\n\n<p><strong>3- R\u00e9union d&rsquo;information: <\/strong>samedi 14 mars 2026, 9h30 en salle de r\u00e9union du Lyc\u00e9e Paulette Nardal<\/p>\n\n\n\n<p>4- Constitution du dossier d&rsquo;admissibilit\u00e9:<\/p>\n\n\n\n<ul class=\"wp-block-list\">\n<li>\u200bBulletins de 4\u00e8me et de 3\u00e8me pour une entr\u00e9e en seconde section Internationale  <\/li>\n\n\n\n<li>Bulletins de 3\u00e8me et de seconde pour une entr\u00e9e en 1\u00e8re g\u00e9n\u00e9rale Bac Fran\u00e7ais International BFI<\/li>\n\n\n\n<li>\u200bLettre de motivation r\u00e9dig\u00e9e en anglais<\/li>\n\n\n\n<li>Avis des professeurs d&rsquo;anglais et d&rsquo;histoire-g\u00e9ographie r\u00e9dig\u00e9s sur la fiche dossier en PJ<\/li>\n\n\n\n<li>Fiche dossier en PJ renseign\u00e9e comprenant le num\u00e9ro de t\u00e9l\u00e9phone des parents et leur adresse mail<\/li>\n<\/ul>\n\n\n\n<p><\/p>\n\n\n\n<p>Fiche Dossier \u00e0 t\u00e9l\u00e9charger et Plus d\u2019informations sur la vie de l\u2019option en cliquant sur le bouton \u201coption internationale\u201d SI BFI dans la partie droite de la page du site du lyc\u00e9e.<\/p>\n\n\n\n<div class=\"wp-block-group is-nowrap is-layout-flex wp-container-core-group-is-layout-ad2f72ca wp-block-group-is-layout-flex\">\n<div data-wp-interactive=\"core\/file\" class=\"wp-block-file\"><object data-wp-bind--hidden=\"!state.hasPdfPreview\" hidden class=\"wp-block-file__embed\" data=\"https:\/\/site.ac-martinique.fr\/lyc-paulettenardal\/wp-content\/uploads\/sites\/38\/2026\/03\/Plaquette-BFI-FR-476406-1.pdf\" type=\"application\/pdf\" style=\"width:100%;height:600px\" aria-label=\"Contenu embarqu\u00e9 Plaquette BFI FR-476406.\"><\/object><a id=\"wp-block-file--media-44ed8611-0795-47ca-83c9-429403ddcd2a\" href=\"https:\/\/site.ac-martinique.fr\/lyc-paulettenardal\/wp-content\/uploads\/sites\/38\/2026\/03\/Plaquette-BFI-FR-476406-1.pdf\">Plaquette BFI FR-476406<\/a><a href=\"https:\/\/site.ac-martinique.fr\/lyc-paulettenardal\/wp-content\/uploads\/sites\/38\/2026\/03\/Plaquette-BFI-FR-476406-1.pdf\" class=\"wp-block-file__button wp-element-button\" download aria-describedby=\"wp-block-file--media-44ed8611-0795-47ca-83c9-429403ddcd2a\">T\u00e9l\u00e9charger<\/a><\/div>\n\n\n\n<div data-wp-interactive=\"core\/file\" class=\"wp-block-file\"><object data-wp-bind--hidden=\"!state.hasPdfPreview\" hidden class=\"wp-block-file__embed\" data=\"https:\/\/site.ac-martinique.fr\/lyc-paulettenardal\/wp-content\/uploads\/sites\/38\/2026\/03\/SI-1.pdf\" type=\"application\/pdf\" style=\"width:100%;height:600px\" aria-label=\"Contenu embarqu\u00e9 SI-1.\"><\/object><a id=\"wp-block-file--media-6b436edb-c179-4af3-88f4-c48972557805\" href=\"https:\/\/site.ac-martinique.fr\/lyc-paulettenardal\/wp-content\/uploads\/sites\/38\/2026\/03\/SI-1.pdf\">SI-1<\/a><a href=\"https:\/\/site.ac-martinique.fr\/lyc-paulettenardal\/wp-content\/uploads\/sites\/38\/2026\/03\/SI-1.pdf\" class=\"wp-block-file__button wp-element-button\" download aria-describedby=\"wp-block-file--media-6b436edb-c179-4af3-88f4-c48972557805\">T\u00e9l\u00e9charger<\/a><\/div>\n<\/div>\n\n\n\n<div data-wp-interactive=\"core\/file\" class=\"wp-block-file\"><object data-wp-bind--hidden=\"!state.hasPdfPreview\" hidden class=\"wp-block-file__embed\" data=\"https:\/\/site.ac-martinique.fr\/lyc-paulettenardal\/wp-content\/uploads\/sites\/38\/2026\/03\/BFI-2.pdf\" type=\"application\/pdf\" style=\"width:100%;height:600px\" aria-label=\"Contenu embarqu\u00e9 BFI-2.\"><\/object><a id=\"wp-block-file--media-90e2b1db-543e-4035-9135-583d62644153\" href=\"https:\/\/site.ac-martinique.fr\/lyc-paulettenardal\/wp-content\/uploads\/sites\/38\/2026\/03\/BFI-2.pdf\">BFI-2<\/a><a href=\"https:\/\/site.ac-martinique.fr\/lyc-paulettenardal\/wp-content\/uploads\/sites\/38\/2026\/03\/BFI-2.pdf\" class=\"wp-block-file__button wp-element-button\" download aria-describedby=\"wp-block-file--media-90e2b1db-543e-4035-9135-583d62644153\">T\u00e9l\u00e9charger<\/a><\/div>\n","protected":false},"excerpt":{"rendered":"<p>Modalit\u00e9s de recrutement en section international avec d\u00e9p\u00f4t du dossier avant le vendredi 27 mars<\/p>\n","protected":false},"author":187,"featured_media":5058,"comment_status":"closed","ping_status":"closed","sticky":false,"template":"","format":"standard","meta":{"footnotes":""},"categories":[23,86,35,60,46,54],"tags":[61,69,45],"class_list":["post-5055","post","type-post","status-publish","format-standard","has-post-thumbnail","hentry","category-actu","category-international","category-orientation","category-premiere","category-seconde","category-terminale","tag-actualite","tag-lycee-international","tag-parents"],"_links":{"self":[{"href":"https:\/\/site.ac-martinique.fr\/lyc-paulettenardal\/index.php?rest_route=\/wp\/v2\/posts\/5055","targetHints":{"allow":["GET"]}}],"collection":[{"href":"https:\/\/site.ac-martinique.fr\/lyc-paulettenardal\/index.php?rest_route=\/wp\/v2\/posts"}],"about":[{"href":"https:\/\/site.ac-martinique.fr\/lyc-paulettenardal\/index.php?rest_route=\/wp\/v2\/types\/post"}],"author":[{"embeddable":true,"href":"https:\/\/site.ac-martinique.fr\/lyc-paulettenardal\/index.php?rest_route=\/wp\/v2\/users\/187"}],"replies":[{"embeddable":true,"href":"https:\/\/site.ac-martinique.fr\/lyc-paulettenardal\/index.php?rest_route=%2Fwp%2Fv2%2Fcomments&post=5055"}],"version-history":[{"count":9,"href":"https:\/\/site.ac-martinique.fr\/lyc-paulettenardal\/index.php?rest_route=\/wp\/v2\/posts\/5055\/revisions"}],"predecessor-version":[{"id":5076,"href":"https:\/\/site.ac-martinique.fr\/lyc-paulettenardal\/index.php?rest_route=\/wp\/v2\/posts\/5055\/revisions\/5076"}],"wp:featuredmedia":[{"embeddable":true,"href":"https:\/\/site.ac-martinique.fr\/lyc-paulettenardal\/index.php?rest_route=\/wp\/v2\/media\/5058"}],"wp:attachment":[{"href":"https:\/\/site.ac-martinique.fr\/lyc-paulettenardal\/index.php?rest_route=%2Fwp%2Fv2%2Fmedia&parent=5055"}],"wp:term":[{"taxonomy":"category","embeddable":true,"href":"https:\/\/site.ac-martinique.fr\/lyc-paulettenardal\/index.php?rest_route=%2Fwp%2Fv2%2Fcategories&post=5055"},{"taxonomy":"post_tag","embeddable":true,"href":"https:\/\/site.ac-martinique.fr\/lyc-paulettenardal\/index.php?rest_route=%2Fwp%2Fv2%2Ftags&post=5055"}],"curies":[{"name":"wp","href":"https:\/\/api.w.org\/{rel}","templated":true}]}}