{"id":5077,"date":"2026-04-24T14:21:58","date_gmt":"2026-04-24T18:21:58","guid":{"rendered":"https:\/\/site.ac-martinique.fr\/lyc-paulettenardal\/?p=5077"},"modified":"2026-04-24T14:25:33","modified_gmt":"2026-04-24T18:25:33","slug":"devoilement-du-logo-du-lycee-paulette-nardal","status":"publish","type":"post","link":"https:\/\/site.ac-martinique.fr\/lyc-paulettenardal\/?p=5077","title":{"rendered":"D\u00e9voilement du logo du lyc\u00e9e Paulette Nardal"},"content":{"rendered":"\n<figure class=\"wp-block-image size-large\"><a href=\"https:\/\/site.ac-martinique.fr\/lyc-paulettenardal\/wp-content\/uploads\/sites\/38\/2026\/04\/carte-presentation-logo-nardal.png\"><img fetchpriority=\"high\" decoding=\"async\" width=\"1024\" height=\"587\" src=\"https:\/\/site.ac-martinique.fr\/lyc-paulettenardal\/wp-content\/uploads\/sites\/38\/2026\/04\/carte-presentation-logo-nardal-1024x587.png\" alt=\"\" class=\"wp-image-5078\" srcset=\"https:\/\/site.ac-martinique.fr\/lyc-paulettenardal\/wp-content\/uploads\/sites\/38\/2026\/04\/carte-presentation-logo-nardal-1024x587.png 1024w, https:\/\/site.ac-martinique.fr\/lyc-paulettenardal\/wp-content\/uploads\/sites\/38\/2026\/04\/carte-presentation-logo-nardal-300x172.png 300w, https:\/\/site.ac-martinique.fr\/lyc-paulettenardal\/wp-content\/uploads\/sites\/38\/2026\/04\/carte-presentation-logo-nardal-768x440.png 768w, https:\/\/site.ac-martinique.fr\/lyc-paulettenardal\/wp-content\/uploads\/sites\/38\/2026\/04\/carte-presentation-logo-nardal.png 1420w\" sizes=\"(max-width: 767px) 89vw, (max-width: 1000px) 54vw, (max-width: 1071px) 543px, 580px\" \/><\/a><\/figure>\n\n\n\n<p><strong>Chers \u00e9l\u00e8ves, chers parents, chers membres de la communaut\u00e9 \u00e9ducative,<\/strong><\/p>\n\n\n\n<p>Nous avons le plaisir de vous pr\u00e9senter, \u00e0 la demande de Monsieur Richard CAMPOS, chef d\u2019\u00e9tablissement, le logo de notre lyc\u00e9e Paulette Nardal car toute organisation se doit d\u2019avoir une identit\u00e9 visuelle.<\/p>\n\n\n\n<p>Ce logo, symbole de l\u2019identit\u00e9 et des valeurs de notre \u00e9tablissement, a \u00e9t\u00e9 d\u00e9voil\u00e9 \u00e0 l\u2019occasion des cinq ans du lyc\u00e9e depuis qu\u2019il porte le nom de Paulette Nardal.<\/p>\n\n\n\n<p>Ce logo n\u2019est pas simplement une image : il incarne les valeurs que nous portons et que nous transmettons \u00e0 nos \u00e9l\u00e8ves, dans l\u2019h\u00e9ritage de Paulette Nardal, figure majeure de l\u2019engagement intellectuel, culturel et citoyen.<\/p>\n\n\n\n<p>Il s\u2019articule autour de trois piliers :<\/p>\n\n\n\n<ul class=\"wp-block-list\">\n<li><strong>Excellence :<\/strong> nous \u0153uvrons \u00e0 la r\u00e9ussite de tous les \u00e9l\u00e8ves en alliant exigence et accompagnement. Cela se traduit par d\u2019excellents r\u00e9sultats au baccalaur\u00e9at, des dispositifs inclusifs comme la cr\u00e9ation d\u2019une ULIS, des cours dispens\u00e9s par des enseignants issus de l\u2019\u00c9cole Polytechnique de Belgique apportant ainsi une expertise scientifique de haut niveau, une offre de formations riche et diversifi\u00e9e, la mise en place de cord\u00e9es de la r\u00e9ussite qui encouragent des parcours ambitieux.<\/li>\n\n\n\n<li><strong>International :<\/strong> notre lyc\u00e9e est r\u00e9solument ouvert sur le monde, \u00e0 travers des parcours tels que la section europ\u00e9enne, le BFI ou les DNL ; les projets Erasmus+ et la labellisation Euroscol offrant aux \u00e9l\u00e8ves une v\u00e9ritable ouverture culturelle et linguistique.<\/li>\n\n\n\n<li><strong>Citoyennet\u00e9 :<\/strong> nous formons des citoyens \u00e9clair\u00e9s et responsables dans un climat scolaire serein. Notre engagement est reconnu par plusieurs labels forts : PHARE niveau 3 (lutte contre le harc\u00e8lement), E3D (d\u00e9veloppement durable), \u00c9galit\u00e9 filles-gar\u00e7ons, Euroscol et Edusant\u00e9. Seul lyc\u00e9e labellis\u00e9 PHARE niveau 3, notre \u00e9tablissement se distingue par une politique ambitieuse et coh\u00e9rente, un climat scolaire serein. L\u2019ensemble de nos labels donne lieu \u00e0 des actions concr\u00e8tes et \u00e0 des \u00e9v\u00e9nements r\u00e9guliers, favorisant le respect, l\u2019\u00e9galit\u00e9, l\u2019engagement et l\u2019ouverture des \u00e9l\u00e8ves.<\/li>\n<\/ul>\n\n\n\n<hr class=\"wp-block-separator has-alpha-channel-opacity\"\/>\n\n\n\n<h3 class=\"wp-block-heading\"><strong>Les \u00e9l\u00e9ments du logo<\/strong><\/h3>\n\n\n\n<p>Chaque composante du logo a \u00e9t\u00e9 pens\u00e9e avec attention :<\/p>\n\n\n\n<ul class=\"wp-block-list\">\n<li><strong>Les formes :<\/strong> elles traduisent l\u2019unit\u00e9, la coh\u00e9sion et le dynamisme de notre communaut\u00e9,<\/li>\n\n\n\n<li><strong>Les couleurs :<\/strong> elles symbolisent \u00e0 la fois le savoir, l\u2019\u00e9nergie et l\u2019espoir,<\/li>\n\n\n\n<li><strong>Le style :<\/strong> moderne et lisible, \u00e9l\u00e9gant ; il refl\u00e8te un \u00e9tablissement tourn\u00e9 vers l\u2019avenir.<\/li>\n<\/ul>\n\n\n\n<hr class=\"wp-block-separator has-alpha-channel-opacity\"\/>\n\n\n\n<h3 class=\"wp-block-heading\"><strong>Un projet collectif<\/strong><\/h3>\n\n\n\n<p>Ce logo est le fruit d\u2019un projet collectif autour de l\u2019identit\u00e9 visuelle des organisations impliquant les \u00e9l\u00e8ves de la classe de 1\u00e8re STMG1 encadr\u00e9s par mesdames HOSPICE-LAZZARI et JEAN-MARIE enseignantes en Enseignement Technologique des Langues Vivantes (ETLV).<\/p>\n\n\n\n<p>Il marque une \u00e9tape importante dans la construction d\u2019une identit\u00e9 commune, partag\u00e9e par tous. F\u00e9licitons les \u00e9l\u00e8ves de la classe et plus particuli\u00e8rement AGAT Kylian, BATAILLE-LIN Maxime, ELIE Lyvio et ZAIRE Lwidji qui ont remport\u00e9 le concours et auxquels nous devons notre logo.<\/p>\n\n\n\n<hr class=\"wp-block-separator has-alpha-channel-opacity\"\/>\n\n\n\n<h3 class=\"wp-block-heading\"><strong>Un symbole pour l\u2019avenir<\/strong><\/h3>\n\n\n\n<p>Adopter ce logo, c\u2019est affirmer notre ambition :<\/p>\n\n\n\n<ul class=\"wp-block-list\">\n<li>accompagner chaque \u00e9l\u00e8ve vers la r\u00e9ussite<\/li>\n\n\n\n<li>renforcer le sentiment d\u2019appartenance<\/li>\n\n\n\n<li>porter haut les valeurs de notre \u00e9tablissement<\/li>\n<\/ul>\n\n\n\n<p>Ce logo Nardal est bien plus qu\u2019un visuel : c\u2019est un symbole f\u00e9d\u00e9rateur qui nous rassemble et nous projette ensemble vers l\u2019avenir.<\/p>\n\n\n\n<p>Nous comptons sur chacun pour faire vivre cette identit\u00e9 au quotidien.<\/p>\n\n\n\n<p><strong>Bien cordialement,<\/strong><\/p>\n\n\n\n<p>Sarah HOSPICE-LAZZARI<br>R\u00e9gine JEAN-MARIE<br>Enseignantes porteuses du projet<\/p>\n\n\n\n<hr class=\"wp-block-separator has-alpha-channel-opacity\"\/>\n\n\n\n<p><\/p>\n","protected":false},"excerpt":{"rendered":"<p>Nous avons le plaisir de vous pr\u00e9senter, \u00e0 la demande de Monsieur Richard CAMPOS, chef d\u2019\u00e9tablissement, le logo de notre lyc\u00e9e Paulette Nardal car toute organisation se doit d\u2019avoir une identit\u00e9 visuelle.<\/p>\n","protected":false},"author":187,"featured_media":5079,"comment_status":"closed","ping_status":"closed","sticky":false,"template":"","format":"standard","meta":{"footnotes":""},"categories":[23],"tags":[],"class_list":["post-5077","post","type-post","status-publish","format-standard","has-post-thumbnail","hentry","category-actu"],"_links":{"self":[{"href":"https:\/\/site.ac-martinique.fr\/lyc-paulettenardal\/index.php?rest_route=\/wp\/v2\/posts\/5077","targetHints":{"allow":["GET"]}}],"collection":[{"href":"https:\/\/site.ac-martinique.fr\/lyc-paulettenardal\/index.php?rest_route=\/wp\/v2\/posts"}],"about":[{"href":"https:\/\/site.ac-martinique.fr\/lyc-paulettenardal\/index.php?rest_route=\/wp\/v2\/types\/post"}],"author":[{"embeddable":true,"href":"https:\/\/site.ac-martinique.fr\/lyc-paulettenardal\/index.php?rest_route=\/wp\/v2\/users\/187"}],"replies":[{"embeddable":true,"href":"https:\/\/site.ac-martinique.fr\/lyc-paulettenardal\/index.php?rest_route=%2Fwp%2Fv2%2Fcomments&post=5077"}],"version-history":[{"count":5,"href":"https:\/\/site.ac-martinique.fr\/lyc-paulettenardal\/index.php?rest_route=\/wp\/v2\/posts\/5077\/revisions"}],"predecessor-version":[{"id":5084,"href":"https:\/\/site.ac-martinique.fr\/lyc-paulettenardal\/index.php?rest_route=\/wp\/v2\/posts\/5077\/revisions\/5084"}],"wp:featuredmedia":[{"embeddable":true,"href":"https:\/\/site.ac-martinique.fr\/lyc-paulettenardal\/index.php?rest_route=\/wp\/v2\/media\/5079"}],"wp:attachment":[{"href":"https:\/\/site.ac-martinique.fr\/lyc-paulettenardal\/index.php?rest_route=%2Fwp%2Fv2%2Fmedia&parent=5077"}],"wp:term":[{"taxonomy":"category","embeddable":true,"href":"https:\/\/site.ac-martinique.fr\/lyc-paulettenardal\/index.php?rest_route=%2Fwp%2Fv2%2Fcategories&post=5077"},{"taxonomy":"post_tag","embeddable":true,"href":"https:\/\/site.ac-martinique.fr\/lyc-paulettenardal\/index.php?rest_route=%2Fwp%2Fv2%2Ftags&post=5077"}],"curies":[{"name":"wp","href":"https:\/\/api.w.org\/{rel}","templated":true}]}}