{"id":5222,"date":"2026-08-26T12:05:32","date_gmt":"2026-08-26T16:05:32","guid":{"rendered":"https:\/\/site.ac-martinique.fr\/lyc-paulettenardal\/?p=5222"},"modified":"2026-08-27T18:37:29","modified_gmt":"2026-08-27T22:37:29","slug":"rentree-2026","status":"publish","type":"post","link":"https:\/\/site.ac-martinique.fr\/lyc-paulettenardal\/?p=5222","title":{"rendered":"Rentr\u00e9e 2026"},"content":{"rendered":"\n<p class=\"wp-block-paragraph\">Mesdames, Messieurs,<\/p>\n\n\n\n<p class=\"wp-block-paragraph\">Nous vous prions de trouver dans cet article les modalit\u00e9s d\u2019accueil des \u00e9l\u00e8ves du lyc\u00e9e Paulette Nardal pour la rentr\u00e9e 2026 :<\/p>\n\n\n\n<p class=\"wp-block-paragraph\"><strong>1- Lundi 31 ao\u00fbt : accueil des enseignants<\/strong> (pr\u00e9-rentr\u00e9e) de 7h15 \u00e0 17 heures (avec formation sur les r\u00e9seaux sociaux)<\/p>\n\n\n\n<p class=\"wp-block-paragraph\"><strong>2- Mardi 1er septembre<\/strong> :<\/p>\n\n\n\n<p class=\"wp-block-paragraph\"><strong>Pr\u00e9-rentr\u00e9e 2ndes <\/strong>de 8h \u00e0 11h00 : <br>Accueil, appel des classes et prise en charge des \u00e9l\u00e8ves par le professeur principal et l\u2019\u00e9quipe p\u00e9dagogique (pr\u00e9sentation des : objectifs de l\u2019ann\u00e9e, calendrier scolaire, devoirs communs, exigences de travail, principes de vie commune et r\u00e8glement int\u00e9rieur, usage du t\u00e9l\u00e9phone portable).<br>Visite de l\u2019\u00e9tablissement : r\u00e9fectoire, CDI, plateau sportif, administration, vie scolaire (avec borne de r\u00e9servation des repas pour la demi-pension).<br>Les \u00e9l\u00e8ves seront lib\u00e9r\u00e9s \u00e0 l&rsquo;issue de la matin\u00e9e.<br><strong>Rentr\u00e9e \u00e9tudiants BTS 1 et 2 <\/strong>uniquement le matin :<br>7h15-9h30 : accueil en salle MDL des BTS 1 et 2<br>9h30 : d\u00e9but des cours selon l&#8217;emploi du temps<br>Pas de cours l\u2019apr\u00e8s-midi (formation pour les enseignantes et enseignants)<br><strong>Rentr\u00e9e CPGE 1 et 2 <\/strong>: d\u00e9but des cours \u00e0 7h30.<br>Accueil des \u00e9tudiants des classes pr\u00e9paratoires aux grandes \u00e9coles BCPST toute la journ\u00e9e. La restauration sera possible midi et soir. Ouverture de l&rsquo;internat. Une communication sera faite aux internes sur l&rsquo;heure d&rsquo;accueil \u00e0 l&rsquo;internat.<\/p>\n\n\n\n<p class=\"wp-block-paragraph\"><\/p>\n\n\n\n<p class=\"wp-block-paragraph\"><strong>3- Mercredi 2 septembre<\/strong><\/p>\n\n\n\n<p class=\"wp-block-paragraph\"><strong>Pr\u00e9-rentr\u00e9e des \u00e9l\u00e8ves de terminale :<\/strong><br>7h15-9h30 : accueil, appel des classes et prise en charge par le professeur principal et l\u2019\u00e9quipe p\u00e9dagogique (pr\u00e9sentation des : objectifs de l\u2019ann\u00e9e, calendrier scolaire, devoirs communs, exigences de travail, principes de vie commune et r\u00e8glement int\u00e9rieur, usage du t\u00e9l\u00e9phone portable, baccalaur\u00e9at, Parcoursup, projet Local d\u2019\u00e9valuation&#8230;)<\/p>\n\n\n\n<p class=\"wp-block-paragraph\"><strong>Pr\u00e9-rentr\u00e9e des \u00e9l\u00e8ves de premi\u00e8re :<\/strong><br>9h45 \u2013 11h45 : accueil, appel des classes et prise en charge par le professeur principal et l\u2019\u00e9quipe p\u00e9dagogique (pr\u00e9sentation des : objectifs de l\u2019ann\u00e9e, calendrier scolaire, devoirs communs, exigences de travail, principes de vie commune et r\u00e8glement int\u00e9rieur, usage du t\u00e9l\u00e9phone portable, baccalaur\u00e9at, Parcoursup, Projet Local d\u2019\u00e9valuation&#8230;)<\/p>\n\n\n\n<p class=\"wp-block-paragraph\"><\/p>\n\n\n\n<p class=\"wp-block-paragraph\"><strong>4- Jeudi 3 septembre<\/strong> :  <strong>rentr\u00e9e g\u00e9n\u00e9rale<\/strong> selon les emplois du temps et ouverture de la demi-pension pour tous.<\/p>\n\n\n\n<p class=\"wp-block-paragraph\"><strong>5- Samedi 5 septembre\u00a0: <\/strong><\/p>\n\n\n\n<p class=\"wp-block-paragraph\">7h30 \u00e0 10h30 : r\u00e9union de rentr\u00e9e des parents des \u00e9l\u00e8ves de 2nde <\/p>\n\n\n\n<p class=\"wp-block-paragraph\"><strong>6- Samedi 12 septembre&nbsp;: r\u00e9union de rentr\u00e9e des parents de Premi\u00e8re et Terminale<\/strong><\/p>\n\n\n\n<p class=\"wp-block-paragraph\">7h30 \u00e0 10h30 : r\u00e9union de rentr\u00e9e des parents des \u00e9l\u00e8ves de Premi\u00e8re et Terminale<\/p>\n\n\n\n<p class=\"wp-block-paragraph\"><\/p>\n","protected":false},"excerpt":{"rendered":"<p>Vous trouverez dans cet article la presentation de l&rsquo;organisation de la rentr\u00e9e 2026 au lyc\u00e9e.<\/p>\n","protected":false},"author":187,"featured_media":5223,"comment_status":"closed","ping_status":"closed","sticky":false,"template":"","format":"standard","meta":{"footnotes":""},"categories":[23],"tags":[],"class_list":["post-5222","post","type-post","status-publish","format-standard","has-post-thumbnail","hentry","category-actu"],"_links":{"self":[{"href":"https:\/\/site.ac-martinique.fr\/lyc-paulettenardal\/index.php?rest_route=\/wp\/v2\/posts\/5222","targetHints":{"allow":["GET"]}}],"collection":[{"href":"https:\/\/site.ac-martinique.fr\/lyc-paulettenardal\/index.php?rest_route=\/wp\/v2\/posts"}],"about":[{"href":"https:\/\/site.ac-martinique.fr\/lyc-paulettenardal\/index.php?rest_route=\/wp\/v2\/types\/post"}],"author":[{"embeddable":true,"href":"https:\/\/site.ac-martinique.fr\/lyc-paulettenardal\/index.php?rest_route=\/wp\/v2\/users\/187"}],"replies":[{"embeddable":true,"href":"https:\/\/site.ac-martinique.fr\/lyc-paulettenardal\/index.php?rest_route=%2Fwp%2Fv2%2Fcomments&post=5222"}],"version-history":[{"count":8,"href":"https:\/\/site.ac-martinique.fr\/lyc-paulettenardal\/index.php?rest_route=\/wp\/v2\/posts\/5222\/revisions"}],"predecessor-version":[{"id":5240,"href":"https:\/\/site.ac-martinique.fr\/lyc-paulettenardal\/index.php?rest_route=\/wp\/v2\/posts\/5222\/revisions\/5240"}],"wp:featuredmedia":[{"embeddable":true,"href":"https:\/\/site.ac-martinique.fr\/lyc-paulettenardal\/index.php?rest_route=\/wp\/v2\/media\/5223"}],"wp:attachment":[{"href":"https:\/\/site.ac-martinique.fr\/lyc-paulettenardal\/index.php?rest_route=%2Fwp%2Fv2%2Fmedia&parent=5222"}],"wp:term":[{"taxonomy":"category","embeddable":true,"href":"https:\/\/site.ac-martinique.fr\/lyc-paulettenardal\/index.php?rest_route=%2Fwp%2Fv2%2Fcategories&post=5222"},{"taxonomy":"post_tag","embeddable":true,"href":"https:\/\/site.ac-martinique.fr\/lyc-paulettenardal\/index.php?rest_route=%2Fwp%2Fv2%2Ftags&post=5222"}],"curies":[{"name":"wp","href":"https:\/\/api.w.org\/{rel}","templated":true}]}}