{"id":5241,"date":"2026-09-04T11:59:23","date_gmt":"2026-09-04T15:59:23","guid":{"rendered":"https:\/\/site.ac-martinique.fr\/lyc-paulettenardal\/?p=5241"},"modified":"2026-09-04T11:59:23","modified_gmt":"2026-09-04T15:59:23","slug":"reunions-de-rentree-des-parents-deleves","status":"publish","type":"post","link":"https:\/\/site.ac-martinique.fr\/lyc-paulettenardal\/?p=5241","title":{"rendered":"R\u00e9unions de rentr\u00e9e des parents d&rsquo;\u00e9l\u00e8ves"},"content":{"rendered":"\n<p class=\"wp-block-paragraph\"><strong>Samedi 5 septembre 2026\u00a0:<\/strong><\/p>\n\n\n\n<p class=\"wp-block-paragraph\">7h30 \u00e0 10h30 : r\u00e9union de rentr\u00e9e des parents des \u00e9l\u00e8ves de 2nde<\/p>\n\n\n\n<p class=\"wp-block-paragraph\"><strong>Samedi 12 septembre 2026\u00a0: r\u00e9union de rentr\u00e9e des parents de Premi\u00e8re et Terminale<\/strong><\/p>\n\n\n\n<p class=\"wp-block-paragraph\">7h30 \u00e0 10h30 : r\u00e9union de rentr\u00e9e des parents des \u00e9l\u00e8ves de Premi\u00e8re et Terminale<\/p>\n\n\n\n<p class=\"wp-block-paragraph\"><\/p>\n","protected":false},"excerpt":{"rendered":"<p>Samedi 5 septembre 2026\u00a0: 7h30 \u00e0 10h30 : r\u00e9union de rentr\u00e9e des parents des \u00e9l\u00e8ves de 2nde Samedi 12 septembre &hellip; <\/p>\n<p class=\"link-more\"><a href=\"https:\/\/site.ac-martinique.fr\/lyc-paulettenardal\/?p=5241\" class=\"more-link\">Lire la suite&#8230;<span class=\"screen-reader-text\"> \u00ab\u00a0R\u00e9unions de rentr\u00e9e des parents d&rsquo;\u00e9l\u00e8ves\u00a0\u00bb<\/span><\/a><\/p>\n","protected":false},"author":635,"featured_media":0,"comment_status":"closed","ping_status":"closed","sticky":false,"template":"","format":"standard","meta":{"footnotes":""},"categories":[23],"tags":[],"class_list":["post-5241","post","type-post","status-publish","format-standard","hentry","category-actu"],"_links":{"self":[{"href":"https:\/\/site.ac-martinique.fr\/lyc-paulettenardal\/index.php?rest_route=\/wp\/v2\/posts\/5241","targetHints":{"allow":["GET"]}}],"collection":[{"href":"https:\/\/site.ac-martinique.fr\/lyc-paulettenardal\/index.php?rest_route=\/wp\/v2\/posts"}],"about":[{"href":"https:\/\/site.ac-martinique.fr\/lyc-paulettenardal\/index.php?rest_route=\/wp\/v2\/types\/post"}],"author":[{"embeddable":true,"href":"https:\/\/site.ac-martinique.fr\/lyc-paulettenardal\/index.php?rest_route=\/wp\/v2\/users\/635"}],"replies":[{"embeddable":true,"href":"https:\/\/site.ac-martinique.fr\/lyc-paulettenardal\/index.php?rest_route=%2Fwp%2Fv2%2Fcomments&post=5241"}],"version-history":[{"count":1,"href":"https:\/\/site.ac-martinique.fr\/lyc-paulettenardal\/index.php?rest_route=\/wp\/v2\/posts\/5241\/revisions"}],"predecessor-version":[{"id":5242,"href":"https:\/\/site.ac-martinique.fr\/lyc-paulettenardal\/index.php?rest_route=\/wp\/v2\/posts\/5241\/revisions\/5242"}],"wp:attachment":[{"href":"https:\/\/site.ac-martinique.fr\/lyc-paulettenardal\/index.php?rest_route=%2Fwp%2Fv2%2Fmedia&parent=5241"}],"wp:term":[{"taxonomy":"category","embeddable":true,"href":"https:\/\/site.ac-martinique.fr\/lyc-paulettenardal\/index.php?rest_route=%2Fwp%2Fv2%2Fcategories&post=5241"},{"taxonomy":"post_tag","embeddable":true,"href":"https:\/\/site.ac-martinique.fr\/lyc-paulettenardal\/index.php?rest_route=%2Fwp%2Fv2%2Ftags&post=5241"}],"curies":[{"name":"wp","href":"https:\/\/api.w.org\/{rel}","templated":true}]}}