{"id":1753,"date":"2018-04-24T22:03:08","date_gmt":"2018-04-24T21:03:08","guid":{"rendered":"\/lyc-raymondneris\/?p=1753"},"modified":"2018-04-24T22:03:08","modified_gmt":"2018-04-24T21:03:08","slug":"championnat-inter-lyceecfa-2018","status":"publish","type":"post","link":"https:\/\/site.ac-martinique.fr\/lyc-raymondneris\/?p=1753","title":{"rendered":"CHAMPIONNAT INTER LYCEE\/CFA 2018"},"content":{"rendered":"<p>Le lyc\u00e9e Raymond N\u00e9ris est class\u00e9 deuxi\u00e8me au\u00a0 championnat inter lyc\u00e9e des m\u00e9tiers du b\u00e2timent des 19 et 20 avril 2018<br \/>\n<a href=\"\/lyc-raymondneris\/?attachment_id=1747\" rel=\"attachment wp-att-1747\"><img loading=\"lazy\" decoding=\"async\" class=\"alignnone size-full wp-image-1747\" src=\"\/lyc-raymondneris\/wp-content\/uploads\/sites\/40\/2018\/04\/Image1.jpg\" alt=\"\" width=\"315\" height=\"179\" srcset=\"https:\/\/site.ac-martinique.fr\/lyc-raymondneris\/wp-content\/uploads\/sites\/40\/2018\/04\/Image1.jpg 315w, https:\/\/site.ac-martinique.fr\/lyc-raymondneris\/wp-content\/uploads\/sites\/40\/2018\/04\/Image1-300x170.jpg 300w\" sizes=\"auto, (max-width: 315px) 100vw, 315px\" \/><\/a><\/p>\n<p><a href=\"\/lyc-raymondneris\/wp-content\/uploads\/sites\/40\/2018\/04\/championnat-inter-lyc\u00e9e-2018.pdf\" target=\"_blank\">Voir le diaporama<\/a><\/p>\n","protected":false},"excerpt":{"rendered":"<p>Le lyc\u00e9e Raymond N\u00e9ris est class\u00e9 deuxi\u00e8me au\u00a0 championnat inter lyc\u00e9e des m\u00e9tiers du b\u00e2timent des 19 et 20 avril 2018 Voir le diaporama<\/p>\n","protected":false},"author":101,"featured_media":0,"comment_status":"closed","ping_status":"closed","sticky":false,"template":"","format":"standard","meta":{"footnotes":""},"categories":[1],"tags":[],"class_list":["post-1753","post","type-post","status-publish","format-standard","hentry","category-non-classe"],"_links":{"self":[{"href":"https:\/\/site.ac-martinique.fr\/lyc-raymondneris\/index.php?rest_route=\/wp\/v2\/posts\/1753","targetHints":{"allow":["GET"]}}],"collection":[{"href":"https:\/\/site.ac-martinique.fr\/lyc-raymondneris\/index.php?rest_route=\/wp\/v2\/posts"}],"about":[{"href":"https:\/\/site.ac-martinique.fr\/lyc-raymondneris\/index.php?rest_route=\/wp\/v2\/types\/post"}],"author":[{"embeddable":true,"href":"https:\/\/site.ac-martinique.fr\/lyc-raymondneris\/index.php?rest_route=\/wp\/v2\/users\/101"}],"replies":[{"embeddable":true,"href":"https:\/\/site.ac-martinique.fr\/lyc-raymondneris\/index.php?rest_route=%2Fwp%2Fv2%2Fcomments&post=1753"}],"version-history":[{"count":1,"href":"https:\/\/site.ac-martinique.fr\/lyc-raymondneris\/index.php?rest_route=\/wp\/v2\/posts\/1753\/revisions"}],"predecessor-version":[{"id":1754,"href":"https:\/\/site.ac-martinique.fr\/lyc-raymondneris\/index.php?rest_route=\/wp\/v2\/posts\/1753\/revisions\/1754"}],"wp:attachment":[{"href":"https:\/\/site.ac-martinique.fr\/lyc-raymondneris\/index.php?rest_route=%2Fwp%2Fv2%2Fmedia&parent=1753"}],"wp:term":[{"taxonomy":"category","embeddable":true,"href":"https:\/\/site.ac-martinique.fr\/lyc-raymondneris\/index.php?rest_route=%2Fwp%2Fv2%2Fcategories&post=1753"},{"taxonomy":"post_tag","embeddable":true,"href":"https:\/\/site.ac-martinique.fr\/lyc-raymondneris\/index.php?rest_route=%2Fwp%2Fv2%2Ftags&post=1753"}],"curies":[{"name":"wp","href":"https:\/\/api.w.org\/{rel}","templated":true}]}}