{"id":2313,"date":"2019-08-28T02:45:23","date_gmt":"2019-08-28T01:45:23","guid":{"rendered":"\/lyc-raymondneris\/?p=2313"},"modified":"2019-08-28T02:45:23","modified_gmt":"2019-08-28T01:45:23","slug":"rentree-scolaire-20192020","status":"publish","type":"post","link":"https:\/\/site.ac-martinique.fr\/lyc-raymondneris\/?p=2313","title":{"rendered":"RENTR\u00c9E SCOLAIRE 2019\/2020"},"content":{"rendered":"<p><a href=\"\/lyc-raymondneris\/?attachment_id=2311\" rel=\"attachment wp-att-2311\"><img loading=\"lazy\" decoding=\"async\" class=\"alignnone  wp-image-2311\" src=\"\/lyc-raymondneris\/wp-content\/uploads\/sites\/40\/2019\/08\/Rentree_classes_800x450.jpg\" alt=\"\" width=\"215\" height=\"121\" srcset=\"https:\/\/site.ac-martinique.fr\/lyc-raymondneris\/wp-content\/uploads\/sites\/40\/2019\/08\/Rentree_classes_800x450.jpg 664w, https:\/\/site.ac-martinique.fr\/lyc-raymondneris\/wp-content\/uploads\/sites\/40\/2019\/08\/Rentree_classes_800x450-300x169.jpg 300w, https:\/\/site.ac-martinique.fr\/lyc-raymondneris\/wp-content\/uploads\/sites\/40\/2019\/08\/Rentree_classes_800x450-600x338.jpg 600w\" sizes=\"auto, (max-width: 215px) 100vw, 215px\" \/><\/a><\/p>\n<p><a href=\"\/lyc-raymondneris\/wp-content\/uploads\/sites\/40\/2019\/08\/site-web-rentr\u00e9e-2019.pdf\" target=\"_blank\">Visualiser le planning de la rentr\u00e9e au lyc\u00e9e Raymond N\u00e9ris<\/a><\/p>\n","protected":false},"excerpt":{"rendered":"<p>Visualiser le planning de la rentr\u00e9e au lyc\u00e9e Raymond N\u00e9ris<\/p>\n","protected":false},"author":101,"featured_media":0,"comment_status":"closed","ping_status":"closed","sticky":false,"template":"","format":"standard","meta":{"footnotes":""},"categories":[1],"tags":[],"class_list":["post-2313","post","type-post","status-publish","format-standard","hentry","category-non-classe"],"_links":{"self":[{"href":"https:\/\/site.ac-martinique.fr\/lyc-raymondneris\/index.php?rest_route=\/wp\/v2\/posts\/2313","targetHints":{"allow":["GET"]}}],"collection":[{"href":"https:\/\/site.ac-martinique.fr\/lyc-raymondneris\/index.php?rest_route=\/wp\/v2\/posts"}],"about":[{"href":"https:\/\/site.ac-martinique.fr\/lyc-raymondneris\/index.php?rest_route=\/wp\/v2\/types\/post"}],"author":[{"embeddable":true,"href":"https:\/\/site.ac-martinique.fr\/lyc-raymondneris\/index.php?rest_route=\/wp\/v2\/users\/101"}],"replies":[{"embeddable":true,"href":"https:\/\/site.ac-martinique.fr\/lyc-raymondneris\/index.php?rest_route=%2Fwp%2Fv2%2Fcomments&post=2313"}],"version-history":[{"count":2,"href":"https:\/\/site.ac-martinique.fr\/lyc-raymondneris\/index.php?rest_route=\/wp\/v2\/posts\/2313\/revisions"}],"predecessor-version":[{"id":2315,"href":"https:\/\/site.ac-martinique.fr\/lyc-raymondneris\/index.php?rest_route=\/wp\/v2\/posts\/2313\/revisions\/2315"}],"wp:attachment":[{"href":"https:\/\/site.ac-martinique.fr\/lyc-raymondneris\/index.php?rest_route=%2Fwp%2Fv2%2Fmedia&parent=2313"}],"wp:term":[{"taxonomy":"category","embeddable":true,"href":"https:\/\/site.ac-martinique.fr\/lyc-raymondneris\/index.php?rest_route=%2Fwp%2Fv2%2Fcategories&post=2313"},{"taxonomy":"post_tag","embeddable":true,"href":"https:\/\/site.ac-martinique.fr\/lyc-raymondneris\/index.php?rest_route=%2Fwp%2Fv2%2Ftags&post=2313"}],"curies":[{"name":"wp","href":"https:\/\/api.w.org\/{rel}","templated":true}]}}