{"id":2443,"date":"2019-12-02T01:57:40","date_gmt":"2019-12-02T00:57:40","guid":{"rendered":"\/lyc-raymondneris\/?p=2443"},"modified":"2019-12-02T01:57:40","modified_gmt":"2019-12-02T00:57:40","slug":"telethon","status":"publish","type":"post","link":"https:\/\/site.ac-martinique.fr\/lyc-raymondneris\/?p=2443","title":{"rendered":"TELETHON"},"content":{"rendered":"<p><a href=\"\/lyc-raymondneris\/?attachment_id=2445\" rel=\"attachment wp-att-2445\"><img loading=\"lazy\" decoding=\"async\" class=\"alignnone  wp-image-2445\" src=\"\/lyc-raymondneris\/wp-content\/uploads\/sites\/40\/2019\/12\/IMG_0097bis.jpg\" alt=\"\" width=\"519\" height=\"389\" \/><\/a><\/p>\n<p>Participation du lyc\u00e9e Professionnel Raymond N\u00e9ris \u00e0 la conf\u00e9rence de presse AFM TELETHON vendredi 29 novembre. Pr\u00e9sentation du projet LP NERIS et de la cha\u00eene humaine de la cit\u00e9 scolaire\u00a0<img \/>&#8212;<\/p>\n","protected":false},"excerpt":{"rendered":"<p>Participation du lyc\u00e9e Professionnel Raymond N\u00e9ris \u00e0 la conf\u00e9rence de presse AFM TELETHON vendredi 29 novembre. Pr\u00e9sentation du projet LP NERIS et de la cha\u00eene humaine de la cit\u00e9 scolaire\u00a0&#8212;<\/p>\n","protected":false},"author":101,"featured_media":0,"comment_status":"closed","ping_status":"closed","sticky":false,"template":"","format":"standard","meta":{"footnotes":""},"categories":[1],"tags":[],"class_list":["post-2443","post","type-post","status-publish","format-standard","hentry","category-non-classe"],"_links":{"self":[{"href":"https:\/\/site.ac-martinique.fr\/lyc-raymondneris\/index.php?rest_route=\/wp\/v2\/posts\/2443","targetHints":{"allow":["GET"]}}],"collection":[{"href":"https:\/\/site.ac-martinique.fr\/lyc-raymondneris\/index.php?rest_route=\/wp\/v2\/posts"}],"about":[{"href":"https:\/\/site.ac-martinique.fr\/lyc-raymondneris\/index.php?rest_route=\/wp\/v2\/types\/post"}],"author":[{"embeddable":true,"href":"https:\/\/site.ac-martinique.fr\/lyc-raymondneris\/index.php?rest_route=\/wp\/v2\/users\/101"}],"replies":[{"embeddable":true,"href":"https:\/\/site.ac-martinique.fr\/lyc-raymondneris\/index.php?rest_route=%2Fwp%2Fv2%2Fcomments&post=2443"}],"version-history":[{"count":1,"href":"https:\/\/site.ac-martinique.fr\/lyc-raymondneris\/index.php?rest_route=\/wp\/v2\/posts\/2443\/revisions"}],"predecessor-version":[{"id":2446,"href":"https:\/\/site.ac-martinique.fr\/lyc-raymondneris\/index.php?rest_route=\/wp\/v2\/posts\/2443\/revisions\/2446"}],"wp:attachment":[{"href":"https:\/\/site.ac-martinique.fr\/lyc-raymondneris\/index.php?rest_route=%2Fwp%2Fv2%2Fmedia&parent=2443"}],"wp:term":[{"taxonomy":"category","embeddable":true,"href":"https:\/\/site.ac-martinique.fr\/lyc-raymondneris\/index.php?rest_route=%2Fwp%2Fv2%2Fcategories&post=2443"},{"taxonomy":"post_tag","embeddable":true,"href":"https:\/\/site.ac-martinique.fr\/lyc-raymondneris\/index.php?rest_route=%2Fwp%2Fv2%2Ftags&post=2443"}],"curies":[{"name":"wp","href":"https:\/\/api.w.org\/{rel}","templated":true}]}}