{"id":2459,"date":"2019-12-14T14:24:01","date_gmt":"2019-12-14T13:24:01","guid":{"rendered":"\/lyc-raymondneris\/?p=2459"},"modified":"2019-12-14T14:24:01","modified_gmt":"2019-12-14T13:24:01","slug":"forum-insertion-professionnelle","status":"publish","type":"post","link":"https:\/\/site.ac-martinique.fr\/lyc-raymondneris\/?p=2459","title":{"rendered":"FORUM INSERTION PROFESSIONNELLE"},"content":{"rendered":"<p><b>Du 6 au 9 d\u00e9cembre 2019, s\u2019est tenu un forum sur l\u2019insertion professionnelle au lyc\u00e9e\u00a0 Raymond <\/b><b>N\u00e9ris autour d&rsquo;un petit d\u00e9jeuner.<\/b><\/p>\n<p><a href=\"\/lyc-raymondneris\/?attachment_id=2460\" rel=\"attachment wp-att-2460\"><img loading=\"lazy\" decoding=\"async\" class=\"alignnone  wp-image-2460\" src=\"\/lyc-raymondneris\/wp-content\/uploads\/sites\/40\/2019\/12\/p-dej1.jpg\" alt=\"\" width=\"235\" height=\"178\" srcset=\"https:\/\/site.ac-martinique.fr\/lyc-raymondneris\/wp-content\/uploads\/sites\/40\/2019\/12\/p-dej1.jpg 349w, https:\/\/site.ac-martinique.fr\/lyc-raymondneris\/wp-content\/uploads\/sites\/40\/2019\/12\/p-dej1-300x227.jpg 300w\" sizes=\"auto, (max-width: 235px) 100vw, 235px\" \/><\/a><\/p>\n<p>Cette manifestation organis\u00e9e par l\u2019\u00e9quipe p\u00e9dagogique de la terminale BP,\u00a0 Mmes PLACIDE, SARTORY, BEDACIER et LARGEN, r\u00e9pondait \u00e0 deux objectifs:<\/p>\n<ul>\n<li>Les valeurs nutritives d\u2019un petit-d\u00e9jeuner :<br \/>\n-Sensibiliser aux cons\u00e9quences n\u00e9fastes sur l\u2019organisme d\u2019une mauvaise nutrition dans le but d\u2019infl\u00e9chir les attitudes individuelles<\/li>\n<\/ul>\n<ul>\n<li>La formation professionnelle :<br \/>\n-Mieux pr\u00e9parer leur avenir professionnel par les \u00e9changes<br \/>\n&#8211; Am\u00e9liorer leur savoir \u00eatre par la prise de parole<br \/>\n&#8211; Optimiser leur chances d\u2019int\u00e9grer le march\u00e9 de l\u2019emploi<br \/>\n&#8211; Accroitre leur motivation en cr\u00e9ant un partenariat avec des organismes de formation\u00a0 : P\u00f4le emploi, la Mission Locale et des professionnels<br \/>\n&#8211; Les bacheliers boulangers p\u00e2tissiers ne peuvent pas pr\u00e9tendre \u00e0 une poursuite d\u2019\u00e9tude<br \/>\n<span style=\"color: #0000ff;\"><a style=\"color: #0000ff;\" href=\"\/lyc-raymondneris\/wp-content\/uploads\/sites\/40\/2019\/12\/AUTOUR-D\u2019UN-PETIT-DEJEUNER.pdf\" target=\"_blank\"><strong>Voir le diaporama de l&rsquo;action<\/strong><\/a><\/span><\/li>\n<\/ul>\n","protected":false},"excerpt":{"rendered":"<p>Du 6 au 9 d\u00e9cembre 2019, s\u2019est tenu un forum sur l\u2019insertion professionnelle au lyc\u00e9e\u00a0 Raymond N\u00e9ris autour d&rsquo;un petit d\u00e9jeuner. Cette manifestation organis\u00e9e par l\u2019\u00e9quipe p\u00e9dagogique de la terminale BP,\u00a0 Mmes PLACIDE, SARTORY, BEDACIER et LARGEN, r\u00e9pondait \u00e0 deux &hellip; <a href=\"https:\/\/site.ac-martinique.fr\/lyc-raymondneris\/?p=2459\">Continuer la lecture <span class=\"meta-nav\">&rarr;<\/span><\/a><\/p>\n","protected":false},"author":101,"featured_media":0,"comment_status":"closed","ping_status":"closed","sticky":false,"template":"","format":"standard","meta":{"footnotes":""},"categories":[1],"tags":[],"class_list":["post-2459","post","type-post","status-publish","format-standard","hentry","category-non-classe"],"_links":{"self":[{"href":"https:\/\/site.ac-martinique.fr\/lyc-raymondneris\/index.php?rest_route=\/wp\/v2\/posts\/2459","targetHints":{"allow":["GET"]}}],"collection":[{"href":"https:\/\/site.ac-martinique.fr\/lyc-raymondneris\/index.php?rest_route=\/wp\/v2\/posts"}],"about":[{"href":"https:\/\/site.ac-martinique.fr\/lyc-raymondneris\/index.php?rest_route=\/wp\/v2\/types\/post"}],"author":[{"embeddable":true,"href":"https:\/\/site.ac-martinique.fr\/lyc-raymondneris\/index.php?rest_route=\/wp\/v2\/users\/101"}],"replies":[{"embeddable":true,"href":"https:\/\/site.ac-martinique.fr\/lyc-raymondneris\/index.php?rest_route=%2Fwp%2Fv2%2Fcomments&post=2459"}],"version-history":[{"count":1,"href":"https:\/\/site.ac-martinique.fr\/lyc-raymondneris\/index.php?rest_route=\/wp\/v2\/posts\/2459\/revisions"}],"predecessor-version":[{"id":2462,"href":"https:\/\/site.ac-martinique.fr\/lyc-raymondneris\/index.php?rest_route=\/wp\/v2\/posts\/2459\/revisions\/2462"}],"wp:attachment":[{"href":"https:\/\/site.ac-martinique.fr\/lyc-raymondneris\/index.php?rest_route=%2Fwp%2Fv2%2Fmedia&parent=2459"}],"wp:term":[{"taxonomy":"category","embeddable":true,"href":"https:\/\/site.ac-martinique.fr\/lyc-raymondneris\/index.php?rest_route=%2Fwp%2Fv2%2Fcategories&post=2459"},{"taxonomy":"post_tag","embeddable":true,"href":"https:\/\/site.ac-martinique.fr\/lyc-raymondneris\/index.php?rest_route=%2Fwp%2Fv2%2Ftags&post=2459"}],"curies":[{"name":"wp","href":"https:\/\/api.w.org\/{rel}","templated":true}]}}