{"id":2513,"date":"2020-02-11T16:28:16","date_gmt":"2020-02-11T15:28:16","guid":{"rendered":"\/lyc-raymondneris\/?p=2513"},"modified":"2023-04-14T23:24:49","modified_gmt":"2023-04-14T22:24:49","slug":"projet-le-cheveu-crepu-au-fil-du-temps","status":"publish","type":"post","link":"https:\/\/site.ac-martinique.fr\/lyc-raymondneris\/?p=2513","title":{"rendered":"PROJET \u00ab\u00a0LE CHEVEU CR\u00c9PU AU FIL DU TEMPS\u00a0\u00bb"},"content":{"rendered":"<h3>Sur la proposition de Madame Line-Rose JOSIEN, dans\u00a0le cadre du Chef d&rsquo;\u0153uvre en CAP COIF , l&rsquo;\u00e9quipe p\u00e9dagogique a mis en place un projet intitul\u00e9<br \/><strong>\u00ab\u00a0le cheveu cr\u00e9pu au fil du temps, Sublimation, Rejet et R\u00e9habilitation\u00a0\u00bb<\/strong><\/h3>\n<ul>\n<li><strong>Pilote de projet : Danielle AURORE (professeur d&rsquo;Arts Appliqu\u00e9s)<\/strong><\/li>\n<li>Guylaine SALOMON (professeur Documentaliste)<\/li>\n<li>Danny GIRIER-DUFOURNIER (professeur de Technologie de la Coiffure)<\/li>\n<li>Line-Rose JOSIEN (intervenante Sp\u00e9cialiste du cheveu cr\u00e9pu)<\/li>\n<li>Gaston BARRASTE (intervenant th\u00e9\u00e2tre et art th\u00e9rapeute)<\/li>\n<li>Rosalie MONROSE (Charg\u00e9e de communication aupr\u00e8s des m\u00e9dias)<\/li>\n<\/ul>\n<p>Ce projet a \u00e9t\u00e9 pr\u00e9sent\u00e9 le 19 mai 2020 sous le parrainage de Madame Juliette SMERALDA<\/p>\n<p>L&rsquo;exposition sera visible du 10 au 30 juin 2021\u00a0 <a href=\"https:\/\/www.facebook.com\/100009463589689\/posts\/3049857588672997\/?d=n&amp;form=MY01SV&amp;OCID=MY01SV\" target=\"_blank\" rel=\"noopener\">au centre culturel Vincent Placoly du Marin<\/a>,\u00a0<\/p>\n<p><strong>Notre projet \u00e0 obtenu le Grand prix du jury pour <a href=\"https:\/\/www.fondationcolbert.fr\/concours-de-chef-doeuvre\/\" target=\"_blank\" rel=\"noopener\">le concours de chef d&rsquo;\u0153uvre de l&rsquo;institut de France- Fondation Colbert le 13 juillet 2021\u00a0<\/a><\/strong><\/p>\n<ul>\n<li><a href=\"https:\/\/site.ac-martinique.fr\/lyc-raymondneris\/?p=3466\" target=\"_blank\" rel=\"noopener\">Voir l&rsquo;article sur la remise des prix<\/a><\/li>\n<li><a href=\"https:\/\/site.ac-martinique.fr\/lyc-raymondneris\/wp-content\/uploads\/sites\/40\/2021\/06\/le-projet-en-image.pdf\" target=\"_blank\" rel=\"noopener\">Le projet en image<\/a><\/li>\n<li><a href=\"https:\/\/tube-outremer.beta.education.fr\/videos\/watch\/32bb5016-df55-49fe-b321-401d85dd1b58\" target=\"_blank\" rel=\"noopener\">R\u00e9sum\u00e9 du projet en vid\u00e9o\u00a0 \u00a0<\/a><\/li>\n<li><a href=\"https:\/\/webdaur.wordpress.com\/\" target=\"_blank\" rel=\"noopener\">Voir le blog du projet <\/a><\/li>\n<li><a href=\"https:\/\/tube-numerique-educatif.apps.education.fr\/w\/7mwjDVZuCxE5ZYUtYcmKf1\" target=\"_blank\" rel=\"noopener\">Voir la bande annonce du projet<\/a><\/li>\n<li><a href=\"https:\/\/site.ac-martinique.fr\/lyc-raymondneris\/wp-content\/uploads\/sites\/40\/2021\/07\/Lettre-pr-Charles-Nicoles-aux-eleves-Lycee-R-NERIS.pdf\" target=\"_blank\" rel=\"noopener\">Voir le mot du Professeur Charles-Nicolas<\/a><\/li>\n<li><a href=\"https:\/\/www.rci.fm\/martinique\/infos\/Education\/AUDIO-Le-cheveu-crepu-au-coeur-dune-exposition-creee-par-les-eleves-du-lycee#\" target=\"_blank\" rel=\"noopener\">Voir le reportage de RCI<\/a><\/li>\n<li><a href=\"https:\/\/site.ac-martinique.fr\/lyc-raymondneris\/wp-content\/uploads\/sites\/40\/2021\/06\/France-Antilles.pdf\" target=\"_blank\" rel=\"noopener\">Voir l&rsquo;article du France Antilles<\/a><\/li>\n<li><a href=\"https:\/\/site.ac-martinique.fr\/lyc-raymondneris\/?page_id=3258\" target=\"_blank\" rel=\"noopener\">Atelier oralit\u00e9 avec Monsieur Gaston BARRASTE \u00a0<\/a><a href=\"https:\/\/site.ac-martinique.fr\/lyc-raymondneris\/?page_id=3258\" target=\"_blank\" rel=\"noopener\">(intervenant th\u00e9\u00e2tre)\u00a0<\/a><\/li>\n<li><a href=\"\/lyc-raymondneris\/wp-content\/uploads\/sites\/40\/2020\/07\/Les-t\u00eates-d\u00e9tude.pdf\" target=\"_blank\" rel=\"noopener\">Voir la pr\u00e9paration des t\u00eates d&rsquo;\u00e9tude pour le projet <\/a><\/li>\n<li><strong><a href=\"\/lyc-raymondneris\/wp-content\/uploads\/sites\/40\/2020\/02\/Projet-CHEVEU-CREPU-au-fil-du-temps-2.pdf\" target=\"_blank\" rel=\"noopener\">Voir la pr\u00e9sentation initiale du projet<\/a><\/strong><\/li>\n<\/ul>\n<p><a href=\"\/lyc-raymondneris\/?attachment_id=2914\" rel=\"attachment wp-att-2914\"><img loading=\"lazy\" decoding=\"async\" class=\"alignnone wp-image-2914\" src=\"\/lyc-raymondneris\/wp-content\/uploads\/sites\/40\/2020\/07\/SJQD1082.jpg\" alt=\"\" width=\"381\" height=\"214\" srcset=\"https:\/\/site.ac-martinique.fr\/lyc-raymondneris\/wp-content\/uploads\/sites\/40\/2020\/07\/SJQD1082.jpg 1280w, https:\/\/site.ac-martinique.fr\/lyc-raymondneris\/wp-content\/uploads\/sites\/40\/2020\/07\/SJQD1082-300x169.jpg 300w, https:\/\/site.ac-martinique.fr\/lyc-raymondneris\/wp-content\/uploads\/sites\/40\/2020\/07\/SJQD1082-768x432.jpg 768w, https:\/\/site.ac-martinique.fr\/lyc-raymondneris\/wp-content\/uploads\/sites\/40\/2020\/07\/SJQD1082-1024x576.jpg 1024w, https:\/\/site.ac-martinique.fr\/lyc-raymondneris\/wp-content\/uploads\/sites\/40\/2020\/07\/SJQD1082-600x338.jpg 600w\" sizes=\"auto, (max-width: 381px) 100vw, 381px\" \/><\/a><a href=\"\/lyc-raymondneris\/?attachment_id=2915\" rel=\"attachment wp-att-2915\"><img loading=\"lazy\" decoding=\"async\" class=\"alignnone wp-image-2915\" src=\"\/lyc-raymondneris\/wp-content\/uploads\/sites\/40\/2020\/07\/HJRS3949.jpg\" alt=\"\" width=\"162\" height=\"216\" srcset=\"https:\/\/site.ac-martinique.fr\/lyc-raymondneris\/wp-content\/uploads\/sites\/40\/2020\/07\/HJRS3949.jpg 960w, https:\/\/site.ac-martinique.fr\/lyc-raymondneris\/wp-content\/uploads\/sites\/40\/2020\/07\/HJRS3949-225x300.jpg 225w, https:\/\/site.ac-martinique.fr\/lyc-raymondneris\/wp-content\/uploads\/sites\/40\/2020\/07\/HJRS3949-768x1024.jpg 768w, https:\/\/site.ac-martinique.fr\/lyc-raymondneris\/wp-content\/uploads\/sites\/40\/2020\/07\/HJRS3949-600x800.jpg 600w\" sizes=\"auto, (max-width: 162px) 100vw, 162px\" \/><\/a><\/p>\n<ul>\n<li><strong>Le 07 janvier 2020<\/strong>, la sociologue Juliette SMERALDA est venue au Lyc\u00e9e Raymond N\u00e9ris afin d&rsquo;aborder avec les \u00e9l\u00e8ves certains points sur l&rsquo;histoire du cheveu cr\u00e9pu.<br \/><a href=\"\/lyc-raymondneris\/wp-content\/uploads\/sites\/40\/2020\/02\/rencontre-du-07-01-20-Juliette-Smeralda.pdf\" target=\"_blank\" rel=\"noopener\">Voir la rencontre du 07\/01\/20<\/a><\/li>\n<li><strong>Le mardi 10 mars 2020<\/strong>, Kofi Jicho Kopo est venu partager ses connaissances sur les coiffures de l&rsquo;Afrique Imp\u00e9riale.<br \/><a href=\"\/lyc-raymondneris\/wp-content\/uploads\/sites\/40\/2020\/06\/Cpte-rendu-Projet-CHEVEU-CREPU-KOFI-10-03-20.pdf\" target=\"_blank\" rel=\"noopener\">Voir la rencontre du 10\/03\/20<\/a><\/li>\n<\/ul>\n\n\n<p><\/p>\n","protected":false},"excerpt":{"rendered":"<p>Sur la proposition de Madame Line-Rose JOSIEN, dans\u00a0le cadre du Chef d&rsquo;\u0153uvre en CAP COIF , l&rsquo;\u00e9quipe p\u00e9dagogique a mis en place un projet intitul\u00e9\u00ab\u00a0le cheveu cr\u00e9pu au fil du temps, Sublimation, Rejet et R\u00e9habilitation\u00a0\u00bb Pilote de projet : Danielle &hellip; <a href=\"https:\/\/site.ac-martinique.fr\/lyc-raymondneris\/?p=2513\">Continuer la lecture <span class=\"meta-nav\">&rarr;<\/span><\/a><\/p>\n","protected":false},"author":101,"featured_media":0,"comment_status":"closed","ping_status":"closed","sticky":false,"template":"","format":"standard","meta":{"footnotes":""},"categories":[1],"tags":[],"class_list":["post-2513","post","type-post","status-publish","format-standard","hentry","category-non-classe"],"_links":{"self":[{"href":"https:\/\/site.ac-martinique.fr\/lyc-raymondneris\/index.php?rest_route=\/wp\/v2\/posts\/2513","targetHints":{"allow":["GET"]}}],"collection":[{"href":"https:\/\/site.ac-martinique.fr\/lyc-raymondneris\/index.php?rest_route=\/wp\/v2\/posts"}],"about":[{"href":"https:\/\/site.ac-martinique.fr\/lyc-raymondneris\/index.php?rest_route=\/wp\/v2\/types\/post"}],"author":[{"embeddable":true,"href":"https:\/\/site.ac-martinique.fr\/lyc-raymondneris\/index.php?rest_route=\/wp\/v2\/users\/101"}],"replies":[{"embeddable":true,"href":"https:\/\/site.ac-martinique.fr\/lyc-raymondneris\/index.php?rest_route=%2Fwp%2Fv2%2Fcomments&post=2513"}],"version-history":[{"count":45,"href":"https:\/\/site.ac-martinique.fr\/lyc-raymondneris\/index.php?rest_route=\/wp\/v2\/posts\/2513\/revisions"}],"predecessor-version":[{"id":5151,"href":"https:\/\/site.ac-martinique.fr\/lyc-raymondneris\/index.php?rest_route=\/wp\/v2\/posts\/2513\/revisions\/5151"}],"wp:attachment":[{"href":"https:\/\/site.ac-martinique.fr\/lyc-raymondneris\/index.php?rest_route=%2Fwp%2Fv2%2Fmedia&parent=2513"}],"wp:term":[{"taxonomy":"category","embeddable":true,"href":"https:\/\/site.ac-martinique.fr\/lyc-raymondneris\/index.php?rest_route=%2Fwp%2Fv2%2Fcategories&post=2513"},{"taxonomy":"post_tag","embeddable":true,"href":"https:\/\/site.ac-martinique.fr\/lyc-raymondneris\/index.php?rest_route=%2Fwp%2Fv2%2Ftags&post=2513"}],"curies":[{"name":"wp","href":"https:\/\/api.w.org\/{rel}","templated":true}]}}