{"id":2901,"date":"2020-07-01T00:08:27","date_gmt":"2020-06-30T23:08:27","guid":{"rendered":"\/lyc-raymondneris\/?p=2901"},"modified":"2020-07-01T00:12:45","modified_gmt":"2020-06-30T23:12:45","slug":"inscriptions-20202021","status":"publish","type":"post","link":"https:\/\/site.ac-martinique.fr\/lyc-raymondneris\/?p=2901","title":{"rendered":"INSCRIPTIONS 2020\/2021"},"content":{"rendered":"<h3><a href=\"\/lyc-raymondneris\/?attachment_id=2291\" rel=\"attachment wp-att-2291\"><img loading=\"lazy\" decoding=\"async\" class=\"alignnone wp-image-2291\" src=\"\/lyc-raymondneris\/wp-content\/uploads\/sites\/40\/2019\/06\/Image3.jpg\" alt=\"\" width=\"301\" height=\"203\" srcset=\"https:\/\/site.ac-martinique.fr\/lyc-raymondneris\/wp-content\/uploads\/sites\/40\/2019\/06\/Image3.jpg 626w, https:\/\/site.ac-martinique.fr\/lyc-raymondneris\/wp-content\/uploads\/sites\/40\/2019\/06\/Image3-300x202.jpg 300w, https:\/\/site.ac-martinique.fr\/lyc-raymondneris\/wp-content\/uploads\/sites\/40\/2019\/06\/Image3-600x404.jpg 600w\" sizes=\"auto, (max-width: 301px) 100vw, 301px\" \/><br \/>\n<\/a><strong>CALENDRIER\u00a0 DES INSCRIPTIONS 2020\/2021<\/strong><\/h3>\n<ul>\n<li>\n<h4><a href=\"\/lyc-raymondneris\/wp-content\/uploads\/sites\/40\/2020\/06\/Calendrier-INSCRIPTION-1-CAP-et-2-BP-2020-2021.pdf\" target=\"_blank\">Voir le calendrier des inscriptions en 1 CAP et 2nd Bac Pro<\/a><\/h4>\n<\/li>\n<li>\n<h4><a href=\"\/lyc-raymondneris\/wp-content\/uploads\/sites\/40\/2020\/06\/Calendrier-REINSCRIPTION-2020-2021.pdf\" target=\"_blank\">Voir le calendrier des r\u00e9inscriptions en 1\u00e8re\/Tle Bac Pro \/2 CAP \/MC3C<\/a><\/h4>\n<\/li>\n<\/ul>\n<h3><strong>PIECES A FOURNIR POUR LE DOSSIER D&rsquo;INSCRIPTION<\/strong><\/h3>\n<ul>\n<li>\n<h4><a href=\"\/lyc-raymondneris\/wp-content\/uploads\/sites\/40\/2020\/06\/INSCRIPTION-1-CAP-et-2-BP-ANNEE-SCOLAIRE-2020-2021.pdf\" target=\"_blank\">Voir les pi\u00e8ces demand\u00e9es pour l&rsquo;inscription en 1 CAP\/2nd Bac Pro<\/a><\/h4>\n<\/li>\n<li>\n<h4><a href=\"\/lyc-raymondneris\/wp-content\/uploads\/sites\/40\/2020\/06\/INSCRIPTION-3-PPRO-ANNEE-SCOLAIRE-2020-2021.pdf\" target=\"_blank\">Voir les pi\u00e8ces demand\u00e9es pour l&rsquo;inscription en 3 Pr\u00e9pa Pro<\/a><\/h4>\n<\/li>\n<li>\n<h4><a href=\"\/lyc-raymondneris\/wp-content\/uploads\/sites\/40\/2020\/06\/REINSCRIPTION-auto-ANNEE-SCOLAIRE-2020-2021.pdf\" target=\"_blank\">Voir les pi\u00e8ces \u00e0 fournir pour la r\u00e9inscription <\/a><\/h4>\n<\/li>\n<\/ul>\n<p><strong><u><span style=\"color: #ff0000;\">LORS DE L\u2019INSCRIPTION\u00a0STYLOS ET MASQUES OBLIGATOIRES POUR PARENTS ET ELEVES !!!!!<\/span>\u00a0<\/u><\/strong><\/p>\n<p>&nbsp;<\/p>\n<p>&nbsp;<\/p>\n","protected":false},"excerpt":{"rendered":"<p>CALENDRIER\u00a0 DES INSCRIPTIONS 2020\/2021 Voir le calendrier des inscriptions en 1 CAP et 2nd Bac Pro Voir le calendrier des r\u00e9inscriptions en 1\u00e8re\/Tle Bac Pro \/2 CAP \/MC3C PIECES A FOURNIR POUR LE DOSSIER D&rsquo;INSCRIPTION Voir les pi\u00e8ces demand\u00e9es pour &hellip; <a href=\"https:\/\/site.ac-martinique.fr\/lyc-raymondneris\/?p=2901\">Continuer la lecture <span class=\"meta-nav\">&rarr;<\/span><\/a><\/p>\n","protected":false},"author":101,"featured_media":0,"comment_status":"closed","ping_status":"closed","sticky":false,"template":"","format":"standard","meta":{"footnotes":""},"categories":[1],"tags":[],"class_list":["post-2901","post","type-post","status-publish","format-standard","hentry","category-non-classe"],"_links":{"self":[{"href":"https:\/\/site.ac-martinique.fr\/lyc-raymondneris\/index.php?rest_route=\/wp\/v2\/posts\/2901","targetHints":{"allow":["GET"]}}],"collection":[{"href":"https:\/\/site.ac-martinique.fr\/lyc-raymondneris\/index.php?rest_route=\/wp\/v2\/posts"}],"about":[{"href":"https:\/\/site.ac-martinique.fr\/lyc-raymondneris\/index.php?rest_route=\/wp\/v2\/types\/post"}],"author":[{"embeddable":true,"href":"https:\/\/site.ac-martinique.fr\/lyc-raymondneris\/index.php?rest_route=\/wp\/v2\/users\/101"}],"replies":[{"embeddable":true,"href":"https:\/\/site.ac-martinique.fr\/lyc-raymondneris\/index.php?rest_route=%2Fwp%2Fv2%2Fcomments&post=2901"}],"version-history":[{"count":6,"href":"https:\/\/site.ac-martinique.fr\/lyc-raymondneris\/index.php?rest_route=\/wp\/v2\/posts\/2901\/revisions"}],"predecessor-version":[{"id":2912,"href":"https:\/\/site.ac-martinique.fr\/lyc-raymondneris\/index.php?rest_route=\/wp\/v2\/posts\/2901\/revisions\/2912"}],"wp:attachment":[{"href":"https:\/\/site.ac-martinique.fr\/lyc-raymondneris\/index.php?rest_route=%2Fwp%2Fv2%2Fmedia&parent=2901"}],"wp:term":[{"taxonomy":"category","embeddable":true,"href":"https:\/\/site.ac-martinique.fr\/lyc-raymondneris\/index.php?rest_route=%2Fwp%2Fv2%2Fcategories&post=2901"},{"taxonomy":"post_tag","embeddable":true,"href":"https:\/\/site.ac-martinique.fr\/lyc-raymondneris\/index.php?rest_route=%2Fwp%2Fv2%2Ftags&post=2901"}],"curies":[{"name":"wp","href":"https:\/\/api.w.org\/{rel}","templated":true}]}}