{"id":3605,"date":"2022-03-11T03:09:04","date_gmt":"2022-03-11T02:09:04","guid":{"rendered":"https:\/\/site.ac-martinique.fr\/lyc-raymondneris\/?p=3605"},"modified":"2022-03-11T03:22:43","modified_gmt":"2022-03-11T02:22:43","slug":"decouverte-de-la-biodiversite","status":"publish","type":"post","link":"https:\/\/site.ac-martinique.fr\/lyc-raymondneris\/?p=3605","title":{"rendered":"DECOUVERTE DE LA BIODIVERSIT\u00c9 MARINE"},"content":{"rendered":"\n<p>Dans le cadre des cord\u00e9es de la r\u00e9ussite, les \u00e9l\u00e8ves du lyc\u00e9e Raymond N\u00e9ris ont plong\u00e9 au coeur de la biodiversit\u00e9 marine. Avec la collaboration de l&rsquo;universit\u00e9 C\u00f4te d&rsquo;Azur; le CNRS, le rectorat de Martinique et la CTM.<\/p>\n\n\n\n<p><a href=\"https:\/\/viaatv.tv\/decouverte-les-lyceens-plongent-dans-la-biodiversite-marine\/\">Voir le reportage de <\/a><a href=\"https:\/\/viaatv.tv\/decouverte-les-lyceens-plongent-dans-la-biodiversite-marine\/\" target=\"_blank\" rel=\"noreferrer noopener\">VIA ATV<\/a><\/p>\n","protected":false},"excerpt":{"rendered":"<p>Dans le cadre des cord\u00e9es de la r\u00e9ussite, les \u00e9l\u00e8ves du lyc\u00e9e Raymond N\u00e9ris ont plong\u00e9 au coeur de la biodiversit\u00e9 marine. Avec la collaboration de l&rsquo;universit\u00e9 C\u00f4te d&rsquo;Azur; le CNRS, le rectorat de Martinique et la CTM. Voir le &hellip; <a href=\"https:\/\/site.ac-martinique.fr\/lyc-raymondneris\/?p=3605\">Continuer la lecture <span class=\"meta-nav\">&rarr;<\/span><\/a><\/p>\n","protected":false},"author":101,"featured_media":0,"comment_status":"closed","ping_status":"closed","sticky":false,"template":"","format":"standard","meta":{"footnotes":""},"categories":[1],"tags":[],"class_list":["post-3605","post","type-post","status-publish","format-standard","hentry","category-non-classe"],"_links":{"self":[{"href":"https:\/\/site.ac-martinique.fr\/lyc-raymondneris\/index.php?rest_route=\/wp\/v2\/posts\/3605","targetHints":{"allow":["GET"]}}],"collection":[{"href":"https:\/\/site.ac-martinique.fr\/lyc-raymondneris\/index.php?rest_route=\/wp\/v2\/posts"}],"about":[{"href":"https:\/\/site.ac-martinique.fr\/lyc-raymondneris\/index.php?rest_route=\/wp\/v2\/types\/post"}],"author":[{"embeddable":true,"href":"https:\/\/site.ac-martinique.fr\/lyc-raymondneris\/index.php?rest_route=\/wp\/v2\/users\/101"}],"replies":[{"embeddable":true,"href":"https:\/\/site.ac-martinique.fr\/lyc-raymondneris\/index.php?rest_route=%2Fwp%2Fv2%2Fcomments&post=3605"}],"version-history":[{"count":3,"href":"https:\/\/site.ac-martinique.fr\/lyc-raymondneris\/index.php?rest_route=\/wp\/v2\/posts\/3605\/revisions"}],"predecessor-version":[{"id":3609,"href":"https:\/\/site.ac-martinique.fr\/lyc-raymondneris\/index.php?rest_route=\/wp\/v2\/posts\/3605\/revisions\/3609"}],"wp:attachment":[{"href":"https:\/\/site.ac-martinique.fr\/lyc-raymondneris\/index.php?rest_route=%2Fwp%2Fv2%2Fmedia&parent=3605"}],"wp:term":[{"taxonomy":"category","embeddable":true,"href":"https:\/\/site.ac-martinique.fr\/lyc-raymondneris\/index.php?rest_route=%2Fwp%2Fv2%2Fcategories&post=3605"},{"taxonomy":"post_tag","embeddable":true,"href":"https:\/\/site.ac-martinique.fr\/lyc-raymondneris\/index.php?rest_route=%2Fwp%2Fv2%2Ftags&post=3605"}],"curies":[{"name":"wp","href":"https:\/\/api.w.org\/{rel}","templated":true}]}}