{"id":4597,"date":"2022-10-04T16:09:15","date_gmt":"2022-10-04T15:09:15","guid":{"rendered":"https:\/\/site.ac-martinique.fr\/lyc-raymondneris\/?p=4597"},"modified":"2022-10-12T13:29:20","modified_gmt":"2022-10-12T12:29:20","slug":"journee-sport-scolaire","status":"publish","type":"post","link":"https:\/\/site.ac-martinique.fr\/lyc-raymondneris\/?p=4597","title":{"rendered":"JOURNEE SPORT SCOLAIRE"},"content":{"rendered":"\n<p>La journ\u00e9e du sport scolaire s\u2019est d\u00e9roul\u00e9e le mercredi 21 septembre 2022 et a eu un franc succ\u00e8s.<br>Dans le cadre de l\u2019UNSS, toutes les associations sportives des \u00e9tablissements du Marin \u00e0 savoir le coll\u00e8ge G\u00e9rard Caf\u00e9, le lyc\u00e9e Montg\u00e9rald et le Lyc\u00e9e Raymond NERIS se sont r\u00e9unis pour une op\u00e9ration propre sur la mangrove du Marin en Kayak.<\/p>\n\n\n\n<p> Les professeurs d\u2019EPS et les 50 \u00e9l\u00e8ves r\u00e9unis ont ramen\u00e9 plus d\u2019une centaine de kilos de d\u00e9chets. <br>Merci et bravo \u00e0 tous ceux qui ont particip\u00e9 \u00e0 cette action.<\/p>\n\n\n\n<figure class=\"wp-block-gallery has-nested-images columns-default is-cropped wp-block-gallery-1 is-layout-flex wp-block-gallery-is-layout-flex\">\n<figure class=\"wp-block-image size-full is-style-default\"><a href=\"https:\/\/site.ac-martinique.fr\/lyc-raymondneris\/wp-content\/uploads\/sites\/40\/2022\/10\/IMG_4233-1-1.jpg\"><img loading=\"lazy\" decoding=\"async\" width=\"640\" height=\"480\" data-id=\"4670\" src=\"https:\/\/site.ac-martinique.fr\/lyc-raymondneris\/wp-content\/uploads\/sites\/40\/2022\/10\/IMG_4233-1-1.jpg\" alt=\"\" class=\"wp-image-4670\" srcset=\"https:\/\/site.ac-martinique.fr\/lyc-raymondneris\/wp-content\/uploads\/sites\/40\/2022\/10\/IMG_4233-1-1.jpg 640w, https:\/\/site.ac-martinique.fr\/lyc-raymondneris\/wp-content\/uploads\/sites\/40\/2022\/10\/IMG_4233-1-1-300x225.jpg 300w\" sizes=\"auto, (max-width: 640px) 100vw, 640px\" \/><\/a><\/figure>\n<\/figure>\n\n\n<div class=\"wp-block-image\">\n<figure class=\"aligncenter size-large is-resized\"><a href=\"https:\/\/site.ac-martinique.fr\/lyc-raymondneris\/wp-content\/uploads\/sites\/40\/2022\/10\/8619ed95-4211-4db2-8d7f-f7bbfdda1672-1-1.jpg\"><img loading=\"lazy\" decoding=\"async\" src=\"https:\/\/site.ac-martinique.fr\/lyc-raymondneris\/wp-content\/uploads\/sites\/40\/2022\/10\/8619ed95-4211-4db2-8d7f-f7bbfdda1672-1-1-1024x768.jpg\" alt=\"\" class=\"wp-image-4672\" width=\"303\" height=\"226\" srcset=\"https:\/\/site.ac-martinique.fr\/lyc-raymondneris\/wp-content\/uploads\/sites\/40\/2022\/10\/8619ed95-4211-4db2-8d7f-f7bbfdda1672-1-1-1024x768.jpg 1024w, https:\/\/site.ac-martinique.fr\/lyc-raymondneris\/wp-content\/uploads\/sites\/40\/2022\/10\/8619ed95-4211-4db2-8d7f-f7bbfdda1672-1-1-300x225.jpg 300w, https:\/\/site.ac-martinique.fr\/lyc-raymondneris\/wp-content\/uploads\/sites\/40\/2022\/10\/8619ed95-4211-4db2-8d7f-f7bbfdda1672-1-1-768x576.jpg 768w, https:\/\/site.ac-martinique.fr\/lyc-raymondneris\/wp-content\/uploads\/sites\/40\/2022\/10\/8619ed95-4211-4db2-8d7f-f7bbfdda1672-1-1.jpg 1280w\" sizes=\"auto, (max-width: 303px) 100vw, 303px\" \/><\/a><\/figure>\n<\/div>","protected":false},"excerpt":{"rendered":"<p>La journ\u00e9e du sport scolaire s\u2019est d\u00e9roul\u00e9e le mercredi 21 septembre 2022 et a eu un franc succ\u00e8s.Dans le cadre de l\u2019UNSS, toutes les associations sportives des \u00e9tablissements du Marin \u00e0 savoir le coll\u00e8ge G\u00e9rard Caf\u00e9, le lyc\u00e9e Montg\u00e9rald et &hellip; <a href=\"https:\/\/site.ac-martinique.fr\/lyc-raymondneris\/?p=4597\">Continuer la lecture <span class=\"meta-nav\">&rarr;<\/span><\/a><\/p>\n","protected":false},"author":391,"featured_media":0,"comment_status":"closed","ping_status":"closed","sticky":false,"template":"","format":"standard","meta":{"footnotes":""},"categories":[1],"tags":[],"class_list":["post-4597","post","type-post","status-publish","format-standard","hentry","category-non-classe"],"_links":{"self":[{"href":"https:\/\/site.ac-martinique.fr\/lyc-raymondneris\/index.php?rest_route=\/wp\/v2\/posts\/4597","targetHints":{"allow":["GET"]}}],"collection":[{"href":"https:\/\/site.ac-martinique.fr\/lyc-raymondneris\/index.php?rest_route=\/wp\/v2\/posts"}],"about":[{"href":"https:\/\/site.ac-martinique.fr\/lyc-raymondneris\/index.php?rest_route=\/wp\/v2\/types\/post"}],"author":[{"embeddable":true,"href":"https:\/\/site.ac-martinique.fr\/lyc-raymondneris\/index.php?rest_route=\/wp\/v2\/users\/391"}],"replies":[{"embeddable":true,"href":"https:\/\/site.ac-martinique.fr\/lyc-raymondneris\/index.php?rest_route=%2Fwp%2Fv2%2Fcomments&post=4597"}],"version-history":[{"count":3,"href":"https:\/\/site.ac-martinique.fr\/lyc-raymondneris\/index.php?rest_route=\/wp\/v2\/posts\/4597\/revisions"}],"predecessor-version":[{"id":4673,"href":"https:\/\/site.ac-martinique.fr\/lyc-raymondneris\/index.php?rest_route=\/wp\/v2\/posts\/4597\/revisions\/4673"}],"wp:attachment":[{"href":"https:\/\/site.ac-martinique.fr\/lyc-raymondneris\/index.php?rest_route=%2Fwp%2Fv2%2Fmedia&parent=4597"}],"wp:term":[{"taxonomy":"category","embeddable":true,"href":"https:\/\/site.ac-martinique.fr\/lyc-raymondneris\/index.php?rest_route=%2Fwp%2Fv2%2Fcategories&post=4597"},{"taxonomy":"post_tag","embeddable":true,"href":"https:\/\/site.ac-martinique.fr\/lyc-raymondneris\/index.php?rest_route=%2Fwp%2Fv2%2Ftags&post=4597"}],"curies":[{"name":"wp","href":"https:\/\/api.w.org\/{rel}","templated":true}]}}