{"id":4892,"date":"2022-12-13T13:07:07","date_gmt":"2022-12-13T12:07:07","guid":{"rendered":"https:\/\/site.ac-martinique.fr\/lyc-raymondneris\/?p=4892"},"modified":"2022-12-14T17:50:43","modified_gmt":"2022-12-14T16:50:43","slug":"dalila-daniel-a-la-rencontre-de-la-section-mode","status":"publish","type":"post","link":"https:\/\/site.ac-martinique.fr\/lyc-raymondneris\/?p=4892","title":{"rendered":"DALILA DANIEL A LA RENCONTRE DE LA SECTION MODE"},"content":{"rendered":"\n<p>Dans le cadre du chef d&rsquo;oeuvre\u00a0\u00bb le costume cr\u00e9ole revisit\u00e9 par les grands couturiers\u00a0\u00bb, Dalilia DANIEL (Imaniy\u00e9) artiste martiniquaise, journaliste, auteure-compositrice-interpr\u00e8te, fondatrice de la Maison du B\u00e8l\u00e8 de Sainte-Marie et sp\u00e9cialiste du costume traditionnel Martiniquais a tenue une  conf\u00e9rence destin\u00e9e aux \u00e9l\u00e8ves de la section M\u00e9tiers  de la Mode V\u00eatements (MMV). autour de l&rsquo;histoire du costume traditionnel Martiniquais. Les \u00e9l\u00e8ves ont \u00e9t\u00e9 tr\u00e8s enthousiastes et se sont pr\u00eat\u00e9es au jeu pour l\u2019essayage des costumes.<\/p>\n\n\n<div class=\"wp-block-image\">\n<figure class=\"aligncenter size-large is-resized\"><a href=\"https:\/\/site.ac-martinique.fr\/lyc-raymondneris\/wp-content\/uploads\/sites\/40\/2022\/12\/20221205_141802-rotated.jpg\"><img loading=\"lazy\" decoding=\"async\" src=\"https:\/\/site.ac-martinique.fr\/lyc-raymondneris\/wp-content\/uploads\/sites\/40\/2022\/12\/20221205_141802-768x1024.jpg\" alt=\"\" class=\"wp-image-4903\" width=\"239\" height=\"319\" srcset=\"https:\/\/site.ac-martinique.fr\/lyc-raymondneris\/wp-content\/uploads\/sites\/40\/2022\/12\/20221205_141802-768x1024.jpg 768w, https:\/\/site.ac-martinique.fr\/lyc-raymondneris\/wp-content\/uploads\/sites\/40\/2022\/12\/20221205_141802-225x300.jpg 225w, https:\/\/site.ac-martinique.fr\/lyc-raymondneris\/wp-content\/uploads\/sites\/40\/2022\/12\/20221205_141802-rotated.jpg 900w\" sizes=\"auto, (max-width: 239px) 100vw, 239px\" \/><\/a><figcaption class=\"wp-element-caption\">Dalila DANIEL face aux \u00e9l\u00e8ves<\/figcaption><\/figure>\n<\/div>\n\n\n<figure class=\"wp-block-image size-large\"><a href=\"https:\/\/site.ac-martinique.fr\/lyc-raymondneris\/wp-content\/uploads\/sites\/40\/2022\/12\/20221205_161347.jpg\"><img loading=\"lazy\" decoding=\"async\" width=\"1024\" height=\"768\" src=\"https:\/\/site.ac-martinique.fr\/lyc-raymondneris\/wp-content\/uploads\/sites\/40\/2022\/12\/20221205_161347-1024x768.jpg\" alt=\"\" class=\"wp-image-4909\" srcset=\"https:\/\/site.ac-martinique.fr\/lyc-raymondneris\/wp-content\/uploads\/sites\/40\/2022\/12\/20221205_161347-1024x768.jpg 1024w, https:\/\/site.ac-martinique.fr\/lyc-raymondneris\/wp-content\/uploads\/sites\/40\/2022\/12\/20221205_161347-300x225.jpg 300w, https:\/\/site.ac-martinique.fr\/lyc-raymondneris\/wp-content\/uploads\/sites\/40\/2022\/12\/20221205_161347-768x576.jpg 768w, https:\/\/site.ac-martinique.fr\/lyc-raymondneris\/wp-content\/uploads\/sites\/40\/2022\/12\/20221205_161347.jpg 1200w\" sizes=\"auto, (max-width: 1024px) 100vw, 1024px\" \/><\/a><\/figure>\n\n\n\n<p><a href=\"https:\/\/site.ac-martinique.fr\/lyc-raymondneris\/wp-content\/uploads\/sites\/40\/2022\/12\/photo-Dalila-DANIEL.pdf\">Voir les photos<\/a><\/p>\n","protected":false},"excerpt":{"rendered":"<p>Dans le cadre du chef d&rsquo;oeuvre\u00a0\u00bb le costume cr\u00e9ole revisit\u00e9 par les grands couturiers\u00a0\u00bb, Dalilia DANIEL (Imaniy\u00e9) artiste martiniquaise, journaliste, auteure-compositrice-interpr\u00e8te, fondatrice de la Maison du B\u00e8l\u00e8 de Sainte-Marie et sp\u00e9cialiste du costume traditionnel Martiniquais a tenue une conf\u00e9rence destin\u00e9e &hellip; <a href=\"https:\/\/site.ac-martinique.fr\/lyc-raymondneris\/?p=4892\">Continuer la lecture <span class=\"meta-nav\">&rarr;<\/span><\/a><\/p>\n","protected":false},"author":391,"featured_media":0,"comment_status":"closed","ping_status":"closed","sticky":false,"template":"","format":"standard","meta":{"footnotes":""},"categories":[1],"tags":[],"class_list":["post-4892","post","type-post","status-publish","format-standard","hentry","category-non-classe"],"_links":{"self":[{"href":"https:\/\/site.ac-martinique.fr\/lyc-raymondneris\/index.php?rest_route=\/wp\/v2\/posts\/4892","targetHints":{"allow":["GET"]}}],"collection":[{"href":"https:\/\/site.ac-martinique.fr\/lyc-raymondneris\/index.php?rest_route=\/wp\/v2\/posts"}],"about":[{"href":"https:\/\/site.ac-martinique.fr\/lyc-raymondneris\/index.php?rest_route=\/wp\/v2\/types\/post"}],"author":[{"embeddable":true,"href":"https:\/\/site.ac-martinique.fr\/lyc-raymondneris\/index.php?rest_route=\/wp\/v2\/users\/391"}],"replies":[{"embeddable":true,"href":"https:\/\/site.ac-martinique.fr\/lyc-raymondneris\/index.php?rest_route=%2Fwp%2Fv2%2Fcomments&post=4892"}],"version-history":[{"count":3,"href":"https:\/\/site.ac-martinique.fr\/lyc-raymondneris\/index.php?rest_route=\/wp\/v2\/posts\/4892\/revisions"}],"predecessor-version":[{"id":4961,"href":"https:\/\/site.ac-martinique.fr\/lyc-raymondneris\/index.php?rest_route=\/wp\/v2\/posts\/4892\/revisions\/4961"}],"wp:attachment":[{"href":"https:\/\/site.ac-martinique.fr\/lyc-raymondneris\/index.php?rest_route=%2Fwp%2Fv2%2Fmedia&parent=4892"}],"wp:term":[{"taxonomy":"category","embeddable":true,"href":"https:\/\/site.ac-martinique.fr\/lyc-raymondneris\/index.php?rest_route=%2Fwp%2Fv2%2Fcategories&post=4892"},{"taxonomy":"post_tag","embeddable":true,"href":"https:\/\/site.ac-martinique.fr\/lyc-raymondneris\/index.php?rest_route=%2Fwp%2Fv2%2Ftags&post=4892"}],"curies":[{"name":"wp","href":"https:\/\/api.w.org\/{rel}","templated":true}]}}