{"id":5182,"date":"2023-05-09T12:25:10","date_gmt":"2023-05-09T11:25:10","guid":{"rendered":"https:\/\/site.ac-martinique.fr\/lyc-raymondneris\/?p=5182"},"modified":"2023-05-09T12:25:10","modified_gmt":"2023-05-09T11:25:10","slug":"forum-de-lorientation-et-de-linsertion-au-lycee-raymond-neris","status":"publish","type":"post","link":"https:\/\/site.ac-martinique.fr\/lyc-raymondneris\/?p=5182","title":{"rendered":"FORUM DE L&rsquo;ORIENTATION ET DE L&rsquo;INSERTION AU LYC\u00c9E RAYMOND NERIS"},"content":{"rendered":"\n<p>Le mercredi 19 Avril 2023, le lyc\u00e9e Raymond N\u00e9ris \u00e0 accueilli durant une matin\u00e9e plusieurs intervenants afin de d\u00e9battre de l&rsquo;insertion et l&rsquo;orientation professionnelle des \u00e9l\u00e8ves de terminale Bac pro. Au cours de ce temps fort un hommage a \u00e9galement \u00e9t\u00e9 rendu \u00e0 deux anciens \u00e9l\u00e8ves de la section Boulangerie P\u00e2tisserie en pr\u00e9sence de leurs parents.<\/p>\n\n\n\n<p><a href=\"https:\/\/site.ac-martinique.fr\/lyc-raymondneris\/wp-content\/uploads\/sites\/40\/2023\/05\/FORUM-DE-LORIENTATION-ET-DE-LINSERTION.pptx\">D\u00e9couvrir la matin\u00e9e en image&#8230;.<\/a><\/p>\n","protected":false},"excerpt":{"rendered":"<p>Le mercredi 19 Avril 2023, le lyc\u00e9e Raymond N\u00e9ris \u00e0 accueilli durant une matin\u00e9e plusieurs intervenants afin de d\u00e9battre de l&rsquo;insertion et l&rsquo;orientation professionnelle des \u00e9l\u00e8ves de terminale Bac pro. Au cours de ce temps fort un hommage a \u00e9galement &hellip; <a href=\"https:\/\/site.ac-martinique.fr\/lyc-raymondneris\/?p=5182\">Continuer la lecture <span class=\"meta-nav\">&rarr;<\/span><\/a><\/p>\n","protected":false},"author":391,"featured_media":0,"comment_status":"closed","ping_status":"closed","sticky":false,"template":"","format":"standard","meta":{"footnotes":""},"categories":[1],"tags":[],"class_list":["post-5182","post","type-post","status-publish","format-standard","hentry","category-non-classe"],"_links":{"self":[{"href":"https:\/\/site.ac-martinique.fr\/lyc-raymondneris\/index.php?rest_route=\/wp\/v2\/posts\/5182","targetHints":{"allow":["GET"]}}],"collection":[{"href":"https:\/\/site.ac-martinique.fr\/lyc-raymondneris\/index.php?rest_route=\/wp\/v2\/posts"}],"about":[{"href":"https:\/\/site.ac-martinique.fr\/lyc-raymondneris\/index.php?rest_route=\/wp\/v2\/types\/post"}],"author":[{"embeddable":true,"href":"https:\/\/site.ac-martinique.fr\/lyc-raymondneris\/index.php?rest_route=\/wp\/v2\/users\/391"}],"replies":[{"embeddable":true,"href":"https:\/\/site.ac-martinique.fr\/lyc-raymondneris\/index.php?rest_route=%2Fwp%2Fv2%2Fcomments&post=5182"}],"version-history":[{"count":4,"href":"https:\/\/site.ac-martinique.fr\/lyc-raymondneris\/index.php?rest_route=\/wp\/v2\/posts\/5182\/revisions"}],"predecessor-version":[{"id":5217,"href":"https:\/\/site.ac-martinique.fr\/lyc-raymondneris\/index.php?rest_route=\/wp\/v2\/posts\/5182\/revisions\/5217"}],"wp:attachment":[{"href":"https:\/\/site.ac-martinique.fr\/lyc-raymondneris\/index.php?rest_route=%2Fwp%2Fv2%2Fmedia&parent=5182"}],"wp:term":[{"taxonomy":"category","embeddable":true,"href":"https:\/\/site.ac-martinique.fr\/lyc-raymondneris\/index.php?rest_route=%2Fwp%2Fv2%2Fcategories&post=5182"},{"taxonomy":"post_tag","embeddable":true,"href":"https:\/\/site.ac-martinique.fr\/lyc-raymondneris\/index.php?rest_route=%2Fwp%2Fv2%2Ftags&post=5182"}],"curies":[{"name":"wp","href":"https:\/\/api.w.org\/{rel}","templated":true}]}}