{"id":5395,"date":"2023-09-08T12:46:01","date_gmt":"2023-09-08T11:46:01","guid":{"rendered":"https:\/\/site.ac-martinique.fr\/lyc-raymondneris\/?p=5395"},"modified":"2023-09-11T16:07:23","modified_gmt":"2023-09-11T15:07:23","slug":"marche-de-cohesion","status":"publish","type":"post","link":"https:\/\/site.ac-martinique.fr\/lyc-raymondneris\/?p=5395","title":{"rendered":"MARCHE DE COH\u00c9SION"},"content":{"rendered":"\n<p>En ce beau mercredi 06 septembre 2023, une marche de coh\u00e9sion a \u00e9t\u00e9 organis\u00e9e dans notre lyc\u00e9e. A l\u2019initiative des chefs d\u2019\u00e9tablissement du LPR.NERIS qui ont eu pour objectif de rassembler \u00e9l\u00e8ves et professeurs d\u00e8s le d\u00e9but d\u2019ann\u00e9e.  140 baroudeurs ont relev\u00e9 le d\u00e9fi entre l\u2019Anse Caritan et les Salines (120 \u00e9l\u00e8ves et 20 enseignants\/AED\/Infirmi\u00e8re). Avec les paysages somptueux, les vues merveilleuses, 1H15 \u00e0 1H30 ont suffi pour rejoindre les 2 plages.<br>Les visages un peu fatigu\u00e9s pour certains mais pleins de satisfaction pour la plupart, du chocolat, des raisins secs et des bouteilles fra\u00eeches les attendaient \u00e0 l\u2019arriv\u00e9e sous ce soleil de plomb.<br><a href=\"https:\/\/site.ac-martinique.fr\/lyc-raymondneris\/wp-content\/uploads\/sites\/40\/2023\/09\/MARCHE-DE-COHESION-1.pdf\">Quelques images d\u2019illustration :<\/a><\/p>\n\n\n<div class=\"wp-block-image\">\n<figure class=\"aligncenter size-large is-resized\"><a href=\"https:\/\/site.ac-martinique.fr\/lyc-raymondneris\/wp-content\/uploads\/sites\/40\/2023\/09\/IMG-20230906-WA0064.jpg\"><img loading=\"lazy\" decoding=\"async\" src=\"https:\/\/site.ac-martinique.fr\/lyc-raymondneris\/wp-content\/uploads\/sites\/40\/2023\/09\/IMG-20230906-WA0064-768x1024.jpg\" alt=\"\" class=\"wp-image-5402\" style=\"width:206px;height:275px\" width=\"206\" height=\"275\" srcset=\"https:\/\/site.ac-martinique.fr\/lyc-raymondneris\/wp-content\/uploads\/sites\/40\/2023\/09\/IMG-20230906-WA0064-768x1024.jpg 768w, https:\/\/site.ac-martinique.fr\/lyc-raymondneris\/wp-content\/uploads\/sites\/40\/2023\/09\/IMG-20230906-WA0064-225x300.jpg 225w, https:\/\/site.ac-martinique.fr\/lyc-raymondneris\/wp-content\/uploads\/sites\/40\/2023\/09\/IMG-20230906-WA0064.jpg 864w\" sizes=\"auto, (max-width: 206px) 100vw, 206px\" \/><\/a><\/figure>\n<\/div>","protected":false},"excerpt":{"rendered":"<p>En ce beau mercredi 06 septembre 2023, une marche de coh\u00e9sion a \u00e9t\u00e9 organis\u00e9e dans notre lyc\u00e9e. A l\u2019initiative des chefs d\u2019\u00e9tablissement du LPR.NERIS qui ont eu pour objectif de rassembler \u00e9l\u00e8ves et professeurs d\u00e8s le d\u00e9but d\u2019ann\u00e9e. 140 baroudeurs &hellip; <a href=\"https:\/\/site.ac-martinique.fr\/lyc-raymondneris\/?p=5395\">Continuer la lecture <span class=\"meta-nav\">&rarr;<\/span><\/a><\/p>\n","protected":false},"author":391,"featured_media":0,"comment_status":"closed","ping_status":"closed","sticky":false,"template":"","format":"standard","meta":{"footnotes":""},"categories":[1],"tags":[],"class_list":["post-5395","post","type-post","status-publish","format-standard","hentry","category-non-classe"],"_links":{"self":[{"href":"https:\/\/site.ac-martinique.fr\/lyc-raymondneris\/index.php?rest_route=\/wp\/v2\/posts\/5395","targetHints":{"allow":["GET"]}}],"collection":[{"href":"https:\/\/site.ac-martinique.fr\/lyc-raymondneris\/index.php?rest_route=\/wp\/v2\/posts"}],"about":[{"href":"https:\/\/site.ac-martinique.fr\/lyc-raymondneris\/index.php?rest_route=\/wp\/v2\/types\/post"}],"author":[{"embeddable":true,"href":"https:\/\/site.ac-martinique.fr\/lyc-raymondneris\/index.php?rest_route=\/wp\/v2\/users\/391"}],"replies":[{"embeddable":true,"href":"https:\/\/site.ac-martinique.fr\/lyc-raymondneris\/index.php?rest_route=%2Fwp%2Fv2%2Fcomments&post=5395"}],"version-history":[{"count":9,"href":"https:\/\/site.ac-martinique.fr\/lyc-raymondneris\/index.php?rest_route=\/wp\/v2\/posts\/5395\/revisions"}],"predecessor-version":[{"id":5414,"href":"https:\/\/site.ac-martinique.fr\/lyc-raymondneris\/index.php?rest_route=\/wp\/v2\/posts\/5395\/revisions\/5414"}],"wp:attachment":[{"href":"https:\/\/site.ac-martinique.fr\/lyc-raymondneris\/index.php?rest_route=%2Fwp%2Fv2%2Fmedia&parent=5395"}],"wp:term":[{"taxonomy":"category","embeddable":true,"href":"https:\/\/site.ac-martinique.fr\/lyc-raymondneris\/index.php?rest_route=%2Fwp%2Fv2%2Fcategories&post=5395"},{"taxonomy":"post_tag","embeddable":true,"href":"https:\/\/site.ac-martinique.fr\/lyc-raymondneris\/index.php?rest_route=%2Fwp%2Fv2%2Ftags&post=5395"}],"curies":[{"name":"wp","href":"https:\/\/api.w.org\/{rel}","templated":true}]}}