{"id":5640,"date":"2024-02-09T17:58:01","date_gmt":"2024-02-09T16:58:01","guid":{"rendered":"https:\/\/site.ac-martinique.fr\/lyc-raymondneris\/?p=5640"},"modified":"2024-02-09T17:58:01","modified_gmt":"2024-02-09T16:58:01","slug":"prevention-risque-lies-au-carnaval","status":"publish","type":"post","link":"https:\/\/site.ac-martinique.fr\/lyc-raymondneris\/?p=5640","title":{"rendered":"PREVENTION RISQUE LIES AU CARNAVAL"},"content":{"rendered":"\n<p>Une matin\u00e9e de pr\u00e9vention sur les risques li\u00e9s aux festivit\u00e9s du carnaval a eu lieu au CDI. Une collaboration entre Me ATHEY (infirmi\u00e8re), Mme SERVILLO (Professeure documentaliste) et Me APAT ( Proffesseure de bio technologie sant\u00e9 environnement)<\/p>\n\n\n\n<p>Lundi 5 et mardi 6 f\u00e9vrier 2024, Mme Athey, infirmi\u00e8re au lyc\u00e9e a propos\u00e9 un temps de pr\u00e9vention et d&rsquo;\u00e9changes sur les possibles conduites \u00e0 risques r\u00e9currentes durant les festivit\u00e9s li\u00e9es au carnaval : les risques auditifs (musique, p\u00e9tards, pots d&rsquo;\u00e9chappements&#8230;), usage des bwadjacks, et les rapports sexuels non consentis apr\u00e8s une forte alcoolisation ou la consommation de drogue&#8230; Au cours de cette matin\u00e9e de nombreux conseils et mise en garde ont \u00e9t\u00e9 prodigu\u00e9s pour un carnaval \u00ab\u00a0safe\u00a0\u00bb mais joyeux. Ont particip\u00e9 les \u00e9l\u00e8ves de premi\u00e8re, de troisi\u00e8me et les \u00e9l\u00e8ves de seconde ann\u00e9e de CAP. Une distribution de mat\u00e9riel de pr\u00e9vention a \u00e9t\u00e9 faite.&nbsp;<\/p>\n\n\n\n<figure class=\"wp-block-image size-large\"><a href=\"https:\/\/site.ac-martinique.fr\/lyc-raymondneris\/wp-content\/uploads\/sites\/40\/2024\/02\/IMG-20240208-WA0234.jpg\"><img loading=\"lazy\" decoding=\"async\" width=\"1024\" height=\"450\" src=\"https:\/\/site.ac-martinique.fr\/lyc-raymondneris\/wp-content\/uploads\/sites\/40\/2024\/02\/IMG-20240208-WA0234-1024x450.jpg\" alt=\"\" class=\"wp-image-5664\" srcset=\"https:\/\/site.ac-martinique.fr\/lyc-raymondneris\/wp-content\/uploads\/sites\/40\/2024\/02\/IMG-20240208-WA0234-1024x450.jpg 1024w, https:\/\/site.ac-martinique.fr\/lyc-raymondneris\/wp-content\/uploads\/sites\/40\/2024\/02\/IMG-20240208-WA0234-300x132.jpg 300w, https:\/\/site.ac-martinique.fr\/lyc-raymondneris\/wp-content\/uploads\/sites\/40\/2024\/02\/IMG-20240208-WA0234-768x337.jpg 768w, https:\/\/site.ac-martinique.fr\/lyc-raymondneris\/wp-content\/uploads\/sites\/40\/2024\/02\/IMG-20240208-WA0234.jpg 1280w\" sizes=\"auto, (max-width: 1024px) 100vw, 1024px\" \/><\/a><\/figure>\n","protected":false},"excerpt":{"rendered":"<p>Une matin\u00e9e de pr\u00e9vention sur les risques li\u00e9s aux festivit\u00e9s du carnaval a eu lieu au CDI. Une collaboration entre Me ATHEY (infirmi\u00e8re), Mme SERVILLO (Professeure documentaliste) et Me APAT ( Proffesseure de bio technologie sant\u00e9 environnement) Lundi 5 et &hellip; <a href=\"https:\/\/site.ac-martinique.fr\/lyc-raymondneris\/?p=5640\">Continuer la lecture <span class=\"meta-nav\">&rarr;<\/span><\/a><\/p>\n","protected":false},"author":391,"featured_media":0,"comment_status":"closed","ping_status":"closed","sticky":false,"template":"","format":"standard","meta":{"footnotes":""},"categories":[1],"tags":[],"class_list":["post-5640","post","type-post","status-publish","format-standard","hentry","category-non-classe"],"_links":{"self":[{"href":"https:\/\/site.ac-martinique.fr\/lyc-raymondneris\/index.php?rest_route=\/wp\/v2\/posts\/5640","targetHints":{"allow":["GET"]}}],"collection":[{"href":"https:\/\/site.ac-martinique.fr\/lyc-raymondneris\/index.php?rest_route=\/wp\/v2\/posts"}],"about":[{"href":"https:\/\/site.ac-martinique.fr\/lyc-raymondneris\/index.php?rest_route=\/wp\/v2\/types\/post"}],"author":[{"embeddable":true,"href":"https:\/\/site.ac-martinique.fr\/lyc-raymondneris\/index.php?rest_route=\/wp\/v2\/users\/391"}],"replies":[{"embeddable":true,"href":"https:\/\/site.ac-martinique.fr\/lyc-raymondneris\/index.php?rest_route=%2Fwp%2Fv2%2Fcomments&post=5640"}],"version-history":[{"count":2,"href":"https:\/\/site.ac-martinique.fr\/lyc-raymondneris\/index.php?rest_route=\/wp\/v2\/posts\/5640\/revisions"}],"predecessor-version":[{"id":5686,"href":"https:\/\/site.ac-martinique.fr\/lyc-raymondneris\/index.php?rest_route=\/wp\/v2\/posts\/5640\/revisions\/5686"}],"wp:attachment":[{"href":"https:\/\/site.ac-martinique.fr\/lyc-raymondneris\/index.php?rest_route=%2Fwp%2Fv2%2Fmedia&parent=5640"}],"wp:term":[{"taxonomy":"category","embeddable":true,"href":"https:\/\/site.ac-martinique.fr\/lyc-raymondneris\/index.php?rest_route=%2Fwp%2Fv2%2Fcategories&post=5640"},{"taxonomy":"post_tag","embeddable":true,"href":"https:\/\/site.ac-martinique.fr\/lyc-raymondneris\/index.php?rest_route=%2Fwp%2Fv2%2Ftags&post=5640"}],"curies":[{"name":"wp","href":"https:\/\/api.w.org\/{rel}","templated":true}]}}