{"id":5713,"date":"2024-03-04T20:07:16","date_gmt":"2024-03-04T19:07:16","guid":{"rendered":"https:\/\/site.ac-martinique.fr\/lyc-raymondneris\/?p=5713"},"modified":"2024-03-04T20:59:35","modified_gmt":"2024-03-04T19:59:35","slug":"marche-academique-de-lutte-contre-le-harcelement","status":"publish","type":"post","link":"https:\/\/site.ac-martinique.fr\/lyc-raymondneris\/?p=5713","title":{"rendered":"MARCHE ACAD\u00c9MIQUE DE LUTTE CONTRE LE HARC\u00c8LEMENT"},"content":{"rendered":"\n<p>Dans le cadre de PHARE, programme de lutte contre le harc\u00e8lement scolaire, neuf \u00e9l\u00e8ves ambassadeurs ainsi que leurs encadrants, participeront le mardi 05 Mars \u00e0 une marche acad\u00e9mique de lutte contre le harc\u00e8lement organis\u00e9e par la ville du Lamentin.<\/p>\n\n\n\n<p class=\"has-text-align-center\"> <strong>Pr\u00e9venir le harc\u00e8lement pour le bien vivre ensemble<\/strong><\/p>\n\n\n<div class=\"wp-block-image\">\n<figure class=\"aligncenter size-large is-resized\"><a href=\"https:\/\/site.ac-martinique.fr\/lyc-raymondneris\/wp-content\/uploads\/sites\/40\/2023\/11\/2023_NAH_bloc-marque_tel.jpg\"><img loading=\"lazy\" decoding=\"async\" width=\"1024\" height=\"410\" src=\"https:\/\/site.ac-martinique.fr\/lyc-raymondneris\/wp-content\/uploads\/sites\/40\/2023\/11\/2023_NAH_bloc-marque_tel-1024x410.jpg\" alt=\"\" class=\"wp-image-5486\" style=\"width:384px;height:auto\" srcset=\"https:\/\/site.ac-martinique.fr\/lyc-raymondneris\/wp-content\/uploads\/sites\/40\/2023\/11\/2023_NAH_bloc-marque_tel-1024x410.jpg 1024w, https:\/\/site.ac-martinique.fr\/lyc-raymondneris\/wp-content\/uploads\/sites\/40\/2023\/11\/2023_NAH_bloc-marque_tel-300x120.jpg 300w, https:\/\/site.ac-martinique.fr\/lyc-raymondneris\/wp-content\/uploads\/sites\/40\/2023\/11\/2023_NAH_bloc-marque_tel-768x307.jpg 768w, https:\/\/site.ac-martinique.fr\/lyc-raymondneris\/wp-content\/uploads\/sites\/40\/2023\/11\/2023_NAH_bloc-marque_tel.jpg 1250w\" sizes=\"auto, (max-width: 1024px) 100vw, 1024px\" \/><\/a><\/figure>\n<\/div>","protected":false},"excerpt":{"rendered":"<p>Dans le cadre de PHARE, programme de lutte contre le harc\u00e8lement scolaire, neuf \u00e9l\u00e8ves ambassadeurs ainsi que leurs encadrants, participeront le mardi 05 Mars \u00e0 une marche acad\u00e9mique de lutte contre le harc\u00e8lement organis\u00e9e par la ville du Lamentin. Pr\u00e9venir &hellip; <a href=\"https:\/\/site.ac-martinique.fr\/lyc-raymondneris\/?p=5713\">Continuer la lecture <span class=\"meta-nav\">&rarr;<\/span><\/a><\/p>\n","protected":false},"author":391,"featured_media":0,"comment_status":"closed","ping_status":"closed","sticky":false,"template":"","format":"standard","meta":{"footnotes":""},"categories":[1],"tags":[],"class_list":["post-5713","post","type-post","status-publish","format-standard","hentry","category-non-classe"],"_links":{"self":[{"href":"https:\/\/site.ac-martinique.fr\/lyc-raymondneris\/index.php?rest_route=\/wp\/v2\/posts\/5713","targetHints":{"allow":["GET"]}}],"collection":[{"href":"https:\/\/site.ac-martinique.fr\/lyc-raymondneris\/index.php?rest_route=\/wp\/v2\/posts"}],"about":[{"href":"https:\/\/site.ac-martinique.fr\/lyc-raymondneris\/index.php?rest_route=\/wp\/v2\/types\/post"}],"author":[{"embeddable":true,"href":"https:\/\/site.ac-martinique.fr\/lyc-raymondneris\/index.php?rest_route=\/wp\/v2\/users\/391"}],"replies":[{"embeddable":true,"href":"https:\/\/site.ac-martinique.fr\/lyc-raymondneris\/index.php?rest_route=%2Fwp%2Fv2%2Fcomments&post=5713"}],"version-history":[{"count":3,"href":"https:\/\/site.ac-martinique.fr\/lyc-raymondneris\/index.php?rest_route=\/wp\/v2\/posts\/5713\/revisions"}],"predecessor-version":[{"id":5717,"href":"https:\/\/site.ac-martinique.fr\/lyc-raymondneris\/index.php?rest_route=\/wp\/v2\/posts\/5713\/revisions\/5717"}],"wp:attachment":[{"href":"https:\/\/site.ac-martinique.fr\/lyc-raymondneris\/index.php?rest_route=%2Fwp%2Fv2%2Fmedia&parent=5713"}],"wp:term":[{"taxonomy":"category","embeddable":true,"href":"https:\/\/site.ac-martinique.fr\/lyc-raymondneris\/index.php?rest_route=%2Fwp%2Fv2%2Fcategories&post=5713"},{"taxonomy":"post_tag","embeddable":true,"href":"https:\/\/site.ac-martinique.fr\/lyc-raymondneris\/index.php?rest_route=%2Fwp%2Fv2%2Ftags&post=5713"}],"curies":[{"name":"wp","href":"https:\/\/api.w.org\/{rel}","templated":true}]}}