{"id":5746,"date":"2024-04-25T15:17:20","date_gmt":"2024-04-25T14:17:20","guid":{"rendered":"https:\/\/site.ac-martinique.fr\/lyc-raymondneris\/?p=5746"},"modified":"2024-04-25T15:17:20","modified_gmt":"2024-04-25T14:17:20","slug":"defi-yole-2024","status":"publish","type":"post","link":"https:\/\/site.ac-martinique.fr\/lyc-raymondneris\/?p=5746","title":{"rendered":"D\u00c9FI YOLE 2024"},"content":{"rendered":"\n<p>Le 22 mars 2024, Madame  DORVILLE entour\u00e9e d&rsquo;une \u00e9quipe d&rsquo;enseignants et de b\u00e9n\u00e9voles du Lyc\u00e9e Professionnel RAYMOND NERIS a organis\u00e9 en collaboration avec Aliz\u00e9s yoles la 9\u00e8me \u00e9dition du \u00ab&nbsp;d\u00e9fi yole&nbsp;\u00bb apr\u00e8s 8 ans d&rsquo;absence.<\/p>\n\n\n\n<p>Le D\u00e9fi consistait \u00e0 rejoindre la ville du DIAMANT \u00e0 celle du MARIN en grande yole. 10 \u00e9tablissements ont r\u00e9pondus pr\u00e9sents.<\/p>\n\n\n\n<p>3 \u00e9tablissements ont franchi la ligne d\u2019arriv\u00e9e.<br><strong>1 er<\/strong> <strong>LP Raymond NERIS<\/strong> (\u00e9quipage constitu\u00e9 d\u2019\u00e9l\u00e8ves de Maintenance Nautique, 1 de MELEC, 1CAP REEP , 1GATL)<\/p>\n\n\n\n<p><strong>2\u00e8me<\/strong> <strong>Lyc\u00e9e Frantz FANON<\/strong><\/p>\n\n\n\n<p><strong>3\u00e8me LEGTA Croix Rivail<\/strong> qui a franchi cette ligne malgr\u00e9 la vergue cass\u00e9e. <br><br>Une mention sp\u00e9ciale au LP Saint Joseph de Cluny (\u00e9quipage enti\u00e8rement f\u00e9minin avec des<br>coll\u00e9giennes).<br>\u00c0 l\u2019arriv\u00e9e, le podium \u00e9tait anim\u00e9 avec de la musique, un d\u00e9fil\u00e9 de mode.<br>Tous les \u00e9tablissements ont re\u00e7u leur lot de m\u00e9dailles et de tee-shirt avec un repas bien m\u00e9rit\u00e9.<br>Ce d\u00e9fi a \u00e9t\u00e9 r\u00e9alis\u00e9 en collaboration avec les sections de Boulangerie-P\u00e2tisserie (vente de<br>p\u00e2tisseries), d\u2019AGORA et de MMV.<br>Nous remercions les diff\u00e9rents sponsors pour leur soutien.<\/p>\n\n\n\n<p><a href=\"https:\/\/site.ac-martinique.fr\/lyc-raymondneris\/wp-content\/uploads\/sites\/40\/2024\/04\/details-defi-yole-1.pdf\">plus de d\u00e9tails&#8230;..<\/a><\/p>\n","protected":false},"excerpt":{"rendered":"<p>Le 22 mars 2024, Madame DORVILLE entour\u00e9e d&rsquo;une \u00e9quipe d&rsquo;enseignants et de b\u00e9n\u00e9voles du Lyc\u00e9e Professionnel RAYMOND NERIS a organis\u00e9 en collaboration avec Aliz\u00e9s yoles la 9\u00e8me \u00e9dition du \u00ab&nbsp;d\u00e9fi yole&nbsp;\u00bb apr\u00e8s 8 ans d&rsquo;absence. Le D\u00e9fi consistait \u00e0 rejoindre &hellip; <a href=\"https:\/\/site.ac-martinique.fr\/lyc-raymondneris\/?p=5746\">Continuer la lecture <span class=\"meta-nav\">&rarr;<\/span><\/a><\/p>\n","protected":false},"author":391,"featured_media":0,"comment_status":"closed","ping_status":"closed","sticky":false,"template":"","format":"standard","meta":{"footnotes":""},"categories":[1],"tags":[],"class_list":["post-5746","post","type-post","status-publish","format-standard","hentry","category-non-classe"],"_links":{"self":[{"href":"https:\/\/site.ac-martinique.fr\/lyc-raymondneris\/index.php?rest_route=\/wp\/v2\/posts\/5746","targetHints":{"allow":["GET"]}}],"collection":[{"href":"https:\/\/site.ac-martinique.fr\/lyc-raymondneris\/index.php?rest_route=\/wp\/v2\/posts"}],"about":[{"href":"https:\/\/site.ac-martinique.fr\/lyc-raymondneris\/index.php?rest_route=\/wp\/v2\/types\/post"}],"author":[{"embeddable":true,"href":"https:\/\/site.ac-martinique.fr\/lyc-raymondneris\/index.php?rest_route=\/wp\/v2\/users\/391"}],"replies":[{"embeddable":true,"href":"https:\/\/site.ac-martinique.fr\/lyc-raymondneris\/index.php?rest_route=%2Fwp%2Fv2%2Fcomments&post=5746"}],"version-history":[{"count":8,"href":"https:\/\/site.ac-martinique.fr\/lyc-raymondneris\/index.php?rest_route=\/wp\/v2\/posts\/5746\/revisions"}],"predecessor-version":[{"id":5777,"href":"https:\/\/site.ac-martinique.fr\/lyc-raymondneris\/index.php?rest_route=\/wp\/v2\/posts\/5746\/revisions\/5777"}],"wp:attachment":[{"href":"https:\/\/site.ac-martinique.fr\/lyc-raymondneris\/index.php?rest_route=%2Fwp%2Fv2%2Fmedia&parent=5746"}],"wp:term":[{"taxonomy":"category","embeddable":true,"href":"https:\/\/site.ac-martinique.fr\/lyc-raymondneris\/index.php?rest_route=%2Fwp%2Fv2%2Fcategories&post=5746"},{"taxonomy":"post_tag","embeddable":true,"href":"https:\/\/site.ac-martinique.fr\/lyc-raymondneris\/index.php?rest_route=%2Fwp%2Fv2%2Ftags&post=5746"}],"curies":[{"name":"wp","href":"https:\/\/api.w.org\/{rel}","templated":true}]}}