{"id":5970,"date":"2024-09-30T16:30:05","date_gmt":"2024-09-30T15:30:05","guid":{"rendered":"https:\/\/site.ac-martinique.fr\/lyc-raymondneris\/?p=5970"},"modified":"2024-09-30T16:30:06","modified_gmt":"2024-09-30T15:30:06","slug":"journee-culturelle-au-lycee-raymond-neris","status":"publish","type":"post","link":"https:\/\/site.ac-martinique.fr\/lyc-raymondneris\/?p=5970","title":{"rendered":"JOURN\u00c9E CULTURELLE AU LYC\u00c9E RAYMOND NERIS"},"content":{"rendered":"\n<p>Pour cette rentr\u00e9e 2024\/2025 plac\u00e9e sous le signe de la \u00ab\u00a0coh\u00e9sion par l&rsquo;art\u00a0\u00bb, le lyc\u00e9e a fait venir des intervenants de diff\u00e9rentes disciplines artistiques le 5 septembre 2024. Le Martinique Com\u00e9dy Club (MCC) a conduit un atelier pour la coh\u00e9sion de groupe et l&rsquo;expression orale, la musique au sein d&rsquo;un atelier men\u00e9 par notre coll\u00e8gue Patrick Baste, les arts plastiques avec le peintre Habdapha\u00ef qui a guid\u00e9 des \u00e9l\u00e8ves dans un processus de cr\u00e9ation par l&rsquo;utilisation du papier recycl\u00e9.<br>Cela \u00e9t\u00e9 aussi l&rsquo;occasion d&rsquo;exposer au r\u00e9fectoire 2 projets :<br>&#8211; \u00ab\u00a0Madinina Mode Art\u00a0\u00bb avec les robes cr\u00e9\u00e9es par les sections Mode autour des \u0153uvres d&rsquo;Habdaphai, mais aussi de Carole Aurore et de Ricardo Ozier-Lafontaine.<br>&#8211; \u00ab\u00a0Le cheveu cr\u00e9pu au fil du temps\u00a0\u00bb, men\u00e9 par les sections Coiffures<br><\/p>\n\n\n\n<p><a href=\"https:\/\/site.ac-martinique.fr\/lyc-raymondneris\/wp-content\/uploads\/sites\/40\/2024\/09\/RENTREE-cuturelle-2024.pdf\">La journ\u00e9e en image&#8230;.<\/a><\/p>\n\n\n\n<p><\/p>\n","protected":false},"excerpt":{"rendered":"<p>Pour cette rentr\u00e9e 2024\/2025 plac\u00e9e sous le signe de la \u00ab\u00a0coh\u00e9sion par l&rsquo;art\u00a0\u00bb, le lyc\u00e9e a fait venir des intervenants de diff\u00e9rentes disciplines artistiques le 5 septembre 2024. Le Martinique Com\u00e9dy Club (MCC) a conduit un atelier pour la coh\u00e9sion &hellip; <a href=\"https:\/\/site.ac-martinique.fr\/lyc-raymondneris\/?p=5970\">Continuer la lecture <span class=\"meta-nav\">&rarr;<\/span><\/a><\/p>\n","protected":false},"author":391,"featured_media":0,"comment_status":"closed","ping_status":"closed","sticky":false,"template":"","format":"standard","meta":{"footnotes":""},"categories":[1],"tags":[],"class_list":["post-5970","post","type-post","status-publish","format-standard","hentry","category-non-classe"],"_links":{"self":[{"href":"https:\/\/site.ac-martinique.fr\/lyc-raymondneris\/index.php?rest_route=\/wp\/v2\/posts\/5970","targetHints":{"allow":["GET"]}}],"collection":[{"href":"https:\/\/site.ac-martinique.fr\/lyc-raymondneris\/index.php?rest_route=\/wp\/v2\/posts"}],"about":[{"href":"https:\/\/site.ac-martinique.fr\/lyc-raymondneris\/index.php?rest_route=\/wp\/v2\/types\/post"}],"author":[{"embeddable":true,"href":"https:\/\/site.ac-martinique.fr\/lyc-raymondneris\/index.php?rest_route=\/wp\/v2\/users\/391"}],"replies":[{"embeddable":true,"href":"https:\/\/site.ac-martinique.fr\/lyc-raymondneris\/index.php?rest_route=%2Fwp%2Fv2%2Fcomments&post=5970"}],"version-history":[{"count":4,"href":"https:\/\/site.ac-martinique.fr\/lyc-raymondneris\/index.php?rest_route=\/wp\/v2\/posts\/5970\/revisions"}],"predecessor-version":[{"id":6002,"href":"https:\/\/site.ac-martinique.fr\/lyc-raymondneris\/index.php?rest_route=\/wp\/v2\/posts\/5970\/revisions\/6002"}],"wp:attachment":[{"href":"https:\/\/site.ac-martinique.fr\/lyc-raymondneris\/index.php?rest_route=%2Fwp%2Fv2%2Fmedia&parent=5970"}],"wp:term":[{"taxonomy":"category","embeddable":true,"href":"https:\/\/site.ac-martinique.fr\/lyc-raymondneris\/index.php?rest_route=%2Fwp%2Fv2%2Fcategories&post=5970"},{"taxonomy":"post_tag","embeddable":true,"href":"https:\/\/site.ac-martinique.fr\/lyc-raymondneris\/index.php?rest_route=%2Fwp%2Fv2%2Ftags&post=5970"}],"curies":[{"name":"wp","href":"https:\/\/api.w.org\/{rel}","templated":true}]}}