{"id":6016,"date":"2024-11-04T15:41:51","date_gmt":"2024-11-04T14:41:51","guid":{"rendered":"https:\/\/site.ac-martinique.fr\/lyc-raymondneris\/?p=6016"},"modified":"2024-11-04T15:41:54","modified_gmt":"2024-11-04T14:41:54","slug":"les-3eme-prepa-metiers-a-la-decouverte-de-la-navigation-a-la-voile-et-du-nautisme","status":"publish","type":"post","link":"https:\/\/site.ac-martinique.fr\/lyc-raymondneris\/?p=6016","title":{"rendered":"LES 3\u00e8me PR\u00c9PA-\u00a0 M\u00c9TIERS \u00c0 LA D\u00c9COUVERTE DE LA NAVIGATION \u00c0 LA VOILE ET DU NAUTISME"},"content":{"rendered":"\n<p>Le mardi 08 Octobre 2024, les \u00e9l\u00e8ves de 3\u00e8me Pr\u00e9pa-M\u00e9tiers du LP Raymond N\u00e9ris ont effectu\u00e9 une sortie en catamaran accompagn\u00e9s de trois de leurs enseignants et de leur AED r\u00e9f\u00e9rent.  <br><\/p>\n\n\n\n<p><a href=\"https:\/\/site.ac-martinique.fr\/lyc-raymondneris\/wp-content\/uploads\/sites\/40\/2024\/10\/DECOUVERTE-DE-LA-NAVIGATION-A-LA-VOILE-ET-1.pdf\">Lire la suite&#8230;..<\/a><\/p>\n\n\n\n<p><\/p>\n","protected":false},"excerpt":{"rendered":"<p>Le mardi 08 Octobre 2024, les \u00e9l\u00e8ves de 3\u00e8me Pr\u00e9pa-M\u00e9tiers du LP Raymond N\u00e9ris ont effectu\u00e9 une sortie en catamaran accompagn\u00e9s de trois de leurs enseignants et de leur AED r\u00e9f\u00e9rent. Lire la suite&#8230;..<\/p>\n","protected":false},"author":391,"featured_media":0,"comment_status":"closed","ping_status":"closed","sticky":false,"template":"","format":"standard","meta":{"footnotes":""},"categories":[1],"tags":[],"class_list":["post-6016","post","type-post","status-publish","format-standard","hentry","category-non-classe"],"_links":{"self":[{"href":"https:\/\/site.ac-martinique.fr\/lyc-raymondneris\/index.php?rest_route=\/wp\/v2\/posts\/6016","targetHints":{"allow":["GET"]}}],"collection":[{"href":"https:\/\/site.ac-martinique.fr\/lyc-raymondneris\/index.php?rest_route=\/wp\/v2\/posts"}],"about":[{"href":"https:\/\/site.ac-martinique.fr\/lyc-raymondneris\/index.php?rest_route=\/wp\/v2\/types\/post"}],"author":[{"embeddable":true,"href":"https:\/\/site.ac-martinique.fr\/lyc-raymondneris\/index.php?rest_route=\/wp\/v2\/users\/391"}],"replies":[{"embeddable":true,"href":"https:\/\/site.ac-martinique.fr\/lyc-raymondneris\/index.php?rest_route=%2Fwp%2Fv2%2Fcomments&post=6016"}],"version-history":[{"count":4,"href":"https:\/\/site.ac-martinique.fr\/lyc-raymondneris\/index.php?rest_route=\/wp\/v2\/posts\/6016\/revisions"}],"predecessor-version":[{"id":6029,"href":"https:\/\/site.ac-martinique.fr\/lyc-raymondneris\/index.php?rest_route=\/wp\/v2\/posts\/6016\/revisions\/6029"}],"wp:attachment":[{"href":"https:\/\/site.ac-martinique.fr\/lyc-raymondneris\/index.php?rest_route=%2Fwp%2Fv2%2Fmedia&parent=6016"}],"wp:term":[{"taxonomy":"category","embeddable":true,"href":"https:\/\/site.ac-martinique.fr\/lyc-raymondneris\/index.php?rest_route=%2Fwp%2Fv2%2Fcategories&post=6016"},{"taxonomy":"post_tag","embeddable":true,"href":"https:\/\/site.ac-martinique.fr\/lyc-raymondneris\/index.php?rest_route=%2Fwp%2Fv2%2Ftags&post=6016"}],"curies":[{"name":"wp","href":"https:\/\/api.w.org\/{rel}","templated":true}]}}