{"id":1359,"date":"2018-12-11T13:05:35","date_gmt":"2018-12-11T16:05:35","guid":{"rendered":"\/mathematiques\/?p=1359"},"modified":"2018-12-11T14:24:02","modified_gmt":"2018-12-11T17:24:02","slug":"lettre-edu_num-n29","status":"publish","type":"post","link":"https:\/\/site.ac-martinique.fr\/mathematiques\/?p=1359","title":{"rendered":"Lettre \u00c9du_Num n\u00b029"},"content":{"rendered":"<p><img loading=\"lazy\" decoding=\"async\" class=\"alignnone size-medium wp-image-1361\" src=\"\/mathematiques\/wp-content\/uploads\/sites\/18\/2018\/12\/6f4a4546-d861-418b-8151-ae634f05d9d1-300x79.png\" alt=\"\" width=\"300\" height=\"79\" srcset=\"https:\/\/site.ac-martinique.fr\/mathematiques\/wp-content\/uploads\/sites\/18\/2018\/12\/6f4a4546-d861-418b-8151-ae634f05d9d1-300x79.png 300w, https:\/\/site.ac-martinique.fr\/mathematiques\/wp-content\/uploads\/sites\/18\/2018\/12\/6f4a4546-d861-418b-8151-ae634f05d9d1.png 572w\" sizes=\"auto, (max-width: 300px) 100vw, 300px\" \/><\/p>\n<p><a href=\"http:\/\/eduscol.education.fr\/maths\/edunum\/edu_num-maths-29\">http:\/\/eduscol.education.fr\/maths\/edunum\/edu_num-maths-29<\/a><\/p>\n<p><a href=\"https:\/\/eduscol.education.fr\/maths\/edunum\/edu_num-maths-29\">Si vous ne visualisez pas cette Lettre correctement, consultez-la en ligne.<\/a><\/p>\n<h1>Lettre \u00c9du_Num Maths N\u00b029<\/h1>\n<h1>D\u00e9cembre 2018<\/h1>\n<p><strong>Sommaire<\/strong><\/p>\n<p><strong>Zoom sur&#8230;<\/strong><\/p>\n<ul>\n<li>Rep\u00e8res annuels de progression et attendus de fin d&rsquo;ann\u00e9e<\/li>\n<li>Projets de programmes pour le lyc\u00e9e<\/li>\n<li>Prof de maths, un chouette m\u00e9tier<\/li>\n<\/ul>\n<p><strong>\u00c9v\u00e9nements<\/strong><\/p>\n<ul>\n<li>TraAM: travaux de l\u2019ann\u00e9e 2017-2018<\/li>\n<li>Forum des jeunes math\u00e9maticien-ne-s<\/li>\n<li>BaREM: Une collection pour r\u00e9viser le brevet<\/li>\n<\/ul>\n<p><strong>Enseigner avec le num\u00e9rique<\/strong><\/p>\n<ul>\n<li>PIX<\/li>\n<li>Maths et golf<\/li>\n<li>Blog enseignant des maths<\/li>\n<li>Domatex: un outil pour la cr\u00e9ation de sujets<\/li>\n<li>Navadra en version smartphone et tablette<\/li>\n<li>Jeux2Maths<\/li>\n<\/ul>\n<p><strong>Se tenir inform\u00e9<\/strong><\/p>\n<ul>\n<li>Twitter \u00e9duscol Maths<\/li>\n<li>Twitter DNE<\/li>\n<li>Twitter d&rsquo;\u00e9duscol<\/li>\n<li>Fil RSS \u00c9du_Num<\/li>\n<li>Fil RSS du portail des math\u00e9matiques<\/li>\n<\/ul>\n<h2>Zoom sur&#8230;<\/h2>\n<p><img loading=\"lazy\" decoding=\"async\" class=\"alignnone size-medium wp-image-1366\" src=\"\/mathematiques\/wp-content\/uploads\/sites\/18\/2018\/12\/conseil-programme--300x85.png\" alt=\"\" width=\"300\" height=\"85\" srcset=\"https:\/\/site.ac-martinique.fr\/mathematiques\/wp-content\/uploads\/sites\/18\/2018\/12\/conseil-programme--300x85.png 300w, https:\/\/site.ac-martinique.fr\/mathematiques\/wp-content\/uploads\/sites\/18\/2018\/12\/conseil-programme--600x170.png 600w, https:\/\/site.ac-martinique.fr\/mathematiques\/wp-content\/uploads\/sites\/18\/2018\/12\/conseil-programme-.png 625w\" sizes=\"auto, (max-width: 300px) 100vw, 300px\" \/><\/p>\n<h3>Rep\u00e8res annuels de progression et attendus de fin d&rsquo;ann\u00e9e<\/h3>\n<p>Les programmes de fran\u00e7ais, de math\u00e9matiques et d&rsquo;enseignement moral et civique ont \u00e9t\u00e9 clarifi\u00e9s au regard de l&rsquo;objectif de ma\u00eetrise des savoirs fondamentaux (lire, \u00e9crire, compter, respecter autrui) par tous les \u00e9l\u00e8ves.<\/p>\n<p>Des rep\u00e8res annuels de progression ont \u00e9t\u00e9 \u00e9labor\u00e9s par le minist\u00e8re en fran\u00e7ais, math\u00e9matiques et enseignement moral et civique du CP \u00e0 la classe de 3e.<\/p>\n<p><a href=\"https:\/\/eduscol.education.fr\/maths\/edunum\/@@xiti_redirect?url=http%3A\/\/eduscol.education.fr\/pid38211\/consultation-reperes-et-attendus.html\">http:\/\/eduscol.education.fr\/pid38211\/consultation-reperes-et-attendus.html<\/a><\/p>\n<h3>Projets de programmes pour le lyc\u00e9e<\/h3>\n<p>Dans le cadre de la r\u00e9forme du lyc\u00e9e, le CSP a travaill\u00e9 sur les futurs programmes de seconde et de premi\u00e8re.<\/p>\n<p>Les projets de programmes de math\u00e9matiques sont d&rsquo;ors et d\u00e9j\u00e0 consultables sur le site du CSP.<\/p>\n<p><a href=\"https:\/\/eduscol.education.fr\/maths\/edunum\/@@xiti_redirect?url=http%3A\/\/www.education.gouv.fr\/cid131841\/procedure-principes-presidant-elaboration-des-projets-programme-constitution-des-groupes-experts.html\">http:\/\/www.education.gouv.fr\/cid131841\/procedure-principes-presidant-elaboration-des-projets-programme-constitution-des-groupes-experts.html<\/a><\/p>\n<h3>Prof de maths, un chouette m\u00e9tier<\/h3>\n<p>Constitu\u00e9e de deux tomes, cette brochure de l&rsquo;APMEP assemble un choix d&rsquo;articles extraits de la revue PLOT (Partager, Lire, Ouvrir, Transmettre) parus entre 2003 et 2007.<\/p>\n<p>Le m\u00e9tier y est envisag\u00e9 sous tous ses aspects (et pas seulement en math\u00e9matiques), et cette brochure est particuli\u00e8rement pertinente pour les jeunes coll\u00e8gues, qu\u2019ils soient en formation initiale ou d\u00e9j\u00e0 en d\u00e9but de carri\u00e8re.<\/p>\n<p><a href=\"https:\/\/eduscol.education.fr\/maths\/edunum\/@@xiti_redirect?url=https%3A\/\/www.apmep.fr\/%3Fpage%3Dadherents%23\/brochures\/1339-lot-prof.html\">https:\/\/www.apmep.fr\/?page=adherents#\/brochures\/1339-lot-prof.html<\/a><\/p>\n<h2>\u00c9v\u00e9nements<\/h2>\n<h3>TraAM: travaux de l\u2019ann\u00e9e 2017-2018<\/h3>\n<p><img loading=\"lazy\" decoding=\"async\" class=\"alignnone size-medium wp-image-1365\" src=\"\/mathematiques\/wp-content\/uploads\/sites\/18\/2018\/12\/TRAAM-300x91.png\" alt=\"\" width=\"300\" height=\"91\" srcset=\"https:\/\/site.ac-martinique.fr\/mathematiques\/wp-content\/uploads\/sites\/18\/2018\/12\/TRAAM-300x91.png 300w, https:\/\/site.ac-martinique.fr\/mathematiques\/wp-content\/uploads\/sites\/18\/2018\/12\/TRAAM.png 502w\" sizes=\"auto, (max-width: 300px) 100vw, 300px\" \/><\/p>\n<p>Les travaux acad\u00e9miques mutualis\u00e9s de math\u00e9matiques sont publi\u00e9s. Les acad\u00e9mies retenues ont travaill\u00e9 autour de la continuit\u00e9 des apprentissages en algorithmique et programmation, en particulier dans le cadre du passage du coll\u00e8ge au lyc\u00e9e. Leurs activit\u00e9s et synth\u00e8ses sont publi\u00e9es sur leur site acad\u00e9mique, une synth\u00e8se nationale met en lumi\u00e8re les axes forts travaill\u00e9s.<\/p>\n<p><a href=\"https:\/\/eduscol.education.fr\/maths\/edunum\/@@xiti_redirect?url=http%3A\/\/eduscol.education.fr\/maths\/enseigner\/ressources-et-usages-numeriques\/developpement-des-pratiques-pedagogiques-en-academie\/travaux-academiques-mutualises\/2017-2018-continuite-des-apprentissages-en-algorithmique-et-programmation.html\">http:\/\/eduscol.education.fr\/maths\/enseigner\/ressources-et-usages-numeriques\/developpement-des-pratiques-pedagogiques-en-academie\/travaux-academiques-mutualises\/2017-2018-continuite-des-apprentissages-en-algorithmique-et-programmation.html<\/a><\/p>\n<h3>Forum des jeunes math\u00e9maticien-ne-s<\/h3>\n<p><img loading=\"lazy\" decoding=\"async\" class=\"alignnone size-medium wp-image-1369\" src=\"\/mathematiques\/wp-content\/uploads\/sites\/18\/2018\/12\/femmes-300x154.png\" alt=\"\" width=\"300\" height=\"154\" srcset=\"https:\/\/site.ac-martinique.fr\/mathematiques\/wp-content\/uploads\/sites\/18\/2018\/12\/femmes-300x154.png 300w, https:\/\/site.ac-martinique.fr\/mathematiques\/wp-content\/uploads\/sites\/18\/2018\/12\/femmes.png 416w\" sizes=\"auto, (max-width: 300px) 100vw, 300px\" \/><\/p>\n<p>Du 28 au 30 novembre 2018 s&rsquo;est tenu \u00e0 l&rsquo;Hotel Dupanloup \u00e0 Orl\u00e9ans le 18e Forum des Jeunes Math\u00e9maticiennes et Math\u00e9maticiens de l&rsquo;association Femmes et Math\u00e9matiques, en partenariat avec la Mission pour la place des Femmes du CNRS.<\/p>\n<p><a href=\"https:\/\/eduscol.education.fr\/maths\/edunum\/@@xiti_redirect?url=https%3A\/\/forum18.sciencesconf.org\/\">https:\/\/forum18.sciencesconf.org\/<\/a><\/p>\n<h3>BaREM: Une collection pour r\u00e9viser le brevet<\/h3>\n<p><img loading=\"lazy\" decoding=\"async\" class=\"alignnone size-medium wp-image-1368\" src=\"\/mathematiques\/wp-content\/uploads\/sites\/18\/2018\/12\/barem-300x229.png\" alt=\"\" width=\"300\" height=\"229\" srcset=\"https:\/\/site.ac-martinique.fr\/mathematiques\/wp-content\/uploads\/sites\/18\/2018\/12\/barem-300x229.png 300w, https:\/\/site.ac-martinique.fr\/mathematiques\/wp-content\/uploads\/sites\/18\/2018\/12\/barem.png 416w\" sizes=\"auto, (max-width: 300px) 100vw, 300px\" \/><\/p>\n<p>Des enseignants de l\u2019acad\u00e9mie de Cr\u00e9teil proposent diff\u00e9rents modules de r\u00e9vision pour le DNB. Ces modules, r\u00e9unis dans une collection \u201c[RevBrevet]\u201d, sont disponibles \u00e0 tous les \u00e9l\u00e8ves en France ainsi qu\u2019\u00e0 leur professeur par la banque de ressource BaREM. Ainsi, l\u2019enseignant peut s\u2019approprier ou modifier et enrichir les modules et proposer des sessions \u00e0 ses \u00e9l\u00e8ves pour suivre leur \u00e9volution, ou bien encore simplement leur donner le lien vers des sessions d\u00e9j\u00e0 cr\u00e9\u00e9es.<\/p>\n<p><a href=\"https:\/\/eduscol.education.fr\/maths\/edunum\/@@xiti_redirect?url=http%3A\/\/maths.ac-creteil.fr\/spip.php%3Farticle248%26lang%3Dfr\">http:\/\/maths.ac-creteil.fr\/spip.php?article248&amp;lang=fr<\/a><\/p>\n<h2>Enseigner avec le num\u00e9rique<\/h2>\n<h3>PIX<\/h3>\n<p><img loading=\"lazy\" decoding=\"async\" class=\"alignnone size-medium wp-image-1367\" src=\"\/mathematiques\/wp-content\/uploads\/sites\/18\/2018\/12\/PIX-300x198.png\" alt=\"\" width=\"300\" height=\"198\" srcset=\"https:\/\/site.ac-martinique.fr\/mathematiques\/wp-content\/uploads\/sites\/18\/2018\/12\/PIX-300x198.png 300w, https:\/\/site.ac-martinique.fr\/mathematiques\/wp-content\/uploads\/sites\/18\/2018\/12\/PIX.png 416w\" sizes=\"auto, (max-width: 300px) 100vw, 300px\" \/><\/p>\n<p>Exit le B2i, bonjour la certification PIX.<\/p>\n<p>Tr\u00e8s prochainement devrait para\u00eetre le CRCN (Cadre (europ\u00e9en) de R\u00e9f\u00e9rence des Comp\u00e9tences Num\u00e9riques) qui est un r\u00e9f\u00e9rentiel national inscrit dans le cadre europ\u00e9en DIGCOMP. Il rassemble et organise de fa\u00e7on progressive et selon 5 domaines sp\u00e9cifiques, les 16 comp\u00e9tences num\u00e9riques d\u00e9velopp\u00e9es de l&rsquo;\u00e9cole \u00e9l\u00e9mentaire \u00e0 l&rsquo;universit\u00e9 ainsi que dans le contexte de la formation continue des adultes. Dans chaque domaine, 8 niveaux de ma\u00eetrise sont identifi\u00e9s et d\u00e9finis ind\u00e9pendamment des niveaux de qualification du syst\u00e8me \u00e9ducatif.<\/p>\n<p>La plateforme PIX est un service public en ligne d\u2019\u00e9valuation, de d\u00e9veloppement et de certification de ces comp\u00e9tences num\u00e9riques. Les comp\u00e9tences d\u00e9velopp\u00e9es et travaill\u00e9es avec les \u00e9l\u00e8ves peuvent \u00eatre valid\u00e9es et certifi\u00e9es par l&rsquo;interm\u00e9diaire de cette plateforme qui attribue un niveau de ma\u00eetrise de celles-ci. Cette certification sera g\u00e9n\u00e9ralis\u00e9e \u00e0 la rentr\u00e9e 2019-2020 pour tous les \u00e9l\u00e8ves de 3<sup>e<\/sup> et de terminale.<\/p>\n<p><a href=\"https:\/\/eduscol.education.fr\/maths\/edunum\/@@xiti_redirect?url=https%3A\/\/pix.fr\/\">https:\/\/pix.fr\/<\/a><\/p>\n<h3>Maths et golf<\/h3>\n<p>La France a accueilli cette ann\u00e9e la Ryder Cup. \u00c0 cette occasion, deux enseignants de l&rsquo;acad\u00e9mie de Nantes ont cr\u00e9\u00e9 10 probl\u00e8mes autour de ce th\u00e8me.<\/p>\n<p><a href=\"https:\/\/eduscol.education.fr\/maths\/edunum\/@@xiti_redirect?url=http%3A\/\/eduscol.education.fr\/maths\/actualites\/actualites\/article\/des-maths-et-du-golf.html\">http:\/\/eduscol.education.fr\/maths\/actualites\/actualites\/article\/des-maths-et-du-golf.html<\/a><\/p>\n<h3>Blog enseignant des maths<\/h3>\n<p>Les \u00ab\u00a0c\u00e9l\u00e8bres\u00a0\u00bb DUDU proposent de mutualiser des ressources. Il est possible d&rsquo;avoir acc\u00e8s et de partager des cours, des \u00e9valuations, des fichiers tableur etc.<\/p>\n<p><a href=\"https:\/\/eduscol.education.fr\/maths\/edunum\/@@xiti_redirect?url=http%3A\/\/eduscol.education.fr\/maths\/actualites\/actualites\/article\/blog-enseignant-des-maths.html\">http:\/\/eduscol.education.fr\/maths\/actualites\/actualites\/article\/blog-enseignant-des-maths.html<\/a><\/p>\n<h3>Domatex: un outil pour la cr\u00e9ation de sujets<\/h3>\n<p>Domatex est un site d\u00e9velopp\u00e9 par St\u00e9phane MONTEGU, enseignant dans l\u2019acad\u00e9mie de Montpellier. Il permet, en quelques clics seulement, de cr\u00e9er des sujets \u00e0 partir d\u2019une base de donn\u00e9es d\u2019exercices (par exemple de sujets de brevet des sessions pr\u00e9c\u00e9dentes) ou bien en l\u2019enrichissant de ses propres productions. Le tout en b\u00e9n\u00e9ficiant d\u2019une qualit\u00e9 de mise en page propre au Latex.<\/p>\n<p>Pour d\u00e9couvrir (ou re d\u00e9couvrir) cet outil, un tutoriel vid\u00e9o est disponible : \u201cComment cr\u00e9er un brevet blanc en quelques minutes\u201d :<\/p>\n<p><a href=\"https:\/\/eduscol.education.fr\/maths\/edunum\/@@xiti_redirect?url=https%3A\/\/www.youtube.com\/watch%3Fv%3D6wdsOgni3Gs%26feature%3Dyoutu.be\">https:\/\/www.youtube.com\/watch?v=6wdsOgni3Gs&amp;feature=youtu.be<\/a><\/p>\n<p><a href=\"https:\/\/eduscol.education.fr\/maths\/edunum\/@@xiti_redirect?url=https%3A\/\/domatex.fr\/\">https:\/\/domatex.fr\/<\/a><\/p>\n<h3>Navadra en version smartphone et tablette<\/h3>\n<p>Depuis le 8 janvier 2018, le c\u00e9l\u00e8bre jeu Navadra est disponible en 3D sur tablettes et smartphones.<\/p>\n<p>Cette nouvelle version se veut plus immersive, l\u2019objectif \u00e9tant de rendre les math\u00e9matiques plus attractives pour les \u00e9l\u00e8ves, en particulier de coll\u00e8ge.<\/p>\n<p>Un article: <a href=\"https:\/\/eduscol.education.fr\/maths\/edunum\/@@xiti_redirect?url=https%3A\/\/www.numerama.com\/tech\/318727-navadra-le-jeu-video-qui-veut-faire-aimer-les-maths-aux-collegiens-arrive-en-3d-sur-mobile.html\">https:\/\/www.numerama.com\/tech\/318727-navadra-le-jeu-video-qui-veut-faire-aimer-les-maths-aux-collegiens-arrive-en-3d-sur-mobile.html<\/a><\/p>\n<p>Le site: <a href=\"https:\/\/eduscol.education.fr\/maths\/edunum\/@@xiti_redirect?url=https%3A\/\/jeu.navadra.com\/\">https:\/\/jeu.navadra.com\/<\/a><\/p>\n<h3>Jeux2Maths<\/h3>\n<p>Le groupe Jeux2Maths (<a href=\"https:\/\/eduscol.education.fr\/maths\/edunum\/@@xiti_redirect?url=http%3A\/\/jeux2maths.fr\/qui-sommes-nous\/\">http:\/\/jeux2maths.fr\/qui-sommes-nous\/<\/a>) est un groupe de recherche Irem de Basse-Normandie et propose sur le site tous les jeux qu&rsquo;ils ont cr\u00e9\u00e9s depuis 1990.<\/p>\n<p>Pour chaque jeu on trouvera une d\u00e9monstration, les r\u00e8gles, le mat\u00e9riel (\u00e0 imprimer ou fabriquer) et la possibilit\u00e9 de jouer en ligne.<\/p>\n<p>Vectominos par exemple est une sorte de jeu de dominos dans lequel intervient sans cesse la notion de somme de vecteurs.<\/p>\n<p>Multiplicato n\u00e9cessite de conna\u00eetre ses tables sur le bout des doigts.<\/p>\n<p>Kelpolygoness : saurez-vous deviner la carte myst\u00e8re en posant les bonne questions auxquelles votre adversaire ne pourra r\u00e9pondre que par oui ou non ?<\/p>\n<p>Et bien d&rsquo;autres jeux qui abordent les notions indispensables de coll\u00e8ge et lyc\u00e9e.<\/p>\n<p><a href=\"https:\/\/eduscol.education.fr\/maths\/edunum\/@@xiti_redirect?url=http%3A\/\/eduscol.education.fr\/maths\/actualites\/actualites\/article\/jeux2maths.html\">http:\/\/eduscol.education.fr\/maths\/actualites\/actualites\/article\/jeux2maths.html<\/a><\/p>\n<p>Par ailleurs, si la th\u00e9matique du jeu vous int\u00e9resse, \u00e9duscol propose un portail national de ressources \u00abapprendre avec le jeu num\u00e9rique\u00bb :<\/p>\n<p><a href=\"https:\/\/eduscol.education.fr\/maths\/edunum\/@@xiti_redirect?url=http%3A\/\/eduscol.education.fr\/jeu-numerique\/\">http:\/\/eduscol.education.fr\/jeu-numerique\/<\/a><\/p>\n<h2>Se tenir inform\u00e9<\/h2>\n<h3>Twitter \u00e9duscol Maths<\/h3>\n<p>L&rsquo;actualit\u00e9 des Maths et du portail :<br \/>\n<a href=\"https:\/\/eduscol.education.fr\/maths\/edunum\/@@xiti_redirect?url=https%3A\/\/twitter.com\/eduscol_maths\">@eduscol_maths <\/a><\/p>\n<h3>Twitter DNE<\/h3>\n<p>Les informations de la DNE sur twitter :<br \/>\n<a href=\"https:\/\/eduscol.education.fr\/maths\/edunum\/@@xiti_redirect?url=https%3A\/\/twitter.com\/edu_num\">@edu_num <\/a><\/p>\n<h3>Twitter d&rsquo;\u00e9duscol<\/h3>\n<p>Pour ne rien manquer des informations d\u2019\u00e9duscol, abonnez-vous \u00e0 son Twitter : <a href=\"https:\/\/eduscol.education.fr\/maths\/edunum\/@@xiti_redirect?url=https%3A\/\/twitter.com\/Eduscol\">@eduscol <\/a><\/p>\n<h3>Fil RSS \u00c9du_Num<\/h3>\n<p>Les lettres \u00c9du_Num \u00ab\u00a0math\u00e9matiques\u00a0\u00bb disposent d&rsquo;un fil RSS qui leur est d\u00e9di\u00e9 :<br \/>\n<a href=\"https:\/\/eduscol.education.fr\/maths\/edunum\/@@xiti_redirect?url=http%3A\/\/eduscol.education.fr\/maths\/edunum\/fil\/rss.xml\">eduscol.education.fr\/maths\/edunum\/fil\/rss.xml<\/a><\/p>\n<h3>Fil RSS du portail des math\u00e9matiques<\/h3>\n<p>Abonnez vous au flux RSS en suivant ce lien :<br \/>\n<a href=\"https:\/\/eduscol.education.fr\/maths\/edunum\/@@xiti_redirect?url=http%3A\/\/eduscol.education.fr\/maths\/fils-rss.html\">eduscol.education.fr\/maths\/fils-rss.html<\/a><\/p>\n<p>Cette lettre est propos\u00e9e, pour les informations nationales, par<br \/>\nC. Accard, C. Michau et N. Lemoine &#8211; Direction du Num\u00e9rique pour l&rsquo;\u00c9ducation (DNE),<br \/>\nen liaison avec la Direction G\u00e9n\u00e9rale de l&rsquo;Enseignement Scolaire (DGESCO)<br \/>\net l&rsquo;inspection g\u00e9n\u00e9rale de math\u00e9matiques.<\/p>\n<p>\u00a9 &#8211; Minist\u00e8re de l&rsquo;\u00e9ducation nationale &#8211;<\/p>\n<p>&nbsp;<\/p>\n","protected":false},"excerpt":{"rendered":"<p>http:\/\/eduscol.education.fr\/maths\/edunum\/edu_num-maths-29 Si vous ne visualisez pas cette Lettre correctement, consultez-la en ligne. Lettre \u00c9du_Num Maths N\u00b029 D\u00e9cembre 2018 Sommaire Zoom sur&#8230; Rep\u00e8res annuels de progression et attendus de fin d&rsquo;ann\u00e9e Projets de programmes pour le lyc\u00e9e Prof de maths, un chouette m\u00e9tier \u00c9v\u00e9nements TraAM: travaux de l\u2019ann\u00e9e 2017-2018 Forum des jeunes math\u00e9maticien-ne-s BaREM: Une collection [&hellip;]<\/p>\n","protected":false},"author":74,"featured_media":0,"comment_status":"closed","ping_status":"closed","sticky":false,"template":"","format":"standard","meta":{"footnotes":""},"categories":[1],"tags":[],"class_list":["post-1359","post","type-post","status-publish","format-standard","hentry","category-info"],"_links":{"self":[{"href":"https:\/\/site.ac-martinique.fr\/mathematiques\/index.php?rest_route=\/wp\/v2\/posts\/1359","targetHints":{"allow":["GET"]}}],"collection":[{"href":"https:\/\/site.ac-martinique.fr\/mathematiques\/index.php?rest_route=\/wp\/v2\/posts"}],"about":[{"href":"https:\/\/site.ac-martinique.fr\/mathematiques\/index.php?rest_route=\/wp\/v2\/types\/post"}],"author":[{"embeddable":true,"href":"https:\/\/site.ac-martinique.fr\/mathematiques\/index.php?rest_route=\/wp\/v2\/users\/74"}],"replies":[{"embeddable":true,"href":"https:\/\/site.ac-martinique.fr\/mathematiques\/index.php?rest_route=%2Fwp%2Fv2%2Fcomments&post=1359"}],"version-history":[{"count":5,"href":"https:\/\/site.ac-martinique.fr\/mathematiques\/index.php?rest_route=\/wp\/v2\/posts\/1359\/revisions"}],"predecessor-version":[{"id":1371,"href":"https:\/\/site.ac-martinique.fr\/mathematiques\/index.php?rest_route=\/wp\/v2\/posts\/1359\/revisions\/1371"}],"wp:attachment":[{"href":"https:\/\/site.ac-martinique.fr\/mathematiques\/index.php?rest_route=%2Fwp%2Fv2%2Fmedia&parent=1359"}],"wp:term":[{"taxonomy":"category","embeddable":true,"href":"https:\/\/site.ac-martinique.fr\/mathematiques\/index.php?rest_route=%2Fwp%2Fv2%2Fcategories&post=1359"},{"taxonomy":"post_tag","embeddable":true,"href":"https:\/\/site.ac-martinique.fr\/mathematiques\/index.php?rest_route=%2Fwp%2Fv2%2Ftags&post=1359"}],"curies":[{"name":"wp","href":"https:\/\/api.w.org\/{rel}","templated":true}]}}