{"id":1376,"date":"2019-02-18T09:47:38","date_gmt":"2019-02-18T12:47:38","guid":{"rendered":"\/mathematiques\/?page_id=1376"},"modified":"2022-01-04T22:17:35","modified_gmt":"2022-01-05T01:17:35","slug":"semaine-des-mathematiques-2019-jouons-ensemble-aux-mathematiques","status":"publish","type":"post","link":"https:\/\/site.ac-martinique.fr\/mathematiques\/?p=1376","title":{"rendered":"Semaine des math\u00e9matiques  2019 : Jouons ensemble aux math\u00e9matiques!"},"content":{"rendered":"<p><span style=\"font-size: 14pt;\">La semaine des math\u00e9matiques, manifestation nationale dont la 8<sup>\u00e8me<\/sup> \u00e9dition se d\u00e9roule du 11 au 17 mars 2019, a pour objectif de montrer aux \u00e9l\u00e8ves et au grand public une image actuelle, vivante et attractive des math\u00e9matiques.<\/span><\/p>\n<p><span style=\"font-size: 14pt;\">Cette semaine s\u2019attache \u00e0\u00a0:<\/span><\/p>\n<ul>\n<li><span style=\"font-size: 14pt;\">sensibiliser le grand public \u00e0 l\u2019aspect culturel des math\u00e9matiques en montrant le r\u00f4le essentiel qu\u2019elles jouent dans l\u2019histoire de l\u2019humanit\u00e9, notamment du point de vue de la compr\u00e9hension scientifique du monde\u00a0;<\/span><\/li>\n<li><span style=\"font-size: 14pt;\">valoriser les nombreuses actions mises en \u0153uvre tout au long de l\u2019ann\u00e9e en faveur du rayonnement des math\u00e9matiques\u00a0;<\/span><\/li>\n<li><span style=\"font-size: 14pt;\">souligner l\u2019importance qu\u2019ont les math\u00e9matiques dans la formation des citoyens (contribution \u00e0 l\u2019apprentissage du raisonnement, structuration de la pens\u00e9e, etc.) et dans leur vie quotidienne (nombres, formes, mesures, sciences du num\u00e9rique, etc.)\u00a0;<\/span><\/li>\n<li><span style=\"font-size: 14pt;\">mettre en \u00e9vidence la vari\u00e9t\u00e9 des m\u00e9tiers dans lesquels les math\u00e9matiques jouent un r\u00f4le majeur, ainsi que la richesse des liens que les math\u00e9matiques entretiennent avec d\u2019autres disciplines, qu\u2019elles soient scientifiques, techniques ou artistiques (musique, litt\u00e9rature, arts visuels).<\/span><\/li>\n<\/ul>\n<p><span style=\"font-size: 14pt;\">S\u2019inscrivant pleinement dans les orientations de la Strat\u00e9gie math\u00e9matiques de 2014 et du rapport Villani-Torossian,<\/span><br \/>\n<span style=\"font-size: 14pt;\"> <strong>la Semaine des math\u00e9matiques permet de faire d\u00e9couvrir \u00e0 tous les \u00e9l\u00e8ves le plaisir de faire des math\u00e9matiques et favorise l\u2019\u00e9closion d\u2019une v\u00e9ritable culture scientifique.<\/strong><\/span><\/p>\n<p>&nbsp;<\/p>\n<p>&nbsp;<\/p>\n<p style=\"text-align: center;\"><span style=\"font-size: 24pt; color: #0000ff;\"><strong>Programme de la semaine des math\u00e9matiques 2019<\/strong><\/span><\/p>\n<p style=\"text-align: center;\"><span style=\"font-size: 24pt; color: #0000ff;\"><strong>\u00a0<\/strong><\/span><span style=\"font-size: 24pt; color: #0000ff;\"><strong>\u00a0<\/strong><\/span><span style=\"font-size: 24pt; color: #0000ff;\"><strong>Jouons ensemble aux math\u00e9matiques<\/strong><\/span><\/p>\n<p>&nbsp;<\/p>\n<p><span style=\"font-size: 14pt;\"><strong>Lundi 11 mars 2019\u00a0:<\/strong><\/span><\/p>\n<ul>\n<li><span style=\"font-size: 14pt;\"><strong>C\u00e9r\u00e9monie d\u2019ouverture <\/strong>de la <strong>8<sup>\u00e8me<\/sup> \u00e9dition<\/strong> de la semaine des math\u00e9matiques, de<strong> 11h \u00e0 13h<\/strong> au <strong>LPO ACAJOU 2<\/strong> au Lamentin par la pr\u00e9sentation d\u2019un club de math\u00e9matiques jouant ensemble aux math\u00e9matiques\u00a0: Mathador, Bridge, Echecs,\u00a0<\/span><span style=\"font-size: 14pt;\">Ti point-Ti croix.<\/span><\/li>\n<\/ul>\n<p>Les \u00e9nigmes du jour :<\/p>\n<p>&nbsp;<\/p>\n<p><img loading=\"lazy\" decoding=\"async\" class=\"alignnone size-full wp-image-1441\" src=\"\/mathematiques\/wp-content\/uploads\/sites\/18\/2019\/02\/C3P1.jpg\" alt=\"\" width=\"4701\" height=\"3324\" srcset=\"https:\/\/site.ac-martinique.fr\/mathematiques\/wp-content\/uploads\/sites\/18\/2019\/02\/C3P1.jpg 4701w, https:\/\/site.ac-martinique.fr\/mathematiques\/wp-content\/uploads\/sites\/18\/2019\/02\/C3P1-300x212.jpg 300w, https:\/\/site.ac-martinique.fr\/mathematiques\/wp-content\/uploads\/sites\/18\/2019\/02\/C3P1-768x543.jpg 768w, https:\/\/site.ac-martinique.fr\/mathematiques\/wp-content\/uploads\/sites\/18\/2019\/02\/C3P1-1024x724.jpg 1024w, https:\/\/site.ac-martinique.fr\/mathematiques\/wp-content\/uploads\/sites\/18\/2019\/02\/C3P1-600x424.jpg 600w, https:\/\/site.ac-martinique.fr\/mathematiques\/wp-content\/uploads\/sites\/18\/2019\/02\/C3P1-730x516.jpg 730w\" sizes=\"auto, (max-width: 4701px) 100vw, 4701px\" \/><\/p>\n<p><img loading=\"lazy\" decoding=\"async\" class=\"alignnone size-full wp-image-1399\" src=\"\/mathematiques\/wp-content\/uploads\/sites\/18\/2019\/02\/SEMAINE-DES-MATHEMATIQUES-2019_cycle-4_def_Page_1.jpg\" alt=\"\" width=\"2433\" height=\"1720\" srcset=\"https:\/\/site.ac-martinique.fr\/mathematiques\/wp-content\/uploads\/sites\/18\/2019\/02\/SEMAINE-DES-MATHEMATIQUES-2019_cycle-4_def_Page_1.jpg 2433w, https:\/\/site.ac-martinique.fr\/mathematiques\/wp-content\/uploads\/sites\/18\/2019\/02\/SEMAINE-DES-MATHEMATIQUES-2019_cycle-4_def_Page_1-300x212.jpg 300w, https:\/\/site.ac-martinique.fr\/mathematiques\/wp-content\/uploads\/sites\/18\/2019\/02\/SEMAINE-DES-MATHEMATIQUES-2019_cycle-4_def_Page_1-768x543.jpg 768w, https:\/\/site.ac-martinique.fr\/mathematiques\/wp-content\/uploads\/sites\/18\/2019\/02\/SEMAINE-DES-MATHEMATIQUES-2019_cycle-4_def_Page_1-1024x724.jpg 1024w, https:\/\/site.ac-martinique.fr\/mathematiques\/wp-content\/uploads\/sites\/18\/2019\/02\/SEMAINE-DES-MATHEMATIQUES-2019_cycle-4_def_Page_1-600x424.jpg 600w, https:\/\/site.ac-martinique.fr\/mathematiques\/wp-content\/uploads\/sites\/18\/2019\/02\/SEMAINE-DES-MATHEMATIQUES-2019_cycle-4_def_Page_1-730x516.jpg 730w\" sizes=\"auto, (max-width: 2433px) 100vw, 2433px\" \/><\/p>\n<p><img loading=\"lazy\" decoding=\"async\" class=\"alignnone size-full wp-image-1442\" src=\"\/mathematiques\/wp-content\/uploads\/sites\/18\/2019\/02\/LP1.jpg\" alt=\"\" width=\"1654\" height=\"2339\" srcset=\"https:\/\/site.ac-martinique.fr\/mathematiques\/wp-content\/uploads\/sites\/18\/2019\/02\/LP1.jpg 1654w, https:\/\/site.ac-martinique.fr\/mathematiques\/wp-content\/uploads\/sites\/18\/2019\/02\/LP1-212x300.jpg 212w, https:\/\/site.ac-martinique.fr\/mathematiques\/wp-content\/uploads\/sites\/18\/2019\/02\/LP1-768x1086.jpg 768w, https:\/\/site.ac-martinique.fr\/mathematiques\/wp-content\/uploads\/sites\/18\/2019\/02\/LP1-724x1024.jpg 724w, https:\/\/site.ac-martinique.fr\/mathematiques\/wp-content\/uploads\/sites\/18\/2019\/02\/LP1-600x848.jpg 600w, https:\/\/site.ac-martinique.fr\/mathematiques\/wp-content\/uploads\/sites\/18\/2019\/02\/LP1-730x1032.jpg 730w\" sizes=\"auto, (max-width: 1654px) 100vw, 1654px\" \/><\/p>\n<p>Les corrig\u00e9s des \u00e9nigmes du lundi\u00a0:<\/p>\n<p><img loading=\"lazy\" decoding=\"async\" class=\"alignnone size-full wp-image-1416\" src=\"\/mathematiques\/wp-content\/uploads\/sites\/18\/2019\/02\/carrcycle3page-1.png\" alt=\"\" width=\"958\" height=\"275\" srcset=\"https:\/\/site.ac-martinique.fr\/mathematiques\/wp-content\/uploads\/sites\/18\/2019\/02\/carrcycle3page-1.png 958w, https:\/\/site.ac-martinique.fr\/mathematiques\/wp-content\/uploads\/sites\/18\/2019\/02\/carrcycle3page-1-300x86.png 300w, https:\/\/site.ac-martinique.fr\/mathematiques\/wp-content\/uploads\/sites\/18\/2019\/02\/carrcycle3page-1-768x220.png 768w, https:\/\/site.ac-martinique.fr\/mathematiques\/wp-content\/uploads\/sites\/18\/2019\/02\/carrcycle3page-1-600x172.png 600w, https:\/\/site.ac-martinique.fr\/mathematiques\/wp-content\/uploads\/sites\/18\/2019\/02\/carrcycle3page-1-730x210.png 730w\" sizes=\"auto, (max-width: 958px) 100vw, 958px\" \/><\/p>\n<p><img loading=\"lazy\" decoding=\"async\" class=\"alignnone size-full wp-image-1414\" src=\"\/mathematiques\/wp-content\/uploads\/sites\/18\/2019\/02\/CORRIGES-SEMAINE-DES-MATHEMATIQUES-2019_cycle-4_Page_1.jpg\" alt=\"\" width=\"2433\" height=\"1720\" srcset=\"https:\/\/site.ac-martinique.fr\/mathematiques\/wp-content\/uploads\/sites\/18\/2019\/02\/CORRIGES-SEMAINE-DES-MATHEMATIQUES-2019_cycle-4_Page_1.jpg 2433w, https:\/\/site.ac-martinique.fr\/mathematiques\/wp-content\/uploads\/sites\/18\/2019\/02\/CORRIGES-SEMAINE-DES-MATHEMATIQUES-2019_cycle-4_Page_1-300x212.jpg 300w, https:\/\/site.ac-martinique.fr\/mathematiques\/wp-content\/uploads\/sites\/18\/2019\/02\/CORRIGES-SEMAINE-DES-MATHEMATIQUES-2019_cycle-4_Page_1-768x543.jpg 768w, https:\/\/site.ac-martinique.fr\/mathematiques\/wp-content\/uploads\/sites\/18\/2019\/02\/CORRIGES-SEMAINE-DES-MATHEMATIQUES-2019_cycle-4_Page_1-1024x724.jpg 1024w, https:\/\/site.ac-martinique.fr\/mathematiques\/wp-content\/uploads\/sites\/18\/2019\/02\/CORRIGES-SEMAINE-DES-MATHEMATIQUES-2019_cycle-4_Page_1-600x424.jpg 600w, https:\/\/site.ac-martinique.fr\/mathematiques\/wp-content\/uploads\/sites\/18\/2019\/02\/CORRIGES-SEMAINE-DES-MATHEMATIQUES-2019_cycle-4_Page_1-730x516.jpg 730w\" sizes=\"auto, (max-width: 2433px) 100vw, 2433px\" \/><\/p>\n<p><img loading=\"lazy\" decoding=\"async\" class=\"alignnone size-full wp-image-1415\" src=\"\/mathematiques\/wp-content\/uploads\/sites\/18\/2019\/02\/SEMAINE-DES-MATHEMATIQUES-corrig\u00e9-Mars-2019-V2_Page_1.jpg\" alt=\"\" width=\"1654\" height=\"2339\" srcset=\"https:\/\/site.ac-martinique.fr\/mathematiques\/wp-content\/uploads\/sites\/18\/2019\/02\/SEMAINE-DES-MATHEMATIQUES-corrig\u00e9-Mars-2019-V2_Page_1.jpg 1654w, https:\/\/site.ac-martinique.fr\/mathematiques\/wp-content\/uploads\/sites\/18\/2019\/02\/SEMAINE-DES-MATHEMATIQUES-corrig\u00e9-Mars-2019-V2_Page_1-212x300.jpg 212w, https:\/\/site.ac-martinique.fr\/mathematiques\/wp-content\/uploads\/sites\/18\/2019\/02\/SEMAINE-DES-MATHEMATIQUES-corrig\u00e9-Mars-2019-V2_Page_1-768x1086.jpg 768w, https:\/\/site.ac-martinique.fr\/mathematiques\/wp-content\/uploads\/sites\/18\/2019\/02\/SEMAINE-DES-MATHEMATIQUES-corrig\u00e9-Mars-2019-V2_Page_1-724x1024.jpg 724w, https:\/\/site.ac-martinique.fr\/mathematiques\/wp-content\/uploads\/sites\/18\/2019\/02\/SEMAINE-DES-MATHEMATIQUES-corrig\u00e9-Mars-2019-V2_Page_1-600x848.jpg 600w, https:\/\/site.ac-martinique.fr\/mathematiques\/wp-content\/uploads\/sites\/18\/2019\/02\/SEMAINE-DES-MATHEMATIQUES-corrig\u00e9-Mars-2019-V2_Page_1-730x1032.jpg 730w\" sizes=\"auto, (max-width: 1654px) 100vw, 1654px\" \/><\/p>\n<p><strong>Mardi 12 mars 2019\u00a0:<\/strong><\/p>\n<ul>\n<li><span style=\"font-size: 14pt;\"><strong>17h\u00a0: jeux math\u00e9matiques \u00e0 l\u2019ESPE<\/strong><\/span><\/li>\n<\/ul>\n<ul>\n<li><span style=\"font-size: 14pt;\"><strong>Conf\u00e9rences -questions tout public \u00ab\u00a0Jeux et math\u00e9matiques\u00a0\u00bb<\/strong> de<strong> 18h \u00e0 20h<\/strong> \u00e0 la salle polyvalente de l\u2019<strong>ESPE<\/strong>, anim\u00e9e par\u00a0:<\/span><\/li>\n<\/ul>\n<p><span style=\"font-size: 14pt;\">&#8211; Groupe KABRIT BWA de l\u2019I.R.E.M. sur le jeu de S\u00e8bi et le jeu de ciseaux, pierre, feuille.<\/span><\/p>\n<p><span style=\"font-size: 14pt;\">&#8211; Monsieur Antoine EDOUARD, pr\u00e9sident du District de Bridge de Martinique sur l\u2019apport du jeu de Bridge aux math\u00e9matiques.<\/span><\/p>\n<p><span style=\"font-size: 14pt;\">&#8211; Monsieur Maximilian HASLER (Universit\u00e9 des Antilles) et des \u00e9tudiants de L3 du D.S.I. du Campus de Sch\u0153lcher sur la th\u00e9orie des jeux.<\/span><\/p>\n<p>Les \u00e9nigmes du jour :<\/p>\n<p><img loading=\"lazy\" decoding=\"async\" class=\"alignnone size-full wp-image-1419\" src=\"\/mathematiques\/wp-content\/uploads\/sites\/18\/2019\/02\/SEMAINE-DES-MATHEMATIQUES-2019_cycle-3_d\u00e9f2_Page_2.jpg\" alt=\"\" width=\"2620\" height=\"1852\" srcset=\"https:\/\/site.ac-martinique.fr\/mathematiques\/wp-content\/uploads\/sites\/18\/2019\/02\/SEMAINE-DES-MATHEMATIQUES-2019_cycle-3_d\u00e9f2_Page_2.jpg 2620w, https:\/\/site.ac-martinique.fr\/mathematiques\/wp-content\/uploads\/sites\/18\/2019\/02\/SEMAINE-DES-MATHEMATIQUES-2019_cycle-3_d\u00e9f2_Page_2-300x212.jpg 300w, https:\/\/site.ac-martinique.fr\/mathematiques\/wp-content\/uploads\/sites\/18\/2019\/02\/SEMAINE-DES-MATHEMATIQUES-2019_cycle-3_d\u00e9f2_Page_2-768x543.jpg 768w, https:\/\/site.ac-martinique.fr\/mathematiques\/wp-content\/uploads\/sites\/18\/2019\/02\/SEMAINE-DES-MATHEMATIQUES-2019_cycle-3_d\u00e9f2_Page_2-1024x724.jpg 1024w, https:\/\/site.ac-martinique.fr\/mathematiques\/wp-content\/uploads\/sites\/18\/2019\/02\/SEMAINE-DES-MATHEMATIQUES-2019_cycle-3_d\u00e9f2_Page_2-600x424.jpg 600w, https:\/\/site.ac-martinique.fr\/mathematiques\/wp-content\/uploads\/sites\/18\/2019\/02\/SEMAINE-DES-MATHEMATIQUES-2019_cycle-3_d\u00e9f2_Page_2-730x516.jpg 730w\" sizes=\"auto, (max-width: 2620px) 100vw, 2620px\" \/> <img loading=\"lazy\" decoding=\"async\" class=\"alignnone size-full wp-image-1420\" src=\"\/mathematiques\/wp-content\/uploads\/sites\/18\/2019\/02\/SEMAINE-DES-MATHEMATIQUES-2019_cycle-4_def_Page_2.jpg\" alt=\"\" width=\"1965\" height=\"1389\" srcset=\"https:\/\/site.ac-martinique.fr\/mathematiques\/wp-content\/uploads\/sites\/18\/2019\/02\/SEMAINE-DES-MATHEMATIQUES-2019_cycle-4_def_Page_2.jpg 1965w, https:\/\/site.ac-martinique.fr\/mathematiques\/wp-content\/uploads\/sites\/18\/2019\/02\/SEMAINE-DES-MATHEMATIQUES-2019_cycle-4_def_Page_2-300x212.jpg 300w, https:\/\/site.ac-martinique.fr\/mathematiques\/wp-content\/uploads\/sites\/18\/2019\/02\/SEMAINE-DES-MATHEMATIQUES-2019_cycle-4_def_Page_2-768x543.jpg 768w, https:\/\/site.ac-martinique.fr\/mathematiques\/wp-content\/uploads\/sites\/18\/2019\/02\/SEMAINE-DES-MATHEMATIQUES-2019_cycle-4_def_Page_2-1024x724.jpg 1024w, https:\/\/site.ac-martinique.fr\/mathematiques\/wp-content\/uploads\/sites\/18\/2019\/02\/SEMAINE-DES-MATHEMATIQUES-2019_cycle-4_def_Page_2-600x424.jpg 600w, https:\/\/site.ac-martinique.fr\/mathematiques\/wp-content\/uploads\/sites\/18\/2019\/02\/SEMAINE-DES-MATHEMATIQUES-2019_cycle-4_def_Page_2-730x516.jpg 730w\" sizes=\"auto, (max-width: 1965px) 100vw, 1965px\" \/> <img loading=\"lazy\" decoding=\"async\" class=\"size-full wp-image-1418 alignnone\" src=\"\/mathematiques\/wp-content\/uploads\/sites\/18\/2019\/02\/SEMAINE-DES-MATHEMATIQUES-V2-LYc\u00e9e-Mars-2019_Page_2.jpg\" alt=\"\" width=\"1654\" height=\"2339\" srcset=\"https:\/\/site.ac-martinique.fr\/mathematiques\/wp-content\/uploads\/sites\/18\/2019\/02\/SEMAINE-DES-MATHEMATIQUES-V2-LYc\u00e9e-Mars-2019_Page_2.jpg 1654w, https:\/\/site.ac-martinique.fr\/mathematiques\/wp-content\/uploads\/sites\/18\/2019\/02\/SEMAINE-DES-MATHEMATIQUES-V2-LYc\u00e9e-Mars-2019_Page_2-212x300.jpg 212w, https:\/\/site.ac-martinique.fr\/mathematiques\/wp-content\/uploads\/sites\/18\/2019\/02\/SEMAINE-DES-MATHEMATIQUES-V2-LYc\u00e9e-Mars-2019_Page_2-768x1086.jpg 768w, https:\/\/site.ac-martinique.fr\/mathematiques\/wp-content\/uploads\/sites\/18\/2019\/02\/SEMAINE-DES-MATHEMATIQUES-V2-LYc\u00e9e-Mars-2019_Page_2-724x1024.jpg 724w, https:\/\/site.ac-martinique.fr\/mathematiques\/wp-content\/uploads\/sites\/18\/2019\/02\/SEMAINE-DES-MATHEMATIQUES-V2-LYc\u00e9e-Mars-2019_Page_2-600x848.jpg 600w, https:\/\/site.ac-martinique.fr\/mathematiques\/wp-content\/uploads\/sites\/18\/2019\/02\/SEMAINE-DES-MATHEMATIQUES-V2-LYc\u00e9e-Mars-2019_Page_2-730x1032.jpg 730w\" sizes=\"auto, (max-width: 1654px) 100vw, 1654px\" \/><\/p>\n<p style=\"text-align: center;\"><em><span style=\"color: #ff0000;\"><strong>(NB: les copies pour affichage\u00a0 doivent \u00eatre en couleur!)<\/strong><\/span><\/em><\/p>\n<p>&nbsp;<\/p>\n<p>Les corrig\u00e9s des \u00e9nigmes du mardi\u00a0:<\/p>\n<p>&nbsp;<\/p>\n<p><img loading=\"lazy\" decoding=\"async\" class=\"alignnone size-full wp-image-1458\" src=\"\/mathematiques\/wp-content\/uploads\/sites\/18\/2019\/03\/Capture-d\u2019\u00e9cran-2019-03-12-\u00e0-15.33.19.png\" alt=\"\" width=\"366\" height=\"323\" srcset=\"https:\/\/site.ac-martinique.fr\/mathematiques\/wp-content\/uploads\/sites\/18\/2019\/03\/Capture-d\u2019\u00e9cran-2019-03-12-\u00e0-15.33.19.png 366w, https:\/\/site.ac-martinique.fr\/mathematiques\/wp-content\/uploads\/sites\/18\/2019\/03\/Capture-d\u2019\u00e9cran-2019-03-12-\u00e0-15.33.19-300x265.png 300w\" sizes=\"auto, (max-width: 366px) 100vw, 366px\" \/> <img loading=\"lazy\" decoding=\"async\" class=\"alignnone size-full wp-image-1452\" src=\"\/mathematiques\/wp-content\/uploads\/sites\/18\/2019\/03\/CORRIGES-SEMAINE-DES-MATHEMATIQUES-2019_cycle-4_Page_2.jpg\" alt=\"\" width=\"1743\" height=\"1232\" srcset=\"https:\/\/site.ac-martinique.fr\/mathematiques\/wp-content\/uploads\/sites\/18\/2019\/03\/CORRIGES-SEMAINE-DES-MATHEMATIQUES-2019_cycle-4_Page_2.jpg 1743w, https:\/\/site.ac-martinique.fr\/mathematiques\/wp-content\/uploads\/sites\/18\/2019\/03\/CORRIGES-SEMAINE-DES-MATHEMATIQUES-2019_cycle-4_Page_2-300x212.jpg 300w, https:\/\/site.ac-martinique.fr\/mathematiques\/wp-content\/uploads\/sites\/18\/2019\/03\/CORRIGES-SEMAINE-DES-MATHEMATIQUES-2019_cycle-4_Page_2-768x543.jpg 768w, https:\/\/site.ac-martinique.fr\/mathematiques\/wp-content\/uploads\/sites\/18\/2019\/03\/CORRIGES-SEMAINE-DES-MATHEMATIQUES-2019_cycle-4_Page_2-1024x724.jpg 1024w, https:\/\/site.ac-martinique.fr\/mathematiques\/wp-content\/uploads\/sites\/18\/2019\/03\/CORRIGES-SEMAINE-DES-MATHEMATIQUES-2019_cycle-4_Page_2-600x424.jpg 600w, https:\/\/site.ac-martinique.fr\/mathematiques\/wp-content\/uploads\/sites\/18\/2019\/03\/CORRIGES-SEMAINE-DES-MATHEMATIQUES-2019_cycle-4_Page_2-730x516.jpg 730w\" sizes=\"auto, (max-width: 1743px) 100vw, 1743px\" \/> <img loading=\"lazy\" decoding=\"async\" class=\"alignnone size-full wp-image-1450\" src=\"\/mathematiques\/wp-content\/uploads\/sites\/18\/2019\/03\/SEMAINE-DES-MATHEMATIQUES-corrig\u00e9-Mars-2019-V2_Page_2.jpg\" alt=\"\" width=\"1654\" height=\"2339\" srcset=\"https:\/\/site.ac-martinique.fr\/mathematiques\/wp-content\/uploads\/sites\/18\/2019\/03\/SEMAINE-DES-MATHEMATIQUES-corrig\u00e9-Mars-2019-V2_Page_2.jpg 1654w, https:\/\/site.ac-martinique.fr\/mathematiques\/wp-content\/uploads\/sites\/18\/2019\/03\/SEMAINE-DES-MATHEMATIQUES-corrig\u00e9-Mars-2019-V2_Page_2-212x300.jpg 212w, https:\/\/site.ac-martinique.fr\/mathematiques\/wp-content\/uploads\/sites\/18\/2019\/03\/SEMAINE-DES-MATHEMATIQUES-corrig\u00e9-Mars-2019-V2_Page_2-768x1086.jpg 768w, https:\/\/site.ac-martinique.fr\/mathematiques\/wp-content\/uploads\/sites\/18\/2019\/03\/SEMAINE-DES-MATHEMATIQUES-corrig\u00e9-Mars-2019-V2_Page_2-724x1024.jpg 724w, https:\/\/site.ac-martinique.fr\/mathematiques\/wp-content\/uploads\/sites\/18\/2019\/03\/SEMAINE-DES-MATHEMATIQUES-corrig\u00e9-Mars-2019-V2_Page_2-600x848.jpg 600w, https:\/\/site.ac-martinique.fr\/mathematiques\/wp-content\/uploads\/sites\/18\/2019\/03\/SEMAINE-DES-MATHEMATIQUES-corrig\u00e9-Mars-2019-V2_Page_2-730x1032.jpg 730w\" sizes=\"auto, (max-width: 1654px) 100vw, 1654px\" \/><\/p>\n<p><span style=\"font-size: 14pt;\"><strong>Mercredi 13 mars 2019\u00a0:<\/strong><\/span><\/p>\n<ul>\n<li><span style=\"font-size: 14pt;\"><strong>Finale du rallye math\u00e9matiques <\/strong>de<strong> 14h30 \u00e0 15h30<\/strong> au coll\u00e8ge Edouard GLISSANT du Lamentin pour les coll\u00e9giens de 4<sup>\u00e8me<\/sup> et de 3<sup>\u00e8me<\/sup>.<\/span><\/li>\n<\/ul>\n<ul>\n<li><span style=\"font-size: 14pt;\"><strong>Olympiades de math\u00e9matiques<\/strong>, dans la matin\u00e9e, pour les \u00e9l\u00e8ves de 1<sup>\u00e8re<\/sup> des lyc\u00e9es g\u00e9n\u00e9raux et technologiques, concours national organis\u00e9 par l\u2019Inspection G\u00e9n\u00e9rale de math\u00e9matiques.<\/span><\/li>\n<\/ul>\n<p>&nbsp;<\/p>\n<p>Les \u00e9nigmes du jour :<\/p>\n<p><img loading=\"lazy\" decoding=\"async\" class=\"alignnone size-full wp-image-1466\" src=\"\/mathematiques\/wp-content\/uploads\/sites\/18\/2019\/03\/C3P3.jpg\" alt=\"\" width=\"2222\" height=\"1588\" srcset=\"https:\/\/site.ac-martinique.fr\/mathematiques\/wp-content\/uploads\/sites\/18\/2019\/03\/C3P3.jpg 2222w, https:\/\/site.ac-martinique.fr\/mathematiques\/wp-content\/uploads\/sites\/18\/2019\/03\/C3P3-300x214.jpg 300w, https:\/\/site.ac-martinique.fr\/mathematiques\/wp-content\/uploads\/sites\/18\/2019\/03\/C3P3-768x549.jpg 768w, https:\/\/site.ac-martinique.fr\/mathematiques\/wp-content\/uploads\/sites\/18\/2019\/03\/C3P3-1024x732.jpg 1024w, https:\/\/site.ac-martinique.fr\/mathematiques\/wp-content\/uploads\/sites\/18\/2019\/03\/C3P3-600x429.jpg 600w, https:\/\/site.ac-martinique.fr\/mathematiques\/wp-content\/uploads\/sites\/18\/2019\/03\/C3P3-730x522.jpg 730w\" sizes=\"auto, (max-width: 2222px) 100vw, 2222px\" \/> <img loading=\"lazy\" decoding=\"async\" class=\"alignnone size-full wp-image-1467\" src=\"\/mathematiques\/wp-content\/uploads\/sites\/18\/2019\/03\/C4P3.jpg\" alt=\"\" width=\"2573\" height=\"1819\" srcset=\"https:\/\/site.ac-martinique.fr\/mathematiques\/wp-content\/uploads\/sites\/18\/2019\/03\/C4P3.jpg 2573w, https:\/\/site.ac-martinique.fr\/mathematiques\/wp-content\/uploads\/sites\/18\/2019\/03\/C4P3-300x212.jpg 300w, https:\/\/site.ac-martinique.fr\/mathematiques\/wp-content\/uploads\/sites\/18\/2019\/03\/C4P3-768x543.jpg 768w, https:\/\/site.ac-martinique.fr\/mathematiques\/wp-content\/uploads\/sites\/18\/2019\/03\/C4P3-1024x724.jpg 1024w, https:\/\/site.ac-martinique.fr\/mathematiques\/wp-content\/uploads\/sites\/18\/2019\/03\/C4P3-600x424.jpg 600w, https:\/\/site.ac-martinique.fr\/mathematiques\/wp-content\/uploads\/sites\/18\/2019\/03\/C4P3-730x516.jpg 730w\" sizes=\"auto, (max-width: 2573px) 100vw, 2573px\" \/> <img loading=\"lazy\" decoding=\"async\" class=\"alignnone size-full wp-image-1468\" src=\"\/mathematiques\/wp-content\/uploads\/sites\/18\/2019\/03\/LP3.jpg\" alt=\"\" width=\"1654\" height=\"2339\" srcset=\"https:\/\/site.ac-martinique.fr\/mathematiques\/wp-content\/uploads\/sites\/18\/2019\/03\/LP3.jpg 1654w, https:\/\/site.ac-martinique.fr\/mathematiques\/wp-content\/uploads\/sites\/18\/2019\/03\/LP3-212x300.jpg 212w, https:\/\/site.ac-martinique.fr\/mathematiques\/wp-content\/uploads\/sites\/18\/2019\/03\/LP3-768x1086.jpg 768w, https:\/\/site.ac-martinique.fr\/mathematiques\/wp-content\/uploads\/sites\/18\/2019\/03\/LP3-724x1024.jpg 724w, https:\/\/site.ac-martinique.fr\/mathematiques\/wp-content\/uploads\/sites\/18\/2019\/03\/LP3-600x848.jpg 600w, https:\/\/site.ac-martinique.fr\/mathematiques\/wp-content\/uploads\/sites\/18\/2019\/03\/LP3-730x1032.jpg 730w\" sizes=\"auto, (max-width: 1654px) 100vw, 1654px\" \/><\/p>\n<p>Les corrig\u00e9s des \u00e9nigmes du mercredi\u00a0:<\/p>\n<p><img loading=\"lazy\" decoding=\"async\" class=\"alignnone size-full wp-image-1479\" src=\"\/mathematiques\/wp-content\/uploads\/sites\/18\/2019\/03\/sudoku.jpg\" alt=\"\" width=\"598\" height=\"313\" srcset=\"https:\/\/site.ac-martinique.fr\/mathematiques\/wp-content\/uploads\/sites\/18\/2019\/03\/sudoku.jpg 598w, https:\/\/site.ac-martinique.fr\/mathematiques\/wp-content\/uploads\/sites\/18\/2019\/03\/sudoku-300x157.jpg 300w\" sizes=\"auto, (max-width: 598px) 100vw, 598px\" \/> <img loading=\"lazy\" decoding=\"async\" class=\"alignnone size-full wp-image-1481\" src=\"\/mathematiques\/wp-content\/uploads\/sites\/18\/2019\/03\/CORRIGES-SEMAINE-DES-MATHEMATIQUES-2019_cycle-4_Page_3.jpg\" alt=\"\" width=\"1684\" height=\"1191\" srcset=\"https:\/\/site.ac-martinique.fr\/mathematiques\/wp-content\/uploads\/sites\/18\/2019\/03\/CORRIGES-SEMAINE-DES-MATHEMATIQUES-2019_cycle-4_Page_3.jpg 1684w, https:\/\/site.ac-martinique.fr\/mathematiques\/wp-content\/uploads\/sites\/18\/2019\/03\/CORRIGES-SEMAINE-DES-MATHEMATIQUES-2019_cycle-4_Page_3-300x212.jpg 300w, https:\/\/site.ac-martinique.fr\/mathematiques\/wp-content\/uploads\/sites\/18\/2019\/03\/CORRIGES-SEMAINE-DES-MATHEMATIQUES-2019_cycle-4_Page_3-768x543.jpg 768w, https:\/\/site.ac-martinique.fr\/mathematiques\/wp-content\/uploads\/sites\/18\/2019\/03\/CORRIGES-SEMAINE-DES-MATHEMATIQUES-2019_cycle-4_Page_3-1024x724.jpg 1024w, https:\/\/site.ac-martinique.fr\/mathematiques\/wp-content\/uploads\/sites\/18\/2019\/03\/CORRIGES-SEMAINE-DES-MATHEMATIQUES-2019_cycle-4_Page_3-600x424.jpg 600w, https:\/\/site.ac-martinique.fr\/mathematiques\/wp-content\/uploads\/sites\/18\/2019\/03\/CORRIGES-SEMAINE-DES-MATHEMATIQUES-2019_cycle-4_Page_3-730x516.jpg 730w\" sizes=\"auto, (max-width: 1684px) 100vw, 1684px\" \/> <img loading=\"lazy\" decoding=\"async\" class=\"alignnone size-full wp-image-1482\" src=\"\/mathematiques\/wp-content\/uploads\/sites\/18\/2019\/03\/SEMAINE-DES-MATHEMATIQUES-corrig\u00e9-Mars-2019-V2_Page_3.jpg\" alt=\"\" width=\"1654\" height=\"2339\" srcset=\"https:\/\/site.ac-martinique.fr\/mathematiques\/wp-content\/uploads\/sites\/18\/2019\/03\/SEMAINE-DES-MATHEMATIQUES-corrig\u00e9-Mars-2019-V2_Page_3.jpg 1654w, https:\/\/site.ac-martinique.fr\/mathematiques\/wp-content\/uploads\/sites\/18\/2019\/03\/SEMAINE-DES-MATHEMATIQUES-corrig\u00e9-Mars-2019-V2_Page_3-212x300.jpg 212w, https:\/\/site.ac-martinique.fr\/mathematiques\/wp-content\/uploads\/sites\/18\/2019\/03\/SEMAINE-DES-MATHEMATIQUES-corrig\u00e9-Mars-2019-V2_Page_3-768x1086.jpg 768w, https:\/\/site.ac-martinique.fr\/mathematiques\/wp-content\/uploads\/sites\/18\/2019\/03\/SEMAINE-DES-MATHEMATIQUES-corrig\u00e9-Mars-2019-V2_Page_3-724x1024.jpg 724w, https:\/\/site.ac-martinique.fr\/mathematiques\/wp-content\/uploads\/sites\/18\/2019\/03\/SEMAINE-DES-MATHEMATIQUES-corrig\u00e9-Mars-2019-V2_Page_3-600x848.jpg 600w, https:\/\/site.ac-martinique.fr\/mathematiques\/wp-content\/uploads\/sites\/18\/2019\/03\/SEMAINE-DES-MATHEMATIQUES-corrig\u00e9-Mars-2019-V2_Page_3-730x1032.jpg 730w\" sizes=\"auto, (max-width: 1654px) 100vw, 1654px\" \/><\/p>\n<p><span style=\"font-size: 14pt;\"><strong>Jeudi 14 mars 2019\u00a0:<\/strong><\/span><\/p>\n<p>&nbsp;<\/p>\n<p>Les \u00e9nigmes du jour :<\/p>\n<p><img loading=\"lazy\" decoding=\"async\" class=\"alignnone size-full wp-image-1474\" src=\"\/mathematiques\/wp-content\/uploads\/sites\/18\/2019\/03\/C3P4.jpg\" alt=\"\" width=\"2877\" height=\"2034\" srcset=\"https:\/\/site.ac-martinique.fr\/mathematiques\/wp-content\/uploads\/sites\/18\/2019\/03\/C3P4.jpg 2877w, https:\/\/site.ac-martinique.fr\/mathematiques\/wp-content\/uploads\/sites\/18\/2019\/03\/C3P4-300x212.jpg 300w, https:\/\/site.ac-martinique.fr\/mathematiques\/wp-content\/uploads\/sites\/18\/2019\/03\/C3P4-768x543.jpg 768w, https:\/\/site.ac-martinique.fr\/mathematiques\/wp-content\/uploads\/sites\/18\/2019\/03\/C3P4-1024x724.jpg 1024w, https:\/\/site.ac-martinique.fr\/mathematiques\/wp-content\/uploads\/sites\/18\/2019\/03\/C3P4-600x424.jpg 600w, https:\/\/site.ac-martinique.fr\/mathematiques\/wp-content\/uploads\/sites\/18\/2019\/03\/C3P4-730x516.jpg 730w\" sizes=\"auto, (max-width: 2877px) 100vw, 2877px\" \/> <img loading=\"lazy\" decoding=\"async\" class=\"alignnone size-full wp-image-1475\" src=\"\/mathematiques\/wp-content\/uploads\/sites\/18\/2019\/03\/C4P4.jpg\" alt=\"\" width=\"2234\" height=\"1580\" srcset=\"https:\/\/site.ac-martinique.fr\/mathematiques\/wp-content\/uploads\/sites\/18\/2019\/03\/C4P4.jpg 2234w, https:\/\/site.ac-martinique.fr\/mathematiques\/wp-content\/uploads\/sites\/18\/2019\/03\/C4P4-300x212.jpg 300w, https:\/\/site.ac-martinique.fr\/mathematiques\/wp-content\/uploads\/sites\/18\/2019\/03\/C4P4-768x543.jpg 768w, https:\/\/site.ac-martinique.fr\/mathematiques\/wp-content\/uploads\/sites\/18\/2019\/03\/C4P4-1024x724.jpg 1024w, https:\/\/site.ac-martinique.fr\/mathematiques\/wp-content\/uploads\/sites\/18\/2019\/03\/C4P4-600x424.jpg 600w, https:\/\/site.ac-martinique.fr\/mathematiques\/wp-content\/uploads\/sites\/18\/2019\/03\/C4P4-730x516.jpg 730w\" sizes=\"auto, (max-width: 2234px) 100vw, 2234px\" \/> <img loading=\"lazy\" decoding=\"async\" class=\"alignnone size-full wp-image-1476\" src=\"\/mathematiques\/wp-content\/uploads\/sites\/18\/2019\/03\/LP4.jpg\" alt=\"\" width=\"1654\" height=\"2339\" srcset=\"https:\/\/site.ac-martinique.fr\/mathematiques\/wp-content\/uploads\/sites\/18\/2019\/03\/LP4.jpg 1654w, https:\/\/site.ac-martinique.fr\/mathematiques\/wp-content\/uploads\/sites\/18\/2019\/03\/LP4-212x300.jpg 212w, https:\/\/site.ac-martinique.fr\/mathematiques\/wp-content\/uploads\/sites\/18\/2019\/03\/LP4-768x1086.jpg 768w, https:\/\/site.ac-martinique.fr\/mathematiques\/wp-content\/uploads\/sites\/18\/2019\/03\/LP4-724x1024.jpg 724w, https:\/\/site.ac-martinique.fr\/mathematiques\/wp-content\/uploads\/sites\/18\/2019\/03\/LP4-600x848.jpg 600w, https:\/\/site.ac-martinique.fr\/mathematiques\/wp-content\/uploads\/sites\/18\/2019\/03\/LP4-730x1032.jpg 730w\" sizes=\"auto, (max-width: 1654px) 100vw, 1654px\" \/><\/p>\n<p>Les corrig\u00e9s des \u00e9nigmes du jeudi\u00a0:<\/p>\n<p><img loading=\"lazy\" decoding=\"async\" class=\"alignnone size-full wp-image-1503\" src=\"\/mathematiques\/wp-content\/uploads\/sites\/18\/2019\/03\/bon-1.jpg\" alt=\"\" width=\"591\" height=\"550\" srcset=\"https:\/\/site.ac-martinique.fr\/mathematiques\/wp-content\/uploads\/sites\/18\/2019\/03\/bon-1.jpg 591w, https:\/\/site.ac-martinique.fr\/mathematiques\/wp-content\/uploads\/sites\/18\/2019\/03\/bon-1-300x279.jpg 300w\" sizes=\"auto, (max-width: 591px) 100vw, 591px\" \/> <img loading=\"lazy\" decoding=\"async\" class=\"alignnone size-full wp-image-1499\" src=\"\/mathematiques\/wp-content\/uploads\/sites\/18\/2019\/03\/CORRIGES-SEMAINE-DES-MATHEMATIQUES-2019_cycle-4_Page_4-1.jpg\" alt=\"\" width=\"1626\" height=\"1150\" srcset=\"https:\/\/site.ac-martinique.fr\/mathematiques\/wp-content\/uploads\/sites\/18\/2019\/03\/CORRIGES-SEMAINE-DES-MATHEMATIQUES-2019_cycle-4_Page_4-1.jpg 1626w, https:\/\/site.ac-martinique.fr\/mathematiques\/wp-content\/uploads\/sites\/18\/2019\/03\/CORRIGES-SEMAINE-DES-MATHEMATIQUES-2019_cycle-4_Page_4-1-300x212.jpg 300w, https:\/\/site.ac-martinique.fr\/mathematiques\/wp-content\/uploads\/sites\/18\/2019\/03\/CORRIGES-SEMAINE-DES-MATHEMATIQUES-2019_cycle-4_Page_4-1-768x543.jpg 768w, https:\/\/site.ac-martinique.fr\/mathematiques\/wp-content\/uploads\/sites\/18\/2019\/03\/CORRIGES-SEMAINE-DES-MATHEMATIQUES-2019_cycle-4_Page_4-1-1024x724.jpg 1024w, https:\/\/site.ac-martinique.fr\/mathematiques\/wp-content\/uploads\/sites\/18\/2019\/03\/CORRIGES-SEMAINE-DES-MATHEMATIQUES-2019_cycle-4_Page_4-1-600x424.jpg 600w, https:\/\/site.ac-martinique.fr\/mathematiques\/wp-content\/uploads\/sites\/18\/2019\/03\/CORRIGES-SEMAINE-DES-MATHEMATIQUES-2019_cycle-4_Page_4-1-730x516.jpg 730w\" sizes=\"auto, (max-width: 1626px) 100vw, 1626px\" \/> <img loading=\"lazy\" decoding=\"async\" class=\"alignnone size-full wp-image-1496\" src=\"\/mathematiques\/wp-content\/uploads\/sites\/18\/2019\/03\/SEMAINE-DES-MATHEMATIQUES-corrig\u00e9-Mars-2019-V2_Page_4.jpg\" alt=\"\" width=\"1654\" height=\"2339\" srcset=\"https:\/\/site.ac-martinique.fr\/mathematiques\/wp-content\/uploads\/sites\/18\/2019\/03\/SEMAINE-DES-MATHEMATIQUES-corrig\u00e9-Mars-2019-V2_Page_4.jpg 1654w, https:\/\/site.ac-martinique.fr\/mathematiques\/wp-content\/uploads\/sites\/18\/2019\/03\/SEMAINE-DES-MATHEMATIQUES-corrig\u00e9-Mars-2019-V2_Page_4-212x300.jpg 212w, https:\/\/site.ac-martinique.fr\/mathematiques\/wp-content\/uploads\/sites\/18\/2019\/03\/SEMAINE-DES-MATHEMATIQUES-corrig\u00e9-Mars-2019-V2_Page_4-768x1086.jpg 768w, https:\/\/site.ac-martinique.fr\/mathematiques\/wp-content\/uploads\/sites\/18\/2019\/03\/SEMAINE-DES-MATHEMATIQUES-corrig\u00e9-Mars-2019-V2_Page_4-724x1024.jpg 724w, https:\/\/site.ac-martinique.fr\/mathematiques\/wp-content\/uploads\/sites\/18\/2019\/03\/SEMAINE-DES-MATHEMATIQUES-corrig\u00e9-Mars-2019-V2_Page_4-600x848.jpg 600w, https:\/\/site.ac-martinique.fr\/mathematiques\/wp-content\/uploads\/sites\/18\/2019\/03\/SEMAINE-DES-MATHEMATIQUES-corrig\u00e9-Mars-2019-V2_Page_4-730x1032.jpg 730w\" sizes=\"auto, (max-width: 1654px) 100vw, 1654px\" \/><\/p>\n<p>&nbsp;<\/p>\n<p><span style=\"font-size: 14pt;\"><strong>Vendredi 15 mars 2019\u00a0:<\/strong><\/span><\/p>\n<ul>\n<li><span style=\"font-size: 14pt;\"><strong>Finale du Tournoi de Bridge de 8h \u00e0 12h<\/strong> pour les \u00e9l\u00e8ves des \u00e9coles et du Coll\u00e8ge au Club de Bridge La ROUGERIE, route de l\u2019union, Didier.<\/span><\/li>\n<\/ul>\n<p><span style=\"font-size: 14pt;\"><strong>Samedi 17 mars 2018\u00a0:<\/strong><\/span><\/p>\n<ul>\n<li><span style=\"font-size: 14pt;\"><strong>Animations <\/strong>organis\u00e9es par l\u2019IREM des Antilles, l&rsquo;Association Promomaths, le Carbet des Sciences et la Kazajeux au <strong>Centre Commercial \u00ab\u00a0la GALLERIA\u00a0\u00bb<\/strong> de <strong>9h<\/strong> <strong>\u00e0 17h<\/strong>.<\/span><br \/>\n<span style=\"font-size: 14pt;\"> &#8211;<strong> jeux math\u00e9matiques et logiques\u00a0;<br \/>\n<\/strong>&#8211; <strong>concours de \u00ab\u00a0rubik\u2019s cube\u00a0\u00bb \u00e0 partir de 11h\u00a0<\/strong>;<\/span><br \/>\n<span style=\"font-size: 14pt;\"> &#8211; <strong>Initiation au Bridge<\/strong> par les initiateurs du Club de bridge du District de Martinique de 14h \u00e0 17h.<\/span><\/li>\n<\/ul>\n<p>&nbsp;<\/p>\n<p><span style=\"font-size: 14pt;\"><strong>Les \u00e9nigmes du jour :<\/strong><\/span><\/p>\n<p><span style=\"font-size: 14pt;\"><strong><img loading=\"lazy\" decoding=\"async\" class=\"alignnone size-full wp-image-1487\" src=\"\/mathematiques\/wp-content\/uploads\/sites\/18\/2019\/03\/C3P5.jpg\" alt=\"\" width=\"2199\" height=\"1555\" srcset=\"https:\/\/site.ac-martinique.fr\/mathematiques\/wp-content\/uploads\/sites\/18\/2019\/03\/C3P5.jpg 2199w, https:\/\/site.ac-martinique.fr\/mathematiques\/wp-content\/uploads\/sites\/18\/2019\/03\/C3P5-300x212.jpg 300w, https:\/\/site.ac-martinique.fr\/mathematiques\/wp-content\/uploads\/sites\/18\/2019\/03\/C3P5-768x543.jpg 768w, https:\/\/site.ac-martinique.fr\/mathematiques\/wp-content\/uploads\/sites\/18\/2019\/03\/C3P5-1024x724.jpg 1024w, https:\/\/site.ac-martinique.fr\/mathematiques\/wp-content\/uploads\/sites\/18\/2019\/03\/C3P5-600x424.jpg 600w, https:\/\/site.ac-martinique.fr\/mathematiques\/wp-content\/uploads\/sites\/18\/2019\/03\/C3P5-730x516.jpg 730w\" sizes=\"auto, (max-width: 2199px) 100vw, 2199px\" \/> <img loading=\"lazy\" decoding=\"async\" class=\"alignnone size-full wp-image-1488\" src=\"\/mathematiques\/wp-content\/uploads\/sites\/18\/2019\/03\/C4P5.jpg\" alt=\"\" width=\"2199\" height=\"1555\" srcset=\"https:\/\/site.ac-martinique.fr\/mathematiques\/wp-content\/uploads\/sites\/18\/2019\/03\/C4P5.jpg 2199w, https:\/\/site.ac-martinique.fr\/mathematiques\/wp-content\/uploads\/sites\/18\/2019\/03\/C4P5-300x212.jpg 300w, https:\/\/site.ac-martinique.fr\/mathematiques\/wp-content\/uploads\/sites\/18\/2019\/03\/C4P5-768x543.jpg 768w, https:\/\/site.ac-martinique.fr\/mathematiques\/wp-content\/uploads\/sites\/18\/2019\/03\/C4P5-1024x724.jpg 1024w, https:\/\/site.ac-martinique.fr\/mathematiques\/wp-content\/uploads\/sites\/18\/2019\/03\/C4P5-600x424.jpg 600w, https:\/\/site.ac-martinique.fr\/mathematiques\/wp-content\/uploads\/sites\/18\/2019\/03\/C4P5-730x516.jpg 730w\" sizes=\"auto, (max-width: 2199px) 100vw, 2199px\" \/> <img loading=\"lazy\" decoding=\"async\" class=\"alignnone size-full wp-image-1486\" src=\"\/mathematiques\/wp-content\/uploads\/sites\/18\/2019\/03\/LP5.jpg\" alt=\"\" width=\"1654\" height=\"2339\" srcset=\"https:\/\/site.ac-martinique.fr\/mathematiques\/wp-content\/uploads\/sites\/18\/2019\/03\/LP5.jpg 1654w, https:\/\/site.ac-martinique.fr\/mathematiques\/wp-content\/uploads\/sites\/18\/2019\/03\/LP5-212x300.jpg 212w, https:\/\/site.ac-martinique.fr\/mathematiques\/wp-content\/uploads\/sites\/18\/2019\/03\/LP5-768x1086.jpg 768w, https:\/\/site.ac-martinique.fr\/mathematiques\/wp-content\/uploads\/sites\/18\/2019\/03\/LP5-724x1024.jpg 724w, https:\/\/site.ac-martinique.fr\/mathematiques\/wp-content\/uploads\/sites\/18\/2019\/03\/LP5-600x848.jpg 600w, https:\/\/site.ac-martinique.fr\/mathematiques\/wp-content\/uploads\/sites\/18\/2019\/03\/LP5-730x1032.jpg 730w\" sizes=\"auto, (max-width: 1654px) 100vw, 1654px\" \/>\u00a0<\/strong><\/span><\/p>\n<p style=\"text-align: center;\"><span style=\"color: #0000ff; font-size: 14pt;\"><strong>ACTIONS DANS LES ECOLES, COLL\u00c8GES, LYC\u00c9ES<\/strong>\u00a0:<\/span><br \/>\n<span style=\"font-size: 14pt;\"> \u00e0 l\u2019initiative des \u00e9quipes p\u00e9dagogiques\u00a0: films, conf\u00e9rences, expos\u00e9s, expositions, animations, etc&#8230; \u00e0 consulter sur le site de l\u2019acad\u00e9mie\u00a0: <a href=\"http:\/\/www.ac-martinique.fr\/semainemaths\">www.ac-martinique.fr\/semainemaths<\/a><\/span><\/p>\n<p>&nbsp;<\/p>\n<p style=\"text-align: center;\"><span style=\"color: #0000ff; font-size: 14pt;\"><strong>DEFI-ENIGME,<\/strong> <strong>ANIMATIONS JEUX\u00a0:<br \/>\n<\/strong>\u00a0\u00a0\u00a0\u00a0\u00a0\u00a0\u00a0\u00a0\u00a0\u00a0\u00a0 chaque jour dans les \u00e9tablissements scolaires (\u00e9coles, coll\u00e8ges et lyc\u00e9es).<\/span><\/p>\n<ul>\n<li><span style=\"font-size: 14pt;\"><strong>Lundi 11 mars\u00a0:<br \/>\nJeu math\u00e9matiques du jour\u00a0: \u00ab\u00a0<\/strong>Ti point-Ti croix\u00a0\u00bb pour les \u00e9l\u00e8ves du 1er et 2nd degr\u00e9.<\/span><\/li>\n<\/ul>\n<p><span style=\"font-size: 14pt;\"><strong>\u00a0 \u00a0 \u00a0 \u00a0 \u00a0Enigme du jour<\/strong>.<\/span><\/p>\n<ul>\n<li><span style=\"font-size: 14pt;\"><strong>Mardi 12 mars\u00a0:<br \/>\nJeu math\u00e9matiques du jour\u00a0: <\/strong>Jeu de Mastermind pour les \u00e9l\u00e8ves du 1er et 2nd degr\u00e9. <\/span><\/li>\n<\/ul>\n<p><span style=\"font-size: 14pt;\"><strong>\u00a0 \u00a0 \u00a0 \u00a0 \u00a0Enigme du jour<\/strong>.<\/span><\/p>\n<ul>\n<li><span style=\"font-size: 14pt;\"><strong>Mercredi 13 mars\u00a0:<br \/>\nJeu math\u00e9matiques du jour\u00a0: <\/strong>Jouons ensemble aux cartes\u00a0: jeu de Rami, Belote, Bridge.<\/span><\/li>\n<\/ul>\n<p><span style=\"font-size: 14pt;\"><strong>\u00a0 \u00a0 \u00a0 \u00a0 \u00a0Enigme du jour<\/strong>.<\/span><\/p>\n<ul>\n<li><span style=\"font-size: 14pt;\"><strong>Jeudi 14 mars\u00a0:<br \/>\nJeu math\u00e9matiques du jour\u00a0: <\/strong>Le compte est bon.<\/span><\/li>\n<\/ul>\n<p><span style=\"font-size: 14pt;\"><strong>\u00a0 \u00a0 \u00a0 \u00a0 \u00a0Enigme du jour.<\/strong><\/span><\/p>\n<ul>\n<li><span style=\"font-size: 14pt;\"><strong>Vendredi 15 mars\u00a0:<br \/>\nJeu math\u00e9matiques du jour\u00a0: <\/strong>Jeu d\u2019Hex.<\/span><\/li>\n<\/ul>\n<p><span style=\"font-size: 14pt;\"><strong>\u00a0 \u00a0 \u00a0 \u00a0 \u00a0Enigme du jour<\/strong>.<\/span><\/p>\n<p>&nbsp;<\/p>\n<p style=\"text-align: center;\"><span style=\"color: #0000ff; font-size: 14pt;\"><strong>CONCOURS ET COMPETITIONS\u00a0:<\/strong><\/span><\/p>\n<ul>\n<li><span style=\"font-size: 14pt;\"><strong>Finales acad\u00e9miques<\/strong> du <strong>28<sup>\u00e8me<\/sup> rallye math\u00e9matiques des Antilles <\/strong>organis\u00e9es par l\u2019IREM Antilles et l\u2019association PROMOMATHS de 14h30 \u00e0 15h30\u00a0:<\/span>\n<ul>\n<li><span style=\"font-size: 14pt;\">cat\u00e9gorie \u00e9cole\u00a0: le mercredi 27 mars au coll\u00e8ge DILLON 2 \u00e0 FORT DE FRANCE\u00a0;<\/span><\/li>\n<li><span style=\"font-size: 14pt;\">cat\u00e9gorie coll\u00e8ge\u00a0: le mercredi 13 mars au coll\u00e8ge Edouard GLISSANT du LAMENTIN\u00a0;<\/span><\/li>\n<li><span style=\"font-size: 14pt;\">cat\u00e9gorie lyc\u00e9e\u00a0: le mercredi 20 mars au lyc\u00e9e Joseph GAILLARD de FORT DE FRANCE.<\/span><\/li>\n<\/ul>\n<\/li>\n<\/ul>\n<p>&nbsp;<\/p>\n<ul>\n<li><span style=\"font-size: 14pt;\"><strong>Rallye<\/strong> \u00ab\u00a0<strong>Gran Moun<\/strong>\u00bb organis\u00e9 par l\u2019IREM Antilles et PROMOMATHS, que l\u2019on trouvera dans le <strong>quotidien <em>FA<\/em> Martinique<\/strong> pendant la semaine des math\u00e9matiques.<\/span><\/li>\n<\/ul>\n<p>&nbsp;<\/p>\n<ul>\n<li><span style=\"font-size: 14pt;\"><strong>Olympiades de math\u00e9matiques<\/strong>, pour les \u00e9l\u00e8ves de 1<sup>\u00e8re<\/sup> des lyc\u00e9es g\u00e9n\u00e9raux et technologiques, concours national organis\u00e9 par l\u2019Inspection G\u00e9n\u00e9rale de math\u00e9matiques, le <strong>mercredi 13 mars de 8h \u00e0 12h10<\/strong>.<\/span><\/li>\n<\/ul>\n<p>&nbsp;<\/p>\n<p><img loading=\"lazy\" decoding=\"async\" class=\"alignnone size-full wp-image-1509\" src=\"\/mathematiques\/wp-content\/uploads\/sites\/18\/2019\/02\/Invitation-semaine-des-mathematiques-2019.png\" alt=\"\" width=\"1411\" height=\"1257\" srcset=\"https:\/\/site.ac-martinique.fr\/mathematiques\/wp-content\/uploads\/sites\/18\/2019\/02\/Invitation-semaine-des-mathematiques-2019.png 1411w, https:\/\/site.ac-martinique.fr\/mathematiques\/wp-content\/uploads\/sites\/18\/2019\/02\/Invitation-semaine-des-mathematiques-2019-300x267.png 300w, https:\/\/site.ac-martinique.fr\/mathematiques\/wp-content\/uploads\/sites\/18\/2019\/02\/Invitation-semaine-des-mathematiques-2019-768x684.png 768w, https:\/\/site.ac-martinique.fr\/mathematiques\/wp-content\/uploads\/sites\/18\/2019\/02\/Invitation-semaine-des-mathematiques-2019-1024x912.png 1024w, https:\/\/site.ac-martinique.fr\/mathematiques\/wp-content\/uploads\/sites\/18\/2019\/02\/Invitation-semaine-des-mathematiques-2019-600x535.png 600w, https:\/\/site.ac-martinique.fr\/mathematiques\/wp-content\/uploads\/sites\/18\/2019\/02\/Invitation-semaine-des-mathematiques-2019-730x650.png 730w\" sizes=\"auto, (max-width: 1411px) 100vw, 1411px\" \/><\/p>\n<p><img loading=\"lazy\" decoding=\"async\" class=\"alignnone size-full wp-image-1384\" src=\"\/mathematiques\/wp-content\/uploads\/sites\/18\/2019\/02\/Affiche-programme-Semaine-des-maths-2019.png\" alt=\"\" width=\"1411\" height=\"1257\" srcset=\"https:\/\/site.ac-martinique.fr\/mathematiques\/wp-content\/uploads\/sites\/18\/2019\/02\/Affiche-programme-Semaine-des-maths-2019.png 1411w, https:\/\/site.ac-martinique.fr\/mathematiques\/wp-content\/uploads\/sites\/18\/2019\/02\/Affiche-programme-Semaine-des-maths-2019-300x267.png 300w, https:\/\/site.ac-martinique.fr\/mathematiques\/wp-content\/uploads\/sites\/18\/2019\/02\/Affiche-programme-Semaine-des-maths-2019-768x684.png 768w, https:\/\/site.ac-martinique.fr\/mathematiques\/wp-content\/uploads\/sites\/18\/2019\/02\/Affiche-programme-Semaine-des-maths-2019-1024x912.png 1024w, https:\/\/site.ac-martinique.fr\/mathematiques\/wp-content\/uploads\/sites\/18\/2019\/02\/Affiche-programme-Semaine-des-maths-2019-600x535.png 600w, https:\/\/site.ac-martinique.fr\/mathematiques\/wp-content\/uploads\/sites\/18\/2019\/02\/Affiche-programme-Semaine-des-maths-2019-730x650.png 730w\" sizes=\"auto, (max-width: 1411px) 100vw, 1411px\" \/><\/p>\n<header class=\"entry-header\">&nbsp;<\/p>\n<\/header>\n<p>&nbsp;<\/p>\n<p>\/mathematiques\/?p=1403<\/p>\n<p>&nbsp;<\/p>\n<p>\/mathematiques\/?p=1424<\/p>\n<p>&nbsp;<\/p>\n<p>\/mathematiques\/?p=1464&#038;preview=true<\/p>\n<p>&nbsp;<\/p>\n<p>\/mathematiques\/?p=1473<\/p>\n<p>\/mathematiques\/?p=1485&#038;preview=true<\/p>\n<p>\/mathematiques\/?page_id=1376<\/p>\n<header class=\"entry-header\"><\/header>\n<header class=\"entry-header\"><\/header>\n<header class=\"entry-header\"><\/header>\n<header class=\"entry-header\"><\/header>\n<header class=\"entry-header\"><\/header>\n<header class=\"entry-header\"><\/header>\n<header class=\"entry-header\"><\/header>\n<header class=\"entry-header\"><\/header>\n<header class=\"entry-header\"><\/header>\n<p>&nbsp;<\/p>\n","protected":false},"excerpt":{"rendered":"<p>La semaine des math\u00e9matiques, manifestation nationale dont la 8\u00e8me \u00e9dition se d\u00e9roule du 11 au 17 mars 2019, a pour objectif de montrer aux \u00e9l\u00e8ves et au grand public une image actuelle, vivante et attractive des math\u00e9matiques. Cette semaine s\u2019attache \u00e0\u00a0: sensibiliser le grand public \u00e0 l\u2019aspect culturel des math\u00e9matiques en montrant le r\u00f4le essentiel [&hellip;]<\/p>\n","protected":false},"author":74,"featured_media":1372,"comment_status":"closed","ping_status":"closed","sticky":false,"template":"","format":"standard","meta":{"footnotes":""},"categories":[1],"tags":[],"class_list":["post-1376","post","type-post","status-publish","format-standard","has-post-thumbnail","hentry","category-info"],"_links":{"self":[{"href":"https:\/\/site.ac-martinique.fr\/mathematiques\/index.php?rest_route=\/wp\/v2\/posts\/1376","targetHints":{"allow":["GET"]}}],"collection":[{"href":"https:\/\/site.ac-martinique.fr\/mathematiques\/index.php?rest_route=\/wp\/v2\/posts"}],"about":[{"href":"https:\/\/site.ac-martinique.fr\/mathematiques\/index.php?rest_route=\/wp\/v2\/types\/post"}],"author":[{"embeddable":true,"href":"https:\/\/site.ac-martinique.fr\/mathematiques\/index.php?rest_route=\/wp\/v2\/users\/74"}],"replies":[{"embeddable":true,"href":"https:\/\/site.ac-martinique.fr\/mathematiques\/index.php?rest_route=%2Fwp%2Fv2%2Fcomments&post=1376"}],"version-history":[{"count":30,"href":"https:\/\/site.ac-martinique.fr\/mathematiques\/index.php?rest_route=\/wp\/v2\/posts\/1376\/revisions"}],"predecessor-version":[{"id":2486,"href":"https:\/\/site.ac-martinique.fr\/mathematiques\/index.php?rest_route=\/wp\/v2\/posts\/1376\/revisions\/2486"}],"wp:featuredmedia":[{"embeddable":true,"href":"https:\/\/site.ac-martinique.fr\/mathematiques\/index.php?rest_route=\/wp\/v2\/media\/1372"}],"wp:attachment":[{"href":"https:\/\/site.ac-martinique.fr\/mathematiques\/index.php?rest_route=%2Fwp%2Fv2%2Fmedia&parent=1376"}],"wp:term":[{"taxonomy":"category","embeddable":true,"href":"https:\/\/site.ac-martinique.fr\/mathematiques\/index.php?rest_route=%2Fwp%2Fv2%2Fcategories&post=1376"},{"taxonomy":"post_tag","embeddable":true,"href":"https:\/\/site.ac-martinique.fr\/mathematiques\/index.php?rest_route=%2Fwp%2Fv2%2Ftags&post=1376"}],"curies":[{"name":"wp","href":"https:\/\/api.w.org\/{rel}","templated":true}]}}