{"id":2288,"date":"2021-04-30T22:48:00","date_gmt":"2021-05-01T01:48:00","guid":{"rendered":"https:\/\/site.ac-martinique.fr\/mathematiques\/?p=2288"},"modified":"2022-06-09T13:07:57","modified_gmt":"2022-06-09T16:07:57","slug":"grand-forum-des-mathematiques-vivantes","status":"publish","type":"post","link":"https:\/\/site.ac-martinique.fr\/mathematiques\/?p=2288","title":{"rendered":"Grand forum des math\u00e9matiques vivantes"},"content":{"rendered":"\n<div class=\"content-top\" role=\"article\">\n<div class=\"chapo ckeditor-text\">\n<p>Le&nbsp;<strong>Grand Forum des Math\u00e9matiques Vivantes<\/strong>&nbsp;(GFMV) de Lyon, \u00e9v\u00e8nement phare de l\u2019ann\u00e9e des math\u00e9matiques 2019-2020, s&rsquo;est tenu&nbsp;dans une configuration&nbsp;<strong>\u00e0 distance<\/strong>, du&nbsp;<strong>&nbsp;mercredi 10 au vendredi 12 mars 2021<\/strong>.&nbsp;<span style=\"font-size: inherit;\">Cet \u00e9v\u00e8nement a mis en lumi\u00e8re la dynamique d\u00e9ploy\u00e9e depuis la publication du rapport Villani-Torossian en f\u00e9vrier 2018, ainsi que la mobilisation de tous les acteurs de la communaut\u00e9 math\u00e9matique.<\/span><\/p>\n<\/div>\n<\/div>\n<div class=\"text-block\">\n<div class=\"rich-text ckeditor-text clearfix\" contenteditable=\"true\">\n<p>Le programme du Grand Forum pr\u00e9sentait deux volets :<\/p>\n<ul>\n<li>les conf\u00e9rences, d\u00e9bats et pr\u00e9sentations des ressources<\/li>\n<li>les ateliers consacr\u00e9s aux actions men\u00e9es dans les acad\u00e9mies<\/li>\n<\/ul>\n<p>L&rsquo;ensemble des captations est disponible sur la <a href=\"https:\/\/www.dailymotion.com\/playlist\/x71m5e\">playlist<\/a>&nbsp;<\/p>\n<\/div>\n<\/div>\n\n\n\n\n\n<figure class=\"wp-block-image size-large\"><a href=\"https:\/\/www.dailymotion.com\/playlist\/x71m5e\"><img loading=\"lazy\" decoding=\"async\" width=\"955\" height=\"297\" src=\"https:\/\/site.ac-martinique.fr\/mathematiques\/wp-content\/uploads\/sites\/18\/2021\/05\/Capture-decran-2021-05-02-a-21.39.07.png\" alt=\"\" class=\"wp-image-2289\" srcset=\"https:\/\/site.ac-martinique.fr\/mathematiques\/wp-content\/uploads\/sites\/18\/2021\/05\/Capture-decran-2021-05-02-a-21.39.07.png 955w, https:\/\/site.ac-martinique.fr\/mathematiques\/wp-content\/uploads\/sites\/18\/2021\/05\/Capture-decran-2021-05-02-a-21.39.07-300x93.png 300w, https:\/\/site.ac-martinique.fr\/mathematiques\/wp-content\/uploads\/sites\/18\/2021\/05\/Capture-decran-2021-05-02-a-21.39.07-768x239.png 768w, https:\/\/site.ac-martinique.fr\/mathematiques\/wp-content\/uploads\/sites\/18\/2021\/05\/Capture-decran-2021-05-02-a-21.39.07-730x227.png 730w\" sizes=\"auto, (max-width: 955px) 100vw, 955px\" \/><\/a><\/figure>\n","protected":false},"excerpt":{"rendered":"<p>Le&nbsp;Grand Forum des Math\u00e9matiques Vivantes&nbsp;(GFMV) de Lyon, \u00e9v\u00e8nement phare de l\u2019ann\u00e9e des math\u00e9matiques 2019-2020, s&rsquo;est tenu&nbsp;dans une configuration&nbsp;\u00e0 distance, du&nbsp;&nbsp;mercredi 10 au vendredi 12 mars 2021.&nbsp;Cet \u00e9v\u00e8nement a mis en lumi\u00e8re la dynamique d\u00e9ploy\u00e9e depuis la publication du rapport Villani-Torossian en f\u00e9vrier 2018, ainsi que la mobilisation de tous les acteurs de la communaut\u00e9 math\u00e9matique. [&hellip;]<\/p>\n","protected":false},"author":74,"featured_media":2286,"comment_status":"closed","ping_status":"closed","sticky":false,"template":"","format":"standard","meta":{"footnotes":""},"categories":[1,41],"tags":[28,27],"class_list":["post-2288","post","type-post","status-publish","format-standard","has-post-thumbnail","hentry","category-info","category-semaths","tag-anneedesmaths","tag-gfmv"],"_links":{"self":[{"href":"https:\/\/site.ac-martinique.fr\/mathematiques\/index.php?rest_route=\/wp\/v2\/posts\/2288","targetHints":{"allow":["GET"]}}],"collection":[{"href":"https:\/\/site.ac-martinique.fr\/mathematiques\/index.php?rest_route=\/wp\/v2\/posts"}],"about":[{"href":"https:\/\/site.ac-martinique.fr\/mathematiques\/index.php?rest_route=\/wp\/v2\/types\/post"}],"author":[{"embeddable":true,"href":"https:\/\/site.ac-martinique.fr\/mathematiques\/index.php?rest_route=\/wp\/v2\/users\/74"}],"replies":[{"embeddable":true,"href":"https:\/\/site.ac-martinique.fr\/mathematiques\/index.php?rest_route=%2Fwp%2Fv2%2Fcomments&post=2288"}],"version-history":[{"count":2,"href":"https:\/\/site.ac-martinique.fr\/mathematiques\/index.php?rest_route=\/wp\/v2\/posts\/2288\/revisions"}],"predecessor-version":[{"id":2501,"href":"https:\/\/site.ac-martinique.fr\/mathematiques\/index.php?rest_route=\/wp\/v2\/posts\/2288\/revisions\/2501"}],"wp:featuredmedia":[{"embeddable":true,"href":"https:\/\/site.ac-martinique.fr\/mathematiques\/index.php?rest_route=\/wp\/v2\/media\/2286"}],"wp:attachment":[{"href":"https:\/\/site.ac-martinique.fr\/mathematiques\/index.php?rest_route=%2Fwp%2Fv2%2Fmedia&parent=2288"}],"wp:term":[{"taxonomy":"category","embeddable":true,"href":"https:\/\/site.ac-martinique.fr\/mathematiques\/index.php?rest_route=%2Fwp%2Fv2%2Fcategories&post=2288"},{"taxonomy":"post_tag","embeddable":true,"href":"https:\/\/site.ac-martinique.fr\/mathematiques\/index.php?rest_route=%2Fwp%2Fv2%2Ftags&post=2288"}],"curies":[{"name":"wp","href":"https:\/\/api.w.org\/{rel}","templated":true}]}}