{"id":2493,"date":"2022-01-03T23:10:00","date_gmt":"2022-01-04T02:10:00","guid":{"rendered":"https:\/\/site.ac-martinique.fr\/mathematiques\/?p=2493"},"modified":"2022-01-04T23:15:11","modified_gmt":"2022-01-05T02:15:11","slug":"animath-un-texte-un-mathematicien","status":"publish","type":"post","link":"https:\/\/site.ac-martinique.fr\/mathematiques\/?p=2493","title":{"rendered":"Animath &#8211; Un texte, un math\u00e9maticien"},"content":{"rendered":"\n<p>\u00a0<\/p>\n<p>La Soci\u00e9t\u00e9 math\u00e9matique de France organise, avec la Biblioth\u00e8que Nationale de France, quatre conf\u00e9rences sur des recherches math\u00e9matiques actuelles en partant d&rsquo;un texte math\u00e9matique historique, un mercredi par mois de janvier \u00e0 avril. Certaines places sont r\u00e9serv\u00e9es pour les \u00e9l\u00e8ves de 1\u00e8re et Terminale. <\/p>\n<p>Les inscriptions des classes se font par les <a href=\"http:\/\/enseignant.es\/\">enseignant.es<\/a> sur <span style=\"font-size: small;\"><a href=\"http:\/\/www.animath.fr\/\">animath.fr <span style=\"color: #000000;\">.<\/span><\/a><\/span><\/p>\n<p>La prochaine conf\u00e9rence sera donn\u00e9e par Marie Th\u00e9ret, le 19 janvier prochain, dans le Grand Auditorium de la Biblioth\u00e8que Nationale de France. <b>Les conf\u00e9rences peuvent \u00eatre suivies en ligne.<\/b><\/p>\n<p>\u00a0<\/p>\n\n\n\n<div class=\"wp-block-image\"><figure class=\"aligncenter size-full\"><img loading=\"lazy\" decoding=\"async\" width=\"518\" height=\"706\" src=\"https:\/\/site.ac-martinique.fr\/mathematiques\/wp-content\/uploads\/sites\/18\/2022\/01\/Capture-decran-2022-01-04-a-22.12.57.png\" alt=\"\" class=\"wp-image-2494\" srcset=\"https:\/\/site.ac-martinique.fr\/mathematiques\/wp-content\/uploads\/sites\/18\/2022\/01\/Capture-decran-2022-01-04-a-22.12.57.png 518w, https:\/\/site.ac-martinique.fr\/mathematiques\/wp-content\/uploads\/sites\/18\/2022\/01\/Capture-decran-2022-01-04-a-22.12.57-220x300.png 220w, https:\/\/site.ac-martinique.fr\/mathematiques\/wp-content\/uploads\/sites\/18\/2022\/01\/Capture-decran-2022-01-04-a-22.12.57-110x150.png 110w\" sizes=\"auto, (max-width: 518px) 100vw, 518px\" \/><\/figure><\/div>\n","protected":false},"excerpt":{"rendered":"<p>\u00a0 La Soci\u00e9t\u00e9 math\u00e9matique de France organise, avec la Biblioth\u00e8que Nationale de France, quatre conf\u00e9rences sur des recherches math\u00e9matiques actuelles en partant d&rsquo;un texte math\u00e9matique historique, un mercredi par mois de janvier \u00e0 avril. Certaines places sont r\u00e9serv\u00e9es pour les \u00e9l\u00e8ves de 1\u00e8re et Terminale. Les inscriptions des classes se font par les enseignant.es sur [&hellip;]<\/p>\n","protected":false},"author":74,"featured_media":2495,"comment_status":"closed","ping_status":"closed","sticky":false,"template":"","format":"standard","meta":{"footnotes":""},"categories":[48],"tags":[],"class_list":["post-2493","post","type-post","status-publish","format-standard","has-post-thumbnail","hentry","category-rallyes-concours"],"_links":{"self":[{"href":"https:\/\/site.ac-martinique.fr\/mathematiques\/index.php?rest_route=\/wp\/v2\/posts\/2493","targetHints":{"allow":["GET"]}}],"collection":[{"href":"https:\/\/site.ac-martinique.fr\/mathematiques\/index.php?rest_route=\/wp\/v2\/posts"}],"about":[{"href":"https:\/\/site.ac-martinique.fr\/mathematiques\/index.php?rest_route=\/wp\/v2\/types\/post"}],"author":[{"embeddable":true,"href":"https:\/\/site.ac-martinique.fr\/mathematiques\/index.php?rest_route=\/wp\/v2\/users\/74"}],"replies":[{"embeddable":true,"href":"https:\/\/site.ac-martinique.fr\/mathematiques\/index.php?rest_route=%2Fwp%2Fv2%2Fcomments&post=2493"}],"version-history":[{"count":1,"href":"https:\/\/site.ac-martinique.fr\/mathematiques\/index.php?rest_route=\/wp\/v2\/posts\/2493\/revisions"}],"predecessor-version":[{"id":2496,"href":"https:\/\/site.ac-martinique.fr\/mathematiques\/index.php?rest_route=\/wp\/v2\/posts\/2493\/revisions\/2496"}],"wp:featuredmedia":[{"embeddable":true,"href":"https:\/\/site.ac-martinique.fr\/mathematiques\/index.php?rest_route=\/wp\/v2\/media\/2495"}],"wp:attachment":[{"href":"https:\/\/site.ac-martinique.fr\/mathematiques\/index.php?rest_route=%2Fwp%2Fv2%2Fmedia&parent=2493"}],"wp:term":[{"taxonomy":"category","embeddable":true,"href":"https:\/\/site.ac-martinique.fr\/mathematiques\/index.php?rest_route=%2Fwp%2Fv2%2Fcategories&post=2493"},{"taxonomy":"post_tag","embeddable":true,"href":"https:\/\/site.ac-martinique.fr\/mathematiques\/index.php?rest_route=%2Fwp%2Fv2%2Ftags&post=2493"}],"curies":[{"name":"wp","href":"https:\/\/api.w.org\/{rel}","templated":true}]}}