{"id":2657,"date":"2023-02-27T13:05:35","date_gmt":"2023-02-27T16:05:35","guid":{"rendered":"https:\/\/site.ac-martinique.fr\/mathematiques\/?p=2657"},"modified":"2026-03-23T17:37:54","modified_gmt":"2026-03-23T20:37:54","slug":"semaine-des-mathematiques-2023","status":"publish","type":"post","link":"https:\/\/site.ac-martinique.fr\/mathematiques\/?p=2657","title":{"rendered":"Semaine des math\u00e9matiques 2023"},"content":{"rendered":"\n<p>La 12<sup>e<\/sup>&nbsp;semaine des math\u00e9matiques se d\u00e9roulera<strong>&nbsp;du 6 au 15 mars 2023&nbsp;<\/strong>sur<strong>&nbsp;le th\u00e8me \u00ab&nbsp;Math\u00e9matiques \u00e0 la carte \u00bb<\/strong>.<\/p>\n\n\n\n<p>Carte du territoire, jeux de cartes ou carte \u00e9lectronique programmable, carte d\u2019un restaurant, carte mentale et carte \u00e0 puce\u2026 Avec son th\u00e8me \u00ab&nbsp;<strong>Math\u00e9matiques \u00e0 la carte<\/strong>&nbsp;\u00bb, l\u2019\u00e9dition 2023 de la semaine des maths vous propose de rebattre le jeu et de construire des actions math\u00e9matiques originales. Pour les d\u00e9clinaisons possibles, vous avez carte blanche&nbsp;!!<\/p>\n\n\n\n<p>Toutes les information et les resources , sur <a rel=\"noreferrer noopener\" href=\"https:\/\/eduscol.education.fr\/3493\/semaine-des-mathematiques\" data-type=\"URL\" data-id=\"https:\/\/eduscol.education.fr\/3493\/semaine-des-mathematiques\" target=\"_blank\">la page d\u00e9di\u00e9e<\/a><\/p>\n\n\n\n<figure class=\"wp-block-video\"><video height=\"1080\" style=\"aspect-ratio: 1920 \/ 1080;\" width=\"1920\" controls src=\"https:\/\/site.ac-martinique.fr\/mathematiques\/wp-content\/uploads\/sites\/18\/2023\/02\/2023_semaine-maths_RS_16-9.mp4\"><\/video><\/figure>\n","protected":false},"excerpt":{"rendered":"<p>La 12e&nbsp;semaine des math\u00e9matiques se d\u00e9roulera&nbsp;du 6 au 15 mars 2023&nbsp;sur&nbsp;le th\u00e8me \u00ab&nbsp;Math\u00e9matiques \u00e0 la carte \u00bb. Carte du territoire, jeux de cartes ou carte \u00e9lectronique programmable, carte d\u2019un restaurant, carte mentale et carte \u00e0 puce\u2026 Avec son th\u00e8me \u00ab&nbsp;Math\u00e9matiques \u00e0 la carte&nbsp;\u00bb, l\u2019\u00e9dition 2023 de la semaine des maths vous propose de rebattre le [&hellip;]<\/p>\n","protected":false},"author":74,"featured_media":2661,"comment_status":"closed","ping_status":"closed","sticky":false,"template":"","format":"standard","meta":{"footnotes":""},"categories":[1,59,41],"tags":[],"class_list":["post-2657","post","type-post","status-publish","format-standard","has-post-thumbnail","hentry","category-info","category-sdm23","category-semaths"],"_links":{"self":[{"href":"https:\/\/site.ac-martinique.fr\/mathematiques\/index.php?rest_route=\/wp\/v2\/posts\/2657","targetHints":{"allow":["GET"]}}],"collection":[{"href":"https:\/\/site.ac-martinique.fr\/mathematiques\/index.php?rest_route=\/wp\/v2\/posts"}],"about":[{"href":"https:\/\/site.ac-martinique.fr\/mathematiques\/index.php?rest_route=\/wp\/v2\/types\/post"}],"author":[{"embeddable":true,"href":"https:\/\/site.ac-martinique.fr\/mathematiques\/index.php?rest_route=\/wp\/v2\/users\/74"}],"replies":[{"embeddable":true,"href":"https:\/\/site.ac-martinique.fr\/mathematiques\/index.php?rest_route=%2Fwp%2Fv2%2Fcomments&post=2657"}],"version-history":[{"count":3,"href":"https:\/\/site.ac-martinique.fr\/mathematiques\/index.php?rest_route=\/wp\/v2\/posts\/2657\/revisions"}],"predecessor-version":[{"id":2664,"href":"https:\/\/site.ac-martinique.fr\/mathematiques\/index.php?rest_route=\/wp\/v2\/posts\/2657\/revisions\/2664"}],"wp:featuredmedia":[{"embeddable":true,"href":"https:\/\/site.ac-martinique.fr\/mathematiques\/index.php?rest_route=\/wp\/v2\/media\/2661"}],"wp:attachment":[{"href":"https:\/\/site.ac-martinique.fr\/mathematiques\/index.php?rest_route=%2Fwp%2Fv2%2Fmedia&parent=2657"}],"wp:term":[{"taxonomy":"category","embeddable":true,"href":"https:\/\/site.ac-martinique.fr\/mathematiques\/index.php?rest_route=%2Fwp%2Fv2%2Fcategories&post=2657"},{"taxonomy":"post_tag","embeddable":true,"href":"https:\/\/site.ac-martinique.fr\/mathematiques\/index.php?rest_route=%2Fwp%2Fv2%2Ftags&post=2657"}],"curies":[{"name":"wp","href":"https:\/\/api.w.org\/{rel}","templated":true}]}}