{"id":2335,"date":"2026-03-10T11:23:43","date_gmt":"2026-03-10T15:23:43","guid":{"rendered":"https:\/\/site.ac-martinique.fr\/maths-sciences\/?p=2335"},"modified":"2026-03-10T11:23:43","modified_gmt":"2026-03-10T15:23:43","slug":"semaine-des-mathematiques-2026","status":"publish","type":"post","link":"https:\/\/site.ac-martinique.fr\/maths-sciences\/?p=2335","title":{"rendered":"Semaine des math\u00e9matiques 2026"},"content":{"rendered":"\n<p>Pour son \u00e9dition 2026, le th\u00e8me \u00ab \u00c9galit\u00e9s \u00bb permet d\u2019aborder les math\u00e9matiques comme une discipline qui structure la pens\u00e9e rationnelle, d\u00e9veloppe un sens profond de la justice et de l\u2019\u00e9quit\u00e9, analyse ou corrige les biais. Derri\u00e8re le symbole \u00ab = \u00bb se cache une invitation \u00e0 r\u00e9fl\u00e9chir \u00e0 l\u2019\u00e9quilibre, \u00e0 la comparaison, mais aussi \u00e0 formuler un r\u00e9sultat, une d\u00e9finition, une mise en relation, et \u00e0 rechercher des solutions partag\u00e9es.<\/p>\n\n\n\n<p>Ce th\u00e8me offre aussi l\u2019occasion de mettre en lumi\u00e8re les enjeux de l\u2019\u00e9galit\u00e9 des chances dans l\u2019acc\u00e8s aux savoirs scientifiques. En particulier, il incite \u00e0 encourager la mixit\u00e9 sociale, l\u2019\u00e9galit\u00e9 filles-gar\u00e7ons dans les parcours scientifiques et \u00e0 lutter contre les st\u00e9r\u00e9otypes qui freinent encore trop souvent certains choix d\u2019orientation.<\/p>\n\n\n\n<p>Enfin, \u00ab \u00c9galit\u00e9s \u00bb ouvre un champ interdisciplinaire qui d\u00e9passe les math\u00e9matiques elles-m\u00eames, reprenant jusqu\u2019\u00e0 l\u2019une des valeurs de la devise de la R\u00e9publique fran\u00e7aise : \u00e9galit\u00e9 devant la loi, \u00e9galit\u00e9 sociale, \u00e9galit\u00e9 face aux d\u00e9fis environnementaux ou num\u00e9riques. Les math\u00e9matiques deviennent ainsi un outil puissant pour comprendre, analyser et construire un monde plus juste et plus solidaire. Un enjeu essentiel pour faire des \u00e9l\u00e8ves des citoyens \u00e9clair\u00e9s.<\/p>\n\n\n\n<ul class=\"wp-block-list\">\n<li>Des\u00a0<a href=\"https:\/\/eduscol.education.gouv.fr\/media\/125999\/download?attachment\" target=\"_blank\" rel=\"noreferrer noopener\">pistes p\u00e9dagogiques<\/a>\u00a0sont mises \u00e0 disposition. Il s&rsquo;agit de propositions ouvertes, destin\u00e9es \u00e0 nourrir la r\u00e9flexion et les initiatives des \u00e9quipes.<\/li>\n<\/ul>\n\n\n\n<p><em>(Texte de pr\u00e9sentation de la page \u00c9duscol)<\/em><\/p>\n","protected":false},"excerpt":{"rendered":"<p>Pour son \u00e9dition 2026, le th\u00e8me \u00ab \u00c9galit\u00e9s \u00bb permet d\u2019aborder les math\u00e9matiques comme une discipline qui structure la pens\u00e9e rationnelle, d\u00e9veloppe un sens profond de la justice et de l\u2019\u00e9quit\u00e9, analyse ou corrige les biais. Derri\u00e8re le symbole \u00ab = \u00bb se cache une invitation \u00e0 r\u00e9fl\u00e9chir \u00e0 l\u2019\u00e9quilibre, \u00e0 la comparaison, mais aussi &hellip; <a href=\"https:\/\/site.ac-martinique.fr\/maths-sciences\/?p=2335\" class=\"more-link\">Continuer la lecture de <span class=\"screen-reader-text\">Semaine des math\u00e9matiques 2026<\/span> <span class=\"meta-nav\">&rarr;<\/span><\/a><\/p>\n","protected":false},"author":75,"featured_media":2336,"comment_status":"closed","ping_status":"closed","sticky":false,"template":"","format":"standard","meta":{"footnotes":""},"categories":[1],"tags":[],"class_list":["post-2335","post","type-post","status-publish","format-standard","has-post-thumbnail","hentry","category-non-classe"],"_links":{"self":[{"href":"https:\/\/site.ac-martinique.fr\/maths-sciences\/index.php?rest_route=\/wp\/v2\/posts\/2335","targetHints":{"allow":["GET"]}}],"collection":[{"href":"https:\/\/site.ac-martinique.fr\/maths-sciences\/index.php?rest_route=\/wp\/v2\/posts"}],"about":[{"href":"https:\/\/site.ac-martinique.fr\/maths-sciences\/index.php?rest_route=\/wp\/v2\/types\/post"}],"author":[{"embeddable":true,"href":"https:\/\/site.ac-martinique.fr\/maths-sciences\/index.php?rest_route=\/wp\/v2\/users\/75"}],"replies":[{"embeddable":true,"href":"https:\/\/site.ac-martinique.fr\/maths-sciences\/index.php?rest_route=%2Fwp%2Fv2%2Fcomments&post=2335"}],"version-history":[{"count":1,"href":"https:\/\/site.ac-martinique.fr\/maths-sciences\/index.php?rest_route=\/wp\/v2\/posts\/2335\/revisions"}],"predecessor-version":[{"id":2337,"href":"https:\/\/site.ac-martinique.fr\/maths-sciences\/index.php?rest_route=\/wp\/v2\/posts\/2335\/revisions\/2337"}],"wp:featuredmedia":[{"embeddable":true,"href":"https:\/\/site.ac-martinique.fr\/maths-sciences\/index.php?rest_route=\/wp\/v2\/media\/2336"}],"wp:attachment":[{"href":"https:\/\/site.ac-martinique.fr\/maths-sciences\/index.php?rest_route=%2Fwp%2Fv2%2Fmedia&parent=2335"}],"wp:term":[{"taxonomy":"category","embeddable":true,"href":"https:\/\/site.ac-martinique.fr\/maths-sciences\/index.php?rest_route=%2Fwp%2Fv2%2Fcategories&post=2335"},{"taxonomy":"post_tag","embeddable":true,"href":"https:\/\/site.ac-martinique.fr\/maths-sciences\/index.php?rest_route=%2Fwp%2Fv2%2Ftags&post=2335"}],"curies":[{"name":"wp","href":"https:\/\/api.w.org\/{rel}","templated":true}]}}