{"id":381,"date":"2013-10-07T08:54:01","date_gmt":"2013-10-07T12:24:01","guid":{"rendered":"\/missionmaitrisedelalangue\/?p=381"},"modified":"2016-11-14T10:07:01","modified_gmt":"2016-11-14T13:37:01","slug":"projet-2013-2014-commemoration-centenaire-premiere-guerre-mondiale","status":"publish","type":"post","link":"https:\/\/site.ac-martinique.fr\/missionmaitrisedelalangue\/?p=381","title":{"rendered":"Projet acad\u00e9mique 2013-2014:Comm\u00e9moration du Centenaire de la premi\u00e8re guerre mondiale"},"content":{"rendered":"<p><a href=\"\/missionmaitrisedelalangue\/?attachment_id=385\" rel=\"attachment wp-att-385\">projet Comm\u00e9moration Premi\u00e8re guerre mondiale<\/a><\/p>\n<p><a href=\"\/missionmaitrisedelalangue\/?attachment_id=387\" rel=\"attachment wp-att-387\">reglement projet Comm\u00e9moration premi\u00e8re guerre mondiale<\/a><\/p>\n<p><a href=\"\/missionmaitrisedelalangue\/?attachment_id=399\" rel=\"attachment wp-att-399\">fiche presentation projet de comm\u00e9moration du Centenaire de la Premi\u00e8re guerre<\/a><\/p>\n<p><a href=\"\/missionmaitrisedelalangue\/?attachment_id=400\" rel=\"attachment wp-att-400\">Fiche d&rsquo;inscription au projet Centenaire Premi\u00e8re guerre 2013-2014<\/a><\/p>\n<p><a href=\"\/missionmaitrisedelalangue\/?attachment_id=388\" rel=\"attachment wp-att-388\">RENEFER le combattant artiste<\/a><\/p>\n<p><a href=\"\/missionmaitrisedelalangue\/?attachment_id=389\" rel=\"attachment wp-att-389\">HOMMAGE ANCIENS COMBATTANTS SEPTEMBRE 2013 PDF<\/a><\/p>\n<p>&nbsp;<\/p>\n<p>&nbsp;<\/p>\n<p>&nbsp;<\/p>\n","protected":false},"excerpt":{"rendered":"<p>projet Comm\u00e9moration Premi\u00e8re guerre mondiale reglement projet Comm\u00e9moration premi\u00e8re guerre mondiale fiche presentation projet de comm\u00e9moration du Centenaire de la Premi\u00e8re guerre Fiche d&rsquo;inscription au projet Centenaire Premi\u00e8re guerre 2013-2014 RENEFER le combattant artiste HOMMAGE ANCIENS COMBATTANTS SEPTEMBRE 2013 PDF &hellip; <a href=\"https:\/\/site.ac-martinique.fr\/missionmaitrisedelalangue\/?p=381\">Continuer la lecture <span class=\"meta-nav\">&rarr;<\/span><\/a><\/p>\n","protected":false},"author":90,"featured_media":0,"comment_status":"closed","ping_status":"closed","sticky":false,"template":"","format":"standard","meta":{"footnotes":""},"categories":[1,25],"tags":[],"class_list":["post-381","post","type-post","status-publish","format-standard","hentry","category-non-classe","category-projets"],"_links":{"self":[{"href":"https:\/\/site.ac-martinique.fr\/missionmaitrisedelalangue\/index.php?rest_route=\/wp\/v2\/posts\/381","targetHints":{"allow":["GET"]}}],"collection":[{"href":"https:\/\/site.ac-martinique.fr\/missionmaitrisedelalangue\/index.php?rest_route=\/wp\/v2\/posts"}],"about":[{"href":"https:\/\/site.ac-martinique.fr\/missionmaitrisedelalangue\/index.php?rest_route=\/wp\/v2\/types\/post"}],"author":[{"embeddable":true,"href":"https:\/\/site.ac-martinique.fr\/missionmaitrisedelalangue\/index.php?rest_route=\/wp\/v2\/users\/90"}],"replies":[{"embeddable":true,"href":"https:\/\/site.ac-martinique.fr\/missionmaitrisedelalangue\/index.php?rest_route=%2Fwp%2Fv2%2Fcomments&post=381"}],"version-history":[{"count":6,"href":"https:\/\/site.ac-martinique.fr\/missionmaitrisedelalangue\/index.php?rest_route=\/wp\/v2\/posts\/381\/revisions"}],"predecessor-version":[{"id":402,"href":"https:\/\/site.ac-martinique.fr\/missionmaitrisedelalangue\/index.php?rest_route=\/wp\/v2\/posts\/381\/revisions\/402"}],"wp:attachment":[{"href":"https:\/\/site.ac-martinique.fr\/missionmaitrisedelalangue\/index.php?rest_route=%2Fwp%2Fv2%2Fmedia&parent=381"}],"wp:term":[{"taxonomy":"category","embeddable":true,"href":"https:\/\/site.ac-martinique.fr\/missionmaitrisedelalangue\/index.php?rest_route=%2Fwp%2Fv2%2Fcategories&post=381"},{"taxonomy":"post_tag","embeddable":true,"href":"https:\/\/site.ac-martinique.fr\/missionmaitrisedelalangue\/index.php?rest_route=%2Fwp%2Fv2%2Ftags&post=381"}],"curies":[{"name":"wp","href":"https:\/\/api.w.org\/{rel}","templated":true}]}}