{"id":7631,"date":"2023-06-09T21:29:18","date_gmt":"2023-06-10T00:29:18","guid":{"rendered":"https:\/\/site.ac-martinique.fr\/physique-chimie\/?p=7631"},"modified":"2023-06-15T15:04:38","modified_gmt":"2023-06-15T18:04:38","slug":"traam-2022-2023-travaux-academiques-mutualises","status":"publish","type":"post","link":"https:\/\/site.ac-martinique.fr\/physique-chimie\/?p=7631","title":{"rendered":"TraAM 2022-2023 Travaux Acad\u00e9miques Mutualis\u00e9s"},"content":{"rendered":"<div class=\"wp-block-image\">\n<figure class=\"aligncenter size-full\"><a href=\"https:\/\/site.ac-martinique.fr\/physique-chimie\/wp-content\/uploads\/sites\/22\/2023\/05\/Traam2022-2023.png\"><img loading=\"lazy\" decoding=\"async\" width=\"221\" height=\"151\" src=\"https:\/\/site.ac-martinique.fr\/physique-chimie\/wp-content\/uploads\/sites\/22\/2023\/05\/Traam2022-2023.png\" alt=\"\" class=\"wp-image-7633\"\/><\/a><\/figure>\n<\/div>\n\n\n<p><strong><mark style=\"background-color:rgba(0, 0, 0, 0)\" class=\"has-inline-color has-luminous-vivid-orange-color\">Les TraAM&nbsp;: des laboratoires des pratiques num\u00e9riques<\/mark><\/strong><\/p>\n\n\n\n<p>Co-pilot\u00e9s par la DNE et l&#8217;inspection g\u00e9n\u00e9rale de l\u2019\u00e9ducation, du sport et de la recherche, les TraAM sont fond\u00e9s sur la mutualisation inter-acad\u00e9mique, et s&#8217;appuient sur des exp\u00e9rimentations dans des classes. Ils associent les \u00e9quipes acad\u00e9miques du\u202f<strong>premier et du second degr\u00e9<\/strong>.<\/p>\n\n\n\n<p>Les TraAM aboutissent \u00e0 des productions de sc\u00e9narios p\u00e9dagogiques du num\u00e9rique en lien avec le cadre de r\u00e9f\u00e9rence des comp\u00e9tences num\u00e9riques (CRCN) et participent au d\u00e9veloppement d\u2019une culture num\u00e9rique. Ces sc\u00e9narios sont partag\u00e9s dans \u00c9dubase.&nbsp;<\/p>\n\n\n\n<p>Cette ann\u00e9e, notre acad\u00e9mie a \u00e9t\u00e9 retenue pour participer aux travaux acad\u00e9miques mutualis\u00e9s (TraAM) en physique chimie.<\/p>\n\n\n\n<p>Le th\u00e8me travaill\u00e9 est <strong><mark style=\"background-color:rgba(0, 0, 0, 0)\" class=\"has-inline-color has-vivid-red-color\">\u00ab&nbsp;Utiliser le num\u00e9rique pour mettre en \u0153uvre un enseignement hybride&nbsp;\u00bb<\/mark><\/strong><\/p>\n\n\n\n<p><strong>L\u2019\u00e9quipe du traAM est constitu\u00e9 de 5 enseignants:<\/strong><\/p>\n\n\n\n<p>\u2022&nbsp;&nbsp;&nbsp; M. Rachid ARAB (CLG Terreville)<\/p>\n\n\n\n<p>\u2022&nbsp;&nbsp;&nbsp; M. Philippe DRONIOU (CLG Asselin De Beauville)<\/p>\n\n\n\n<p>\u2022&nbsp;&nbsp;&nbsp; Mme Nicole LODI (LPO Acajou 2)<\/p>\n\n\n\n<p>\u2022&nbsp;&nbsp;&nbsp; Mme Laurie MAVINGA (CLG Pontal\u00e9ry)<\/p>\n\n\n\n<p>\u2022&nbsp;&nbsp;&nbsp; M. Dimitri ODONNAT (CLG G\u00e9rard Caf\u00e9)<\/p>\n\n\n\n<p><strong><mark style=\"background-color:rgba(0, 0, 0, 0)\" class=\"has-inline-color has-luminous-vivid-orange-color\">Notre sujet<\/mark><\/strong><\/p>\n\n\n\n<p>L&#8217;hybridation d&#8217;une s\u00e9quence p\u00e9dagogique invite le plus souvent \u00e0 placer les activit\u00e9s exp\u00e9rimentales sur un temps collectif, en pr\u00e9sentiel sous la guidance de l&#8217;enseignant. Nous allons, \u00e0 travers ces travaux, au contraire, chercher \u00e0 v\u00e9rifier si celles-ci ne peuvent \u00eatre propos\u00e9es pour un apprentissage en autonomie aussi bien en classe qu&#8217;\u00e0 la maison, au coll\u00e8ge qu&#8217;au lyc\u00e9e.<\/p>\n\n\n\n<p>Pour ce faire, les points des programmes retenus sont :&nbsp;&nbsp;<\/p>\n\n\n\n<p>&#8211;&nbsp;<strong>En lyc\u00e9e : \u00ab Ondes et signaux \u00bb<\/strong>&nbsp;<\/p>\n\n\n\n<p>Sc\u00e9nario <strong><a href=\"https:\/\/site.ac-martinique.fr\/physique-chimie\/?p=7693\">JOUONS DU VERRILLON&nbsp;<\/a><\/strong><\/p>\n\n\n\n<p>&#8211;&nbsp;<strong>En coll\u00e8ge : \u00ab Des signaux pour observer et communiquer \u00bb&nbsp;<\/strong><\/p>\n\n\n\n<p>Sc\u00e9nario <strong><a href=\"https:\/\/site.ac-martinique.fr\/physique-chimie\/?p=7753\">COMMENT SE PROPAGE LA LUMI\u00c8RE ?&nbsp;<\/a><\/strong><\/p>\n\n\n\n<p>Sc\u00e9nario<em>&nbsp;<\/em><strong><a href=\"https:\/\/site.ac-martinique.fr\/physique-chimie\/?p=7660\">LA VITESSE DE PROPAGATION DU SON<\/a><\/strong><em><a href=\"https:\/\/site.ac-martinique.fr\/physique-chimie\/?p=7660\">&nbsp;<\/a><\/em><\/p>\n\n\n\n<p>&#8211;&nbsp;<strong>En lyc\u00e9e et coll\u00e8ge : \u00ab Mouvement et interaction \u00bb<\/strong><\/p>\n\n\n\n<p>Sc\u00e9nario <a href=\"https:\/\/site.ac-martinique.fr\/physique-chimie\/?p=7815\"><strong>ACQUISITION GPS ET ANALYSE D\u2019UN MOUVEMENT<\/strong>&nbsp;<\/a><\/p>\n\n\n\n<p>Sc\u00e9nario <strong><a href=\"https:\/\/site.ac-martinique.fr\/physique-chimie\/?p=7737\">LA TROISI\u00c8ME LOI DE KEPLER<\/a>&nbsp;<\/strong><\/p>\n\n\n\n<p><\/p>\n\n\n\n<p><\/p>\n\n\n\n<p><\/p>\n\n\n\n<p><\/p>\n\n\n\n<ul class=\"is-style-tw-no-bullet wp-block-list\">\n<li><\/li>\n<\/ul>\n","protected":false},"excerpt":{"rendered":"<p>Les TraAM&nbsp;: des laboratoires des pratiques num\u00e9riques Co-pilot\u00e9s par la DNE et l&#8217;inspection g\u00e9n\u00e9rale de l\u2019\u00e9ducation, du sport et de la recherche, les TraAM sont fond\u00e9s sur la mutualisation inter-acad\u00e9mique, et s&#8217;appuient sur des exp\u00e9rimentations dans des classes. Ils associent les \u00e9quipes acad\u00e9miques du\u202fpremier et du second degr\u00e9. Les TraAM aboutissent \u00e0 des productions de &#8230;<\/p>\n<p><a href=\"https:\/\/site.ac-martinique.fr\/physique-chimie\/?p=7631\" class=\"more-link\">Continue reading &lsquo;TraAM 2022-2023 Travaux Acad\u00e9miques Mutualis\u00e9s&rsquo; &raquo;<\/a><\/p>\n","protected":false},"author":78,"featured_media":0,"comment_status":"closed","ping_status":"closed","sticky":true,"template":"","format":"standard","meta":{"footnotes":""},"categories":[101],"tags":[],"class_list":["post-7631","post","type-post","status-publish","format-standard","hentry","category-traam-2022-2023"],"_links":{"self":[{"href":"https:\/\/site.ac-martinique.fr\/physique-chimie\/index.php?rest_route=\/wp\/v2\/posts\/7631","targetHints":{"allow":["GET"]}}],"collection":[{"href":"https:\/\/site.ac-martinique.fr\/physique-chimie\/index.php?rest_route=\/wp\/v2\/posts"}],"about":[{"href":"https:\/\/site.ac-martinique.fr\/physique-chimie\/index.php?rest_route=\/wp\/v2\/types\/post"}],"author":[{"embeddable":true,"href":"https:\/\/site.ac-martinique.fr\/physique-chimie\/index.php?rest_route=\/wp\/v2\/users\/78"}],"replies":[{"embeddable":true,"href":"https:\/\/site.ac-martinique.fr\/physique-chimie\/index.php?rest_route=%2Fwp%2Fv2%2Fcomments&post=7631"}],"version-history":[{"count":30,"href":"https:\/\/site.ac-martinique.fr\/physique-chimie\/index.php?rest_route=\/wp\/v2\/posts\/7631\/revisions"}],"predecessor-version":[{"id":7836,"href":"https:\/\/site.ac-martinique.fr\/physique-chimie\/index.php?rest_route=\/wp\/v2\/posts\/7631\/revisions\/7836"}],"wp:attachment":[{"href":"https:\/\/site.ac-martinique.fr\/physique-chimie\/index.php?rest_route=%2Fwp%2Fv2%2Fmedia&parent=7631"}],"wp:term":[{"taxonomy":"category","embeddable":true,"href":"https:\/\/site.ac-martinique.fr\/physique-chimie\/index.php?rest_route=%2Fwp%2Fv2%2Fcategories&post=7631"},{"taxonomy":"post_tag","embeddable":true,"href":"https:\/\/site.ac-martinique.fr\/physique-chimie\/index.php?rest_route=%2Fwp%2Fv2%2Ftags&post=7631"}],"curies":[{"name":"wp","href":"https:\/\/api.w.org\/{rel}","templated":true}]}}