{"id":4027,"date":"2022-11-29T13:30:21","date_gmt":"2022-11-29T17:30:21","guid":{"rendered":"https:\/\/site.ac-martinique.fr\/pole-langues\/?p=4027"},"modified":"2022-12-05T12:42:43","modified_gmt":"2022-12-05T16:42:43","slug":"kalbas-calebasse","status":"publish","type":"post","link":"https:\/\/site.ac-martinique.fr\/pole-langues\/?p=4027","title":{"rendered":"Projet p\u00e9dagogique : Kalbas\/Calebasse"},"content":{"rendered":"<figure class=\"is-style-tw-rounded-corners wp-block-post-featured-image\"><img loading=\"lazy\" decoding=\"async\" width=\"410\" height=\"198\" src=\"https:\/\/site.ac-martinique.fr\/pole-langues\/wp-content\/uploads\/sites\/28\/2022\/11\/image-calebasses-410x198.jpg\" class=\"attachment-post-thumbnail size-post-thumbnail wp-post-image\" alt=\"\" style=\"object-fit:cover;\" \/><\/figure>\n\n\n<p class=\"has-medium-font-size\">Retrouvez ci-apr\u00e8s le projet p\u00e9dagogique autour de la Calebasse r\u00e9alis\u00e9 dans une classe de CP.<\/p>\n\n\n\n<p class=\"has-medium-font-size\">Auteur  : BEREAU C\u00e9drine<\/p>\n\n\n\n<div data-wp-interactive=\"core\/file\" class=\"wp-block-file\"><object data-wp-bind--hidden=\"!state.hasPdfPreview\" hidden class=\"wp-block-file__embed\" data=\"https:\/\/site.ac-martinique.fr\/pole-langues\/wp-content\/uploads\/sites\/28\/2022\/11\/PROJET-cadre-LVR-creole-sur-la-Calebasse-Cycle-2-BEREAU-Cedrine.pdf\" type=\"application\/pdf\" style=\"width:100%;height:1080px\" aria-label=\"Contenu embarqu\u00e9 PROJET-cadre-LVR-creole-sur-la-Calebasse-Cycle-2-BEREAU-Cedrine.\"><\/object><a id=\"wp-block-file--media-ad9fd4d1-594d-4b50-9c1e-f6ff944c263a\" href=\"https:\/\/site.ac-martinique.fr\/pole-langues\/wp-content\/uploads\/sites\/28\/2022\/11\/PROJET-cadre-LVR-creole-sur-la-Calebasse-Cycle-2-BEREAU-Cedrine.pdf\">PROJET-cadre-LVR-creole-sur-la-Calebasse-Cycle-2-BEREAU-Cedrine<\/a><a href=\"https:\/\/site.ac-martinique.fr\/pole-langues\/wp-content\/uploads\/sites\/28\/2022\/11\/PROJET-cadre-LVR-creole-sur-la-Calebasse-Cycle-2-BEREAU-Cedrine.pdf\" class=\"wp-block-file__button wp-element-button\" download aria-describedby=\"wp-block-file--media-ad9fd4d1-594d-4b50-9c1e-f6ff944c263a\">T\u00e9l\u00e9charger<\/a><\/div>\n","protected":false},"excerpt":{"rendered":"<p>Retrouvez ci-apr\u00e8s le projet p\u00e9dagogique autour de la Calebasse r\u00e9alis\u00e9 dans une classe de CP. Auteur : BEREAU C\u00e9drine<\/p>\n","protected":false},"author":10,"featured_media":4035,"comment_status":"closed","ping_status":"closed","sticky":false,"template":"","format":"gallery","meta":{"footnotes":""},"categories":[72,79],"tags":[89,90,88,87],"class_list":["post-4027","post","type-post","status-publish","format-gallery","has-post-thumbnail","hentry","category-ressources-lvr","category-resssources-cycle-2","tag-cp","tag-cycle2","tag-pedagogique","tag-projet","post_format-post-format-gallery"],"_links":{"self":[{"href":"https:\/\/site.ac-martinique.fr\/pole-langues\/index.php?rest_route=\/wp\/v2\/posts\/4027","targetHints":{"allow":["GET"]}}],"collection":[{"href":"https:\/\/site.ac-martinique.fr\/pole-langues\/index.php?rest_route=\/wp\/v2\/posts"}],"about":[{"href":"https:\/\/site.ac-martinique.fr\/pole-langues\/index.php?rest_route=\/wp\/v2\/types\/post"}],"author":[{"embeddable":true,"href":"https:\/\/site.ac-martinique.fr\/pole-langues\/index.php?rest_route=\/wp\/v2\/users\/10"}],"replies":[{"embeddable":true,"href":"https:\/\/site.ac-martinique.fr\/pole-langues\/index.php?rest_route=%2Fwp%2Fv2%2Fcomments&post=4027"}],"version-history":[{"count":6,"href":"https:\/\/site.ac-martinique.fr\/pole-langues\/index.php?rest_route=\/wp\/v2\/posts\/4027\/revisions"}],"predecessor-version":[{"id":4085,"href":"https:\/\/site.ac-martinique.fr\/pole-langues\/index.php?rest_route=\/wp\/v2\/posts\/4027\/revisions\/4085"}],"wp:featuredmedia":[{"embeddable":true,"href":"https:\/\/site.ac-martinique.fr\/pole-langues\/index.php?rest_route=\/wp\/v2\/media\/4035"}],"wp:attachment":[{"href":"https:\/\/site.ac-martinique.fr\/pole-langues\/index.php?rest_route=%2Fwp%2Fv2%2Fmedia&parent=4027"}],"wp:term":[{"taxonomy":"category","embeddable":true,"href":"https:\/\/site.ac-martinique.fr\/pole-langues\/index.php?rest_route=%2Fwp%2Fv2%2Fcategories&post=4027"},{"taxonomy":"post_tag","embeddable":true,"href":"https:\/\/site.ac-martinique.fr\/pole-langues\/index.php?rest_route=%2Fwp%2Fv2%2Ftags&post=4027"}],"curies":[{"name":"wp","href":"https:\/\/api.w.org\/{rel}","templated":true}]}}