{"id":4439,"date":"2023-10-19T09:13:42","date_gmt":"2023-10-19T13:13:42","guid":{"rendered":"https:\/\/site.ac-martinique.fr\/pole-langues\/?p=4439"},"modified":"2023-10-19T09:13:42","modified_gmt":"2023-10-19T13:13:42","slug":"simenn-kreyol-lekol","status":"publish","type":"post","link":"https:\/\/site.ac-martinique.fr\/pole-langues\/?p=4439","title":{"rendered":"Simenn kr\u00e9yol lekol"},"content":{"rendered":"\n<figure class=\"wp-block-gallery has-nested-images columns-default is-cropped wp-block-gallery-1 is-layout-flex wp-block-gallery-is-layout-flex\">\n<figure class=\"wp-block-image size-large is-style-tw-rounded-corners\"><a href=\"https:\/\/site.ac-martinique.fr\/pole-langues\/wp-content\/uploads\/sites\/28\/2023\/10\/WhatsApp-Image-2023-10-18-a-10.11.01_152ab6f1.jpg\"><img loading=\"lazy\" decoding=\"async\" width=\"768\" height=\"1024\" data-id=\"4440\" src=\"https:\/\/site.ac-martinique.fr\/pole-langues\/wp-content\/uploads\/sites\/28\/2023\/10\/WhatsApp-Image-2023-10-18-a-10.11.01_152ab6f1.jpg\" alt=\"\" class=\"wp-image-4440\" srcset=\"https:\/\/site.ac-martinique.fr\/pole-langues\/wp-content\/uploads\/sites\/28\/2023\/10\/WhatsApp-Image-2023-10-18-a-10.11.01_152ab6f1.jpg 768w, https:\/\/site.ac-martinique.fr\/pole-langues\/wp-content\/uploads\/sites\/28\/2023\/10\/WhatsApp-Image-2023-10-18-a-10.11.01_152ab6f1-225x300.jpg 225w\" sizes=\"auto, (max-width: 768px) 100vw, 768px\" \/><\/a><\/figure>\n\n\n\n<figure class=\"wp-block-image size-large is-style-tw-rounded-corners\"><a href=\"https:\/\/site.ac-martinique.fr\/pole-langues\/wp-content\/uploads\/sites\/28\/2023\/10\/WhatsApp-Image-2023-10-18-a-10.11.00_46d7bfe3.jpg\"><img loading=\"lazy\" decoding=\"async\" width=\"768\" height=\"1024\" data-id=\"4441\" src=\"https:\/\/site.ac-martinique.fr\/pole-langues\/wp-content\/uploads\/sites\/28\/2023\/10\/WhatsApp-Image-2023-10-18-a-10.11.00_46d7bfe3.jpg\" alt=\"\" class=\"wp-image-4441\" srcset=\"https:\/\/site.ac-martinique.fr\/pole-langues\/wp-content\/uploads\/sites\/28\/2023\/10\/WhatsApp-Image-2023-10-18-a-10.11.00_46d7bfe3.jpg 768w, https:\/\/site.ac-martinique.fr\/pole-langues\/wp-content\/uploads\/sites\/28\/2023\/10\/WhatsApp-Image-2023-10-18-a-10.11.00_46d7bfe3-225x300.jpg 225w\" sizes=\"auto, (max-width: 768px) 100vw, 768px\" \/><\/a><\/figure>\n<\/figure>\n\n\n\n<p class=\"has-medium-font-size\">Dans le cadre de la semaine du cr\u00e9ole en partenariat avec la CTM, la classe de CM1 de l&#8217;\u00e9cole primaire Aristide Maug\u00e9e \u00e0 Trenelle a re\u00e7u Steve FOLA, ce lundi\u00a016\u00a0octobre.<\/p>\n","protected":false},"excerpt":{"rendered":"<p>Dans le cadre de la semaine du cr\u00e9ole en partenariat avec la CTM, la classe de CM1 de l&#8217;\u00e9cole primaire Aristide Maug\u00e9e \u00e0 Trenelle a re\u00e7u Steve FOLA, ce lundi\u00a016\u00a0octobre.<\/p>\n","protected":false},"author":272,"featured_media":4442,"comment_status":"closed","ping_status":"closed","sticky":false,"template":"","format":"gallery","meta":{"footnotes":""},"categories":[81],"tags":[],"class_list":["post-4439","post","type-post","status-publish","format-gallery","has-post-thumbnail","hentry","category-actualites-lvr","post_format-post-format-gallery"],"_links":{"self":[{"href":"https:\/\/site.ac-martinique.fr\/pole-langues\/index.php?rest_route=\/wp\/v2\/posts\/4439","targetHints":{"allow":["GET"]}}],"collection":[{"href":"https:\/\/site.ac-martinique.fr\/pole-langues\/index.php?rest_route=\/wp\/v2\/posts"}],"about":[{"href":"https:\/\/site.ac-martinique.fr\/pole-langues\/index.php?rest_route=\/wp\/v2\/types\/post"}],"author":[{"embeddable":true,"href":"https:\/\/site.ac-martinique.fr\/pole-langues\/index.php?rest_route=\/wp\/v2\/users\/272"}],"replies":[{"embeddable":true,"href":"https:\/\/site.ac-martinique.fr\/pole-langues\/index.php?rest_route=%2Fwp%2Fv2%2Fcomments&post=4439"}],"version-history":[{"count":1,"href":"https:\/\/site.ac-martinique.fr\/pole-langues\/index.php?rest_route=\/wp\/v2\/posts\/4439\/revisions"}],"predecessor-version":[{"id":4443,"href":"https:\/\/site.ac-martinique.fr\/pole-langues\/index.php?rest_route=\/wp\/v2\/posts\/4439\/revisions\/4443"}],"wp:featuredmedia":[{"embeddable":true,"href":"https:\/\/site.ac-martinique.fr\/pole-langues\/index.php?rest_route=\/wp\/v2\/media\/4442"}],"wp:attachment":[{"href":"https:\/\/site.ac-martinique.fr\/pole-langues\/index.php?rest_route=%2Fwp%2Fv2%2Fmedia&parent=4439"}],"wp:term":[{"taxonomy":"category","embeddable":true,"href":"https:\/\/site.ac-martinique.fr\/pole-langues\/index.php?rest_route=%2Fwp%2Fv2%2Fcategories&post=4439"},{"taxonomy":"post_tag","embeddable":true,"href":"https:\/\/site.ac-martinique.fr\/pole-langues\/index.php?rest_route=%2Fwp%2Fv2%2Ftags&post=4439"}],"curies":[{"name":"wp","href":"https:\/\/api.w.org\/{rel}","templated":true}]}}