{"id":1659,"date":"2022-11-08T15:46:18","date_gmt":"2022-11-08T14:46:18","guid":{"rendered":"https:\/\/site.ac-martinique.fr\/pole-maternelle\/?p=1659"},"modified":"2022-11-08T15:51:05","modified_gmt":"2022-11-08T14:51:05","slug":"associer-un-nombre-a-une-position-exemples-dactivites","status":"publish","type":"post","link":"https:\/\/site.ac-martinique.fr\/pole-maternelle\/associer-un-nombre-a-une-position-exemples-dactivites\/","title":{"rendered":"Associer un nombre \u00e0 une position: exemples d&rsquo;activit\u00e9s"},"content":{"rendered":"\n<p class=\"has-background\" style=\"background-color:#e8f68e\">La comp\u00e9tence \u00ab\u00a0Associer un nombre \u00e0 une position\u00a0\u00bb est r\u00e9guli\u00e8rement \u00e9chou\u00e9e par les \u00e9l\u00e8ves lors des \u00e9valuations Rep\u00e8res de d\u00e9but de CP et CE1. Or l\u2019id\u00e9e que les nombres forment une ligne orient\u00e9e de la gauche vers la droite est l\u2019un des concepts les plus fondamentaux et les plus utiles en math\u00e9matiques. <\/p>\n\n\n\n<p>Chez l\u2019adulte, le nombre et l\u2019espace sont automatiquement associ\u00e9s dans les m\u00eames r\u00e9gions du cerveau, et le concept de \u00ab ligne num\u00e9rique \u00bb facilite la compr\u00e9hension de l\u2019arithm\u00e9tique : additionner, c\u2019est se d\u00e9placer d\u2019un certain nombre d\u2019unit\u00e9s vers la droite, tandis que soustraire est l\u2019op\u00e9ration inverse. <\/p>\n\n\n\n<p>La correspondance nombre-espace est \u00e9galement fondamentale en g\u00e9om\u00e9trie (litt\u00e9ralement la mesure de la terre) : les nombres servent \u00e0 mesurer l\u2019espace. Cette id\u00e9e cl\u00e9 sous-tend l\u2019apprentissage ult\u00e9rieur de toute une s\u00e9rie de concepts math\u00e9matiques plus avanc\u00e9s : coordonn\u00e9es spatiales, nombre n\u00e9gatif, fraction, nombre r\u00e9el, nombre complexe, etc.<\/p>\n\n\n\n<p>Source: <a href=\"https:\/\/cache.media.eduscol.education.fr\/file\/Evaluations_2019-2020\/00\/4\/EvalAide_CSEN_Definitif_Mai2019_1165004.pdf\">Eval&rsquo;aide &#8211; Eduscol<\/a><\/p>\n\n\n\n<p class=\"has-background\" style=\"background-color:#f4baba\"><strong>Pour travailler cette comp\u00e9tence avec les \u00e9l\u00e8ves, plusieurs activit\u00e9s sont possibles<\/strong>: <strong><a href=\"https:\/\/site.ac-martinique.fr\/pole-maternelle\/wp-content\/uploads\/sites\/27\/2022\/11\/Liaison-GS-CP-Associer-nombre-position.pdf\">cliquer pour les t\u00e9l\u00e9charger<\/a>.<\/strong><\/p>\n\n\n\n<p class=\"has-white-background-color has-background\"><strong>Afin de faire \u00e9voluer ces activit\u00e9s du cycle 1 au cycle 2,<\/strong> <strong>vous pourrez jouer sur plusieurs variables<\/strong>: la taille des nombres en jeu, les nombres des deux bornes, la pr\u00e9sence ou non de graduations ou de cases vides ou encore l&rsquo;\u00e9cart entre deux graduations\/cases (\u00e9cart d&rsquo;une unit\u00e9, de deux unit\u00e9s, de dix unit\u00e9s etc&#8230;).<\/p>\n\n\n<div class=\"wp-block-image\">\n<figure class=\"aligncenter size-full\"><a href=\"https:\/\/site.ac-martinique.fr\/pole-maternelle\/wp-content\/uploads\/sites\/27\/2022\/11\/Corde.jpg\"><img loading=\"lazy\" decoding=\"async\" width=\"455\" height=\"340\" src=\"https:\/\/site.ac-martinique.fr\/pole-maternelle\/wp-content\/uploads\/sites\/27\/2022\/11\/Corde.jpg\" alt=\"\" class=\"wp-image-1660\" srcset=\"https:\/\/site.ac-martinique.fr\/pole-maternelle\/wp-content\/uploads\/sites\/27\/2022\/11\/Corde.jpg 455w, https:\/\/site.ac-martinique.fr\/pole-maternelle\/wp-content\/uploads\/sites\/27\/2022\/11\/Corde-300x224.jpg 300w, https:\/\/site.ac-martinique.fr\/pole-maternelle\/wp-content\/uploads\/sites\/27\/2022\/11\/Corde-401x300.jpg 401w\" sizes=\"auto, (max-width: 455px) 100vw, 455px\" \/><\/a><\/figure>\n<\/div>","protected":false},"excerpt":{"rendered":"<p>La comp\u00e9tence \u00ab\u00a0Associer un nombre \u00e0 une position\u00a0\u00bb est r\u00e9guli\u00e8rement \u00e9chou\u00e9e par les \u00e9l\u00e8ves lors des \u00e9valuations Rep\u00e8res de d\u00e9but de CP et CE1. Or l\u2019id\u00e9e que les nombres forment une ligne orient\u00e9e de la gauche vers la droite est l\u2019un des concepts les plus fondamentaux et les plus utiles en math\u00e9matiques. Chez l\u2019adulte, le &hellip; <\/p>\n<p><a class=\"more-link btn\" href=\"https:\/\/site.ac-martinique.fr\/pole-maternelle\/associer-un-nombre-a-une-position-exemples-dactivites\/\">Lire la suite<\/a><\/p>\n","protected":false},"author":296,"featured_media":1660,"comment_status":"closed","ping_status":"open","sticky":false,"template":"","format":"standard","meta":{"footnotes":""},"categories":[40,42],"tags":[],"class_list":["post-1659","post","type-post","status-publish","format-standard","has-post-thumbnail","hentry","category-mathematiques","category-mathematiques-activites","item-wrap"],"_links":{"self":[{"href":"https:\/\/site.ac-martinique.fr\/pole-maternelle\/wp-json\/wp\/v2\/posts\/1659","targetHints":{"allow":["GET"]}}],"collection":[{"href":"https:\/\/site.ac-martinique.fr\/pole-maternelle\/wp-json\/wp\/v2\/posts"}],"about":[{"href":"https:\/\/site.ac-martinique.fr\/pole-maternelle\/wp-json\/wp\/v2\/types\/post"}],"author":[{"embeddable":true,"href":"https:\/\/site.ac-martinique.fr\/pole-maternelle\/wp-json\/wp\/v2\/users\/296"}],"replies":[{"embeddable":true,"href":"https:\/\/site.ac-martinique.fr\/pole-maternelle\/wp-json\/wp\/v2\/comments?post=1659"}],"version-history":[{"count":2,"href":"https:\/\/site.ac-martinique.fr\/pole-maternelle\/wp-json\/wp\/v2\/posts\/1659\/revisions"}],"predecessor-version":[{"id":1665,"href":"https:\/\/site.ac-martinique.fr\/pole-maternelle\/wp-json\/wp\/v2\/posts\/1659\/revisions\/1665"}],"wp:featuredmedia":[{"embeddable":true,"href":"https:\/\/site.ac-martinique.fr\/pole-maternelle\/wp-json\/wp\/v2\/media\/1660"}],"wp:attachment":[{"href":"https:\/\/site.ac-martinique.fr\/pole-maternelle\/wp-json\/wp\/v2\/media?parent=1659"}],"wp:term":[{"taxonomy":"category","embeddable":true,"href":"https:\/\/site.ac-martinique.fr\/pole-maternelle\/wp-json\/wp\/v2\/categories?post=1659"},{"taxonomy":"post_tag","embeddable":true,"href":"https:\/\/site.ac-martinique.fr\/pole-maternelle\/wp-json\/wp\/v2\/tags?post=1659"}],"curies":[{"name":"wp","href":"https:\/\/api.w.org\/{rel}","templated":true}]}}