{"id":1685,"date":"2014-01-31T14:11:18","date_gmt":"2014-01-31T18:11:18","guid":{"rendered":"\/pole-maths\/?p=1685"},"modified":"2014-01-31T14:20:03","modified_gmt":"2014-01-31T18:20:03","slug":"sceren-livres-resolution-de-problemes","status":"publish","type":"post","link":"https:\/\/site.ac-martinique.fr\/pole-maths\/?p=1685","title":{"rendered":"Sc\u00e9ren &#8211; livres r\u00e9solution de probl\u00e8mes"},"content":{"rendered":"<p>&nbsp;<\/p>\n<p style=\"text-align: justify\"><a href=\"\/pole-maths\/wp-content\/uploads\/sites\/26\/2014\/01\/livre-probl\u00e8mes-add-et-sous-CP-CE1.jpg\"><img loading=\"lazy\" decoding=\"async\" class=\"alignleft size-full wp-image-1678\" src=\"\/pole-maths\/wp-content\/uploads\/sites\/26\/2014\/01\/livre-probl\u00e8mes-add-et-sous-CP-CE1.jpg\" alt=\"\" width=\"99\" height=\"140\" \/><\/a><a href=\"\/pole-maths\/wp-content\/uploads\/sites\/26\/2014\/01\/livre-situations-multiplicatives.jpg\"><img loading=\"lazy\" decoding=\"async\" class=\"alignleft size-full wp-image-1677\" src=\"\/pole-maths\/wp-content\/uploads\/sites\/26\/2014\/01\/livre-situations-multiplicatives.jpg\" alt=\"\" width=\"99\" height=\"140\" \/><\/a>Ouvrages du sc\u00e9ren permettant une mise en oeuvre structur\u00e9e de l&rsquo;enseignement de la r\u00e9solution de probl\u00e8mes arithm\u00e9tiques. <!--more--><\/p>\n<p>&nbsp;<\/p>\n<p>&nbsp;<\/p>\n<p><a href=\"\/pole-maths\/wp-content\/uploads\/sites\/26\/2014\/01\/livre-probl\u00e8mes-add-et-sous-CP-CE1.jpg\"><img loading=\"lazy\" decoding=\"async\" class=\"alignleft size-full wp-image-1678\" src=\"\/pole-maths\/wp-content\/uploads\/sites\/26\/2014\/01\/livre-probl\u00e8mes-add-et-sous-CP-CE1.jpg\" alt=\"\" width=\"99\" height=\"140\" \/><\/a><em><\/em><\/p>\n<p style=\"text-align: justify\"><em>Probl\u00e8mes additifs et soustractifs CP-CE1<\/em> est un ouvrage de la collection \u00ab\u00a0Outils pour les cycles\u00a0\u00bb \u00e9dit\u00e9 par le SC\u00c9R\u00c9N\/CRDP Nord &#8211; Pas de Calais. Les auteurs sont Olivier Graff, Antonio Valzan, Beno\u00eet Wozniak. La coordination est d&rsquo;Andr\u00e9 Jacquart. \u00a0<a title=\"lien vers le r\u00e9sum\u00e9 d\u00e9taill\u00e9 du livre\" href=\"http:\/\/www.sceren.com\/cyber-librairie-cndp.aspx?l=problemes-additifs-et-soustractifs-cp-ce1&amp;prod=177949\" target=\"_blank\">Le r\u00e9sum\u00e9 d\u00e9taill\u00e9<\/a><\/p>\n<p><a title=\"lien vers les compl\u00e9ments en ligne du livre\" href=\"http:\/\/www.cndp.fr\/collection\/outils-pour-cycles\/problemes_C2\/\" target=\"_blank\">Les compl\u00e9ments du sc\u00e9ren en ligne<\/a><\/p>\n<p>&nbsp;<\/p>\n<p><a href=\"\/pole-maths\/wp-content\/uploads\/sites\/26\/2014\/01\/livre-situations-multiplicatives.jpg\"><img loading=\"lazy\" decoding=\"async\" class=\"alignleft size-full wp-image-1677\" src=\"\/pole-maths\/wp-content\/uploads\/sites\/26\/2014\/01\/livre-situations-multiplicatives.jpg\" alt=\"\" width=\"99\" height=\"140\" \/><\/a><\/p>\n<p style=\"text-align: justify\"><em>Situations multiplicatives &#8211; Probl\u00e8mes de multiplication et de division\u00a0<\/em> est un ouvrage de la collection \u00ab\u00a0Outils pour les cycles\u00a0\u00bb \u00e9dit\u00e9 par le SC\u00c9R\u00c9N\/CRDP Nord &#8211; Pas de Calais. Les auteurs sont Olivier Graff, Beno\u00eet Wozniak. La coordination est de Jean-Jacques Calmelet. \u00a0 \u00a0 \u00a0 \u00a0 \u00a0 \u00a0 \u00a0<a title=\"lien  vers le r\u00e9sum\u00e9 du sc\u00e9ren du livre\" href=\"http:\/\/www.cndp.fr\/crdp-lille\/catalogue\/spip.php?article158\" target=\"_blank\">\u00a0Le r\u00e9sum\u00e9 d\u00e9taill\u00e9.<\/a><\/p>\n<p><a title=\"lien vers les compl\u00e9ments en ligne\" href=\"http:\/\/www.cndp.fr\/crdp-lille\/problemes_CE2-CM2\/default.htm\" target=\"_blank\">Les compl\u00e9ments en ligne<\/a><\/p>\n<p>&nbsp;<\/p>\n","protected":false},"excerpt":{"rendered":"<p>&nbsp; Ouvrages du sc\u00e9ren permettant une mise en oeuvre structur\u00e9e de l&rsquo;enseignement de la r\u00e9solution de probl\u00e8mes arithm\u00e9tiques.<\/p>\n","protected":false},"author":83,"featured_media":0,"comment_status":"closed","ping_status":"closed","sticky":false,"template":"","format":"standard","meta":{"footnotes":""},"categories":[47,48,45,105,42,41,111],"tags":[131,130,122,127,126,135,136,134,125,129,128,123,132,78,124,133],"class_list":["post-1685","post","type-post","status-publish","format-standard","hentry","category-cycle2","category-cycle3","category-cycles","category-enseignement-des-mathematiques","category-grandeurs-et-mesures","category-nombresetcalcul","category-resolution-de-problemes-2","tag-n-fois-moins","tag-n-fois-plus","tag-addition","tag-categories-de-problemes","tag-categorisation","tag-combinaison-de-2-etats","tag-comparaison-detats","tag-composition-de-2-etats","tag-division","tag-division-groupement","tag-division-partage","tag-multiplication","tag-produit-cartesien","tag-resolution-de-problemes","tag-soustraction","tag-transformation-dun-etat"],"_links":{"self":[{"href":"https:\/\/site.ac-martinique.fr\/pole-maths\/index.php?rest_route=\/wp\/v2\/posts\/1685","targetHints":{"allow":["GET"]}}],"collection":[{"href":"https:\/\/site.ac-martinique.fr\/pole-maths\/index.php?rest_route=\/wp\/v2\/posts"}],"about":[{"href":"https:\/\/site.ac-martinique.fr\/pole-maths\/index.php?rest_route=\/wp\/v2\/types\/post"}],"author":[{"embeddable":true,"href":"https:\/\/site.ac-martinique.fr\/pole-maths\/index.php?rest_route=\/wp\/v2\/users\/83"}],"replies":[{"embeddable":true,"href":"https:\/\/site.ac-martinique.fr\/pole-maths\/index.php?rest_route=%2Fwp%2Fv2%2Fcomments&post=1685"}],"version-history":[{"count":27,"href":"https:\/\/site.ac-martinique.fr\/pole-maths\/index.php?rest_route=\/wp\/v2\/posts\/1685\/revisions"}],"predecessor-version":[{"id":1710,"href":"https:\/\/site.ac-martinique.fr\/pole-maths\/index.php?rest_route=\/wp\/v2\/posts\/1685\/revisions\/1710"}],"wp:attachment":[{"href":"https:\/\/site.ac-martinique.fr\/pole-maths\/index.php?rest_route=%2Fwp%2Fv2%2Fmedia&parent=1685"}],"wp:term":[{"taxonomy":"category","embeddable":true,"href":"https:\/\/site.ac-martinique.fr\/pole-maths\/index.php?rest_route=%2Fwp%2Fv2%2Fcategories&post=1685"},{"taxonomy":"post_tag","embeddable":true,"href":"https:\/\/site.ac-martinique.fr\/pole-maths\/index.php?rest_route=%2Fwp%2Fv2%2Ftags&post=1685"}],"curies":[{"name":"wp","href":"https:\/\/api.w.org\/{rel}","templated":true}]}}