{"id":2602,"date":"2015-03-15T12:05:22","date_gmt":"2015-03-15T16:05:22","guid":{"rendered":"\/pole-maths\/?p=2602"},"modified":"2015-03-15T12:05:22","modified_gmt":"2015-03-15T16:05:22","slug":"semaine-des-mathematiques-2014","status":"publish","type":"post","link":"https:\/\/site.ac-martinique.fr\/pole-maths\/?p=2602","title":{"rendered":"Semaine des math\u00e9matiques 2014"},"content":{"rendered":"<p><img loading=\"lazy\" decoding=\"async\" class=\"alignleft\" title=\"semaine des math\u00e9matiques 2014\" src=\"\/pole-maths\/wp-content\/uploads\/sites\/26\/2015\/03\/semaine-des-maths-2014.jpg\" alt=\"\" width=\"132\" height=\"137\" \/>La troisi\u00e8me \u00e9dition de la Semaine des math\u00e9matiques a lieu du 17 au 22 mars 2014, sur le th\u00e8me <em><strong>Math\u00e9matiques au carrefour des cultures<\/strong><\/em>.<\/p>\n<p>&nbsp;<\/p>\n<p style=\"text-align: center;\"><!--more--><\/p>\n<p style=\"text-align: center;\"><span style=\"font-size: large; color: #ff0000;\"><strong>Semaine des math\u00e9matiques 2014<\/strong><\/span><\/p>\n<p style=\"text-align: justify;\">La troisi\u00e8me \u00e9dition de la semaine des math\u00e9matiques a lieu du 17 au 22 mars 2014, sur le th\u00e8me <em><strong>Math\u00e9matiques au carrefour des cultures<\/strong><\/em>. Cette manifestation de valorisation des maths est l&rsquo;occasion de proposer \u00e0 tous les \u00e9l\u00e8ves des situations innovantes leur permettant de mettre en place des strat\u00e9gies bas\u00e9es sur la recherche et la prise d&rsquo;initiative.<\/p>\n<p style=\"text-align: left;\">Ces parcours d\u00e9fis sont pens\u00e9s pour tous les \u00e9l\u00e8ves d&rsquo;une \u00e9cole.<\/p>\n<p style=\"text-align: left;\"><strong>T\u00e9l\u00e9charger<\/strong><\/p>\n<ul>\n<li>les <a title=\"d\u00e9fi maternelle\" href=\"\/pole-maths\/wp-content\/uploads\/sites\/26\/2015\/03\/semaine-des-maths-2014-maternelle-2.pdf\" target=\"_blank\">d\u00e9fis maternelle<\/a> et <a title=\"annexe d\u00e9fi cycle 1\" href=\"\/pole-maths\/wp-content\/uploads\/sites\/26\/2015\/03\/Annexe-maternelle-2-corrig\u00e9.pdf\" target=\"_blank\">leurs annexes<\/a><\/li>\n<li>Les <a title=\"d\u00e9fi cycle 2\" href=\"\/pole-maths\/wp-content\/uploads\/sites\/26\/2015\/03\/semaine-des-maths-2014-cycle-2.pdf\" target=\"_blank\">d\u00e9fis cycle 2<\/a><\/li>\n<li>Les <a title=\"d\u00e9fi cycle 3\" href=\"\/pole-maths\/wp-content\/uploads\/sites\/26\/2015\/03\/semaine-des-maths-2014-cycle-3.pdf\" target=\"_blank\">d\u00e9fis cycle 3<\/a> et <a title=\"annexe cycle 3\" href=\"\/pole-maths\/wp-content\/uploads\/sites\/26\/2015\/03\/Annexe-cycle-3.pdf\" target=\"_blank\">leurs annexes<\/a><\/li>\n<\/ul>\n","protected":false},"excerpt":{"rendered":"<p>La troisi\u00e8me \u00e9dition de la Semaine des math\u00e9matiques a lieu du 17 au 22 mars 2014, sur le th\u00e8me Math\u00e9matiques au carrefour des cultures. &nbsp;<\/p>\n","protected":false},"author":83,"featured_media":0,"comment_status":"closed","ping_status":"closed","sticky":false,"template":"","format":"standard","meta":{"footnotes":""},"categories":[47,48,46,61,62,112],"tags":[26,63,64,65,59],"class_list":["post-2602","post","type-post","status-publish","format-standard","hentry","category-cycle2","category-cycle3","category-cycle1","category-operations-de-valorisation","category-semaine-des-mathematiques-operations-de-valorisation","category-transversalite","tag-actions","tag-cycle-1","tag-cycle-2","tag-cycle-3","tag-semaine-des-mathematiques"],"_links":{"self":[{"href":"https:\/\/site.ac-martinique.fr\/pole-maths\/index.php?rest_route=\/wp\/v2\/posts\/2602","targetHints":{"allow":["GET"]}}],"collection":[{"href":"https:\/\/site.ac-martinique.fr\/pole-maths\/index.php?rest_route=\/wp\/v2\/posts"}],"about":[{"href":"https:\/\/site.ac-martinique.fr\/pole-maths\/index.php?rest_route=\/wp\/v2\/types\/post"}],"author":[{"embeddable":true,"href":"https:\/\/site.ac-martinique.fr\/pole-maths\/index.php?rest_route=\/wp\/v2\/users\/83"}],"replies":[{"embeddable":true,"href":"https:\/\/site.ac-martinique.fr\/pole-maths\/index.php?rest_route=%2Fwp%2Fv2%2Fcomments&post=2602"}],"version-history":[{"count":19,"href":"https:\/\/site.ac-martinique.fr\/pole-maths\/index.php?rest_route=\/wp\/v2\/posts\/2602\/revisions"}],"predecessor-version":[{"id":2628,"href":"https:\/\/site.ac-martinique.fr\/pole-maths\/index.php?rest_route=\/wp\/v2\/posts\/2602\/revisions\/2628"}],"wp:attachment":[{"href":"https:\/\/site.ac-martinique.fr\/pole-maths\/index.php?rest_route=%2Fwp%2Fv2%2Fmedia&parent=2602"}],"wp:term":[{"taxonomy":"category","embeddable":true,"href":"https:\/\/site.ac-martinique.fr\/pole-maths\/index.php?rest_route=%2Fwp%2Fv2%2Fcategories&post=2602"},{"taxonomy":"post_tag","embeddable":true,"href":"https:\/\/site.ac-martinique.fr\/pole-maths\/index.php?rest_route=%2Fwp%2Fv2%2Ftags&post=2602"}],"curies":[{"name":"wp","href":"https:\/\/api.w.org\/{rel}","templated":true}]}}