{"id":282,"date":"2013-11-01T17:31:09","date_gmt":"2013-11-01T21:31:09","guid":{"rendered":"\/pole-maths\/?p=282"},"modified":"2014-01-30T16:04:43","modified_gmt":"2014-01-30T20:04:43","slug":"semaine-des-mathematiques-2013","status":"publish","type":"post","link":"https:\/\/site.ac-martinique.fr\/pole-maths\/?p=282","title":{"rendered":"Semaine des math\u00e9matiques 2013"},"content":{"rendered":"<p><img loading=\"lazy\" decoding=\"async\" class=\"alignleft\" src=\"https:\/\/lh5.googleusercontent.com\/m9Ghz_yqvOpAfMi4IWEBS1Tn7xgmTxqgwFfJvxmQEiY=w187-h168-p-no\" alt=\"\" width=\"131\" height=\"118\" \/>Le th\u00e8me de la <strong>semaine des math\u00e9matiques 2013<\/strong> est \u00ab\u00a0la plan\u00e8te Terre\u00a0\u00bb. <strong>T\u00e9l\u00e9charger les parcours d\u00e9fis cycle 1, cycle 2 et cycle 3 ainsi que les guides d&rsquo;accompagnement<\/strong>. Ils ont \u00e9t\u00e9 pens\u00e9s pour tous les \u00e9l\u00e8ves d&rsquo;une \u00e9cole.<!--more--><\/p>\n<h1 style=\"text-align: center\"><span style=\"color: #ff0000\">Semaine des math\u00e9matiques 2013<\/span><\/h1>\n<p>La seconde \u00e9dition de la Semaine des math\u00e9matiques a lieu du 18 au 23 mars 2013\u00a0sur le <strong>th\u00e8me de \u00ab\u00a0la plan\u00e8te terre\u00a0\u00bb<\/strong>.\u00a0Elle\u00a0est\u00a0l\u2019occasion d\u2019offrir aux \u00e9l\u00e8ves des situations qui leur permettent de mettre en place\u00a0une\u00a0d\u00e9marche fond\u00e9e sur l\u2019initiative. Ils peuvent ainsi\u00a0montrer leur capacit\u00e9 \u00e0 utiliser,\u00a0dans des situations in\u00e9dites, des connaissances acquises qui ne sont pas appel\u00e9es explicitement.<\/p>\n<p><strong><em>Les\u00a0parcours d\u00e9fis ont \u00e9t\u00e9 pens\u00e9s pour tous les \u00e9l\u00e8ves d\u2019une \u00e9cole.<\/em><\/strong><\/p>\n<p><strong>Les guides d\u2019accompagnements<\/strong> sont pr\u00e9vus\u00a0pour permettre \u00e0 chaque enseignant d\u2019anticiper (pr\u00e9paration mat\u00e9rielle, reproduction de documents) pour assurer le travail d\u2019exploration attendu.\u00a0Dans la classe, le lancement peut\u00a0\u00eatre collectif, le travail peut se r\u00e9aliser en petits groupes ou seul.<\/p>\n<p>Un dossier d\u2019images ressources est t\u00e9l\u00e9chargeable pour les utilisateurs du TNI.<\/p>\n<p><a href=\"\/pole-maths\/wp-content\/uploads\/sites\/26\/2013\/11\/Tableau_recapitulatif_defi.png\"><img loading=\"lazy\" decoding=\"async\" class=\"aligncenter size-full wp-image-1637\" src=\"\/pole-maths\/wp-content\/uploads\/sites\/26\/2013\/11\/Tableau_recapitulatif_defi.png\" alt=\"\" width=\"1123\" height=\"707\" srcset=\"https:\/\/site.ac-martinique.fr\/pole-maths\/wp-content\/uploads\/sites\/26\/2013\/11\/Tableau_recapitulatif_defi.png 1123w, https:\/\/site.ac-martinique.fr\/pole-maths\/wp-content\/uploads\/sites\/26\/2013\/11\/Tableau_recapitulatif_defi-150x94.png 150w, https:\/\/site.ac-martinique.fr\/pole-maths\/wp-content\/uploads\/sites\/26\/2013\/11\/Tableau_recapitulatif_defi-300x188.png 300w, https:\/\/site.ac-martinique.fr\/pole-maths\/wp-content\/uploads\/sites\/26\/2013\/11\/Tableau_recapitulatif_defi-1024x644.png 1024w\" sizes=\"auto, (max-width: 1123px) 100vw, 1123px\" \/><\/a><\/p>\n<p><span style=\"font-size: medium\"><strong>T\u00e9l\u00e9charger\u00a0<\/strong><\/span><\/p>\n<ul>\n<li><span style=\"line-height: 19px\"><a title=\"d\u00e9fis 2013 maternelle\" href=\"\/pole-maths\/wp-content\/uploads\/sites\/26\/2013\/11\/13_defis_maternelle.rar\" target=\"_blank\">les d\u00e9fis maternelle<\/a><\/span><\/li>\n<li><span style=\"line-height: 19px\"><a title=\"d\u00e9fis 2013 C2 et 3\" href=\"\/pole-maths\/wp-content\/uploads\/sites\/26\/2013\/11\/13_defis_C2_et_C3.zip\" target=\"_blank\">les d\u00e9fis cycle 2 et 3<\/a><br \/>\n<\/span><\/li>\n<li><span style=\"line-height: 19px\"><a title=\"images ressources TBI\" href=\"\/pole-maths\/wp-content\/uploads\/sites\/26\/2013\/11\/tortues-TBI.zip\" target=\"_blank\">les images ressources TBI<\/a><\/span><\/li>\n<\/ul>\n<p><strong>\u00a0La semaine des math\u00e9matiques au niveau acad\u00e9mique et au niveau national<\/strong><\/p>\n<p><a title=\"semaine Martinique\" href=\"http:\/\/www.ac-martinique.fr\/index.php?id=596\" target=\"_blank\">La semaine des math\u00e9matiques en Martinique<\/a><\/p>\n<p><a title=\"semaine nationale 2013\" href=\"http:\/\/eduscol.education.fr\/cid59178\/semaine-des-mathematiques.html\" target=\"_blank\">La semaine des math\u00e9matiques au niveau national et le guide acad\u00e9mique<\/a><\/p>\n<p>&nbsp;<\/p>\n","protected":false},"excerpt":{"rendered":"<p>Le th\u00e8me de la semaine des math\u00e9matiques 2013 est \u00ab\u00a0la plan\u00e8te Terre\u00a0\u00bb. T\u00e9l\u00e9charger les parcours d\u00e9fis cycle 1, cycle 2 et cycle 3 ainsi que les guides d&rsquo;accompagnement. Ils ont \u00e9t\u00e9 pens\u00e9s pour tous les \u00e9l\u00e8ves d&rsquo;une \u00e9cole.<\/p>\n","protected":false},"author":83,"featured_media":0,"comment_status":"closed","ping_status":"closed","sticky":false,"template":"","format":"standard","meta":{"footnotes":""},"categories":[47,48,45,72,49,42,46,28,41,50,52,62],"tags":[63,64,65,66,60,68,67,59],"class_list":["post-282","post","type-post","status-publish","format-standard","hentry","category-cycle2","category-cycle3","category-cycles","category-formation","category-formes-et-grandeurs","category-grandeurs-et-mesures","category-cycle1","category-mission","category-nombresetcalcul","category-quantites-et-nombres","category-reperer-dans-espace","category-semaine-des-mathematiques-operations-de-valorisation","tag-cycle-1","tag-cycle-2","tag-cycle-3","tag-defis","tag-enigmes","tag-grandeurs-et-mesures-2","tag-parcours","tag-semaine-des-mathematiques"],"_links":{"self":[{"href":"https:\/\/site.ac-martinique.fr\/pole-maths\/index.php?rest_route=\/wp\/v2\/posts\/282","targetHints":{"allow":["GET"]}}],"collection":[{"href":"https:\/\/site.ac-martinique.fr\/pole-maths\/index.php?rest_route=\/wp\/v2\/posts"}],"about":[{"href":"https:\/\/site.ac-martinique.fr\/pole-maths\/index.php?rest_route=\/wp\/v2\/types\/post"}],"author":[{"embeddable":true,"href":"https:\/\/site.ac-martinique.fr\/pole-maths\/index.php?rest_route=\/wp\/v2\/users\/83"}],"replies":[{"embeddable":true,"href":"https:\/\/site.ac-martinique.fr\/pole-maths\/index.php?rest_route=%2Fwp%2Fv2%2Fcomments&post=282"}],"version-history":[{"count":14,"href":"https:\/\/site.ac-martinique.fr\/pole-maths\/index.php?rest_route=\/wp\/v2\/posts\/282\/revisions"}],"predecessor-version":[{"id":290,"href":"https:\/\/site.ac-martinique.fr\/pole-maths\/index.php?rest_route=\/wp\/v2\/posts\/282\/revisions\/290"}],"wp:attachment":[{"href":"https:\/\/site.ac-martinique.fr\/pole-maths\/index.php?rest_route=%2Fwp%2Fv2%2Fmedia&parent=282"}],"wp:term":[{"taxonomy":"category","embeddable":true,"href":"https:\/\/site.ac-martinique.fr\/pole-maths\/index.php?rest_route=%2Fwp%2Fv2%2Fcategories&post=282"},{"taxonomy":"post_tag","embeddable":true,"href":"https:\/\/site.ac-martinique.fr\/pole-maths\/index.php?rest_route=%2Fwp%2Fv2%2Ftags&post=282"}],"curies":[{"name":"wp","href":"https:\/\/api.w.org\/{rel}","templated":true}]}}