{"id":2892,"date":"2015-05-26T10:54:21","date_gmt":"2015-05-26T14:54:21","guid":{"rendered":"\/pole-maths\/?p=2892"},"modified":"2015-05-26T10:54:21","modified_gmt":"2015-05-26T14:54:21","slug":"le-lapin","status":"publish","type":"post","link":"https:\/\/site.ac-martinique.fr\/pole-maths\/?p=2892","title":{"rendered":"Le lapin"},"content":{"rendered":"<p style=\"text-align: justify;\"><img loading=\"lazy\" decoding=\"async\" class=\"alignleft\" title=\"itin\u00e9raire du lapin\" src=\"\/pole-maths\/wp-content\/uploads\/sites\/26\/2015\/05\/itin\u00e9raire-lapin.png\" alt=\"\" width=\"271\" height=\"227\" \/>Ce d\u00e9fi a \u00e9t\u00e9 pr\u00e9sent\u00e9 lors de la quatri\u00e8me \u00e9dition de la\u00a0<strong>Semaine des math\u00e9matiques<\/strong>\u00a0qui avait pour th\u00e8me \u00ab\u00a0<strong>Les math\u00e9matiques nous transportent<\/strong>\u00a0\u00bb. Le faire relever par les \u00e9l\u00e8ves est l\u2019occasion de leur offrir une situation leur permettant de mettre en place une d\u00e9marche fond\u00e9e sur l\u2019initiative. Ils pourront ainsi montrer leur capacit\u00e9 \u00e0 utiliser, dans des situations in\u00e9dites, des connaissances acquises qui ne sont pas appel\u00e9es explicitement.<!--more--><\/p>\n<p style=\"text-align: justify;\">Le d\u00e9fi est de trouver puis de <strong>tracer un itin\u00e9raire<\/strong> en respectant des contraintes.<\/p>\n<p style=\"text-align: justify;\"><em>\u00ab Le lapin veut aller chercher les carottes. Pour cela, il doit prendre des forces en chemin et manger 3 laitues. Mais il ne peut pas passer 2 fois dans la m\u00eame case. Vous devez tracer le trajet du lapin vers les carottes. Attention, il y a des obstacles, lorsque le trait est fonc\u00e9, le lapin ne peut pas passer. \u00bb<\/em><\/p>\n<p style=\"text-align: justify;\"><a title=\"Le lapin\" href=\"\/pole-maths\/wp-content\/uploads\/sites\/26\/2015\/05\/Le-lapin.pdf\" target=\"_blank\">T\u00e9l\u00e9charger le d\u00e9fi \u00ab\u00a0Le lapin\u00a0\u00bb pour la petite section.<\/a><\/p>\n<p style=\"text-align: justify;\"><em><br \/>\n<\/em><\/p>\n","protected":false},"excerpt":{"rendered":"<p>Ce d\u00e9fi a \u00e9t\u00e9 pr\u00e9sent\u00e9 lors de la quatri\u00e8me \u00e9dition de la\u00a0Semaine des math\u00e9matiques\u00a0qui avait pour th\u00e8me \u00ab\u00a0Les math\u00e9matiques nous transportent\u00a0\u00bb. Le faire relever par les \u00e9l\u00e8ves est l\u2019occasion de leur offrir une situation leur permettant de mettre en place&#8230; <a class=\"more-link\" href=\"https:\/\/site.ac-martinique.fr\/pole-maths\/?p=2892\">Continue Reading &rarr;<\/a><\/p>\n","protected":false},"author":83,"featured_media":0,"comment_status":"closed","ping_status":"closed","sticky":false,"template":"","format":"standard","meta":{"footnotes":""},"categories":[46,111,52,62],"tags":[63,163,59],"class_list":["post-2892","post","type-post","status-publish","format-standard","hentry","category-cycle1","category-resolution-de-problemes-2","category-reperer-dans-espace","category-semaine-des-mathematiques-operations-de-valorisation","tag-cycle-1","tag-defi","tag-semaine-des-mathematiques"],"_links":{"self":[{"href":"https:\/\/site.ac-martinique.fr\/pole-maths\/index.php?rest_route=\/wp\/v2\/posts\/2892","targetHints":{"allow":["GET"]}}],"collection":[{"href":"https:\/\/site.ac-martinique.fr\/pole-maths\/index.php?rest_route=\/wp\/v2\/posts"}],"about":[{"href":"https:\/\/site.ac-martinique.fr\/pole-maths\/index.php?rest_route=\/wp\/v2\/types\/post"}],"author":[{"embeddable":true,"href":"https:\/\/site.ac-martinique.fr\/pole-maths\/index.php?rest_route=\/wp\/v2\/users\/83"}],"replies":[{"embeddable":true,"href":"https:\/\/site.ac-martinique.fr\/pole-maths\/index.php?rest_route=%2Fwp%2Fv2%2Fcomments&post=2892"}],"version-history":[{"count":9,"href":"https:\/\/site.ac-martinique.fr\/pole-maths\/index.php?rest_route=\/wp\/v2\/posts\/2892\/revisions"}],"predecessor-version":[{"id":2909,"href":"https:\/\/site.ac-martinique.fr\/pole-maths\/index.php?rest_route=\/wp\/v2\/posts\/2892\/revisions\/2909"}],"wp:attachment":[{"href":"https:\/\/site.ac-martinique.fr\/pole-maths\/index.php?rest_route=%2Fwp%2Fv2%2Fmedia&parent=2892"}],"wp:term":[{"taxonomy":"category","embeddable":true,"href":"https:\/\/site.ac-martinique.fr\/pole-maths\/index.php?rest_route=%2Fwp%2Fv2%2Fcategories&post=2892"},{"taxonomy":"post_tag","embeddable":true,"href":"https:\/\/site.ac-martinique.fr\/pole-maths\/index.php?rest_route=%2Fwp%2Fv2%2Ftags&post=2892"}],"curies":[{"name":"wp","href":"https:\/\/api.w.org\/{rel}","templated":true}]}}