{"id":2949,"date":"2015-05-26T16:08:39","date_gmt":"2015-05-26T20:08:39","guid":{"rendered":"\/pole-maths\/?p=2949"},"modified":"2015-05-26T16:08:39","modified_gmt":"2015-05-26T20:08:39","slug":"le-manege-de-chevaux","status":"publish","type":"post","link":"https:\/\/site.ac-martinique.fr\/pole-maths\/?p=2949","title":{"rendered":"Le man\u00e8ge de chevaux"},"content":{"rendered":"<p style=\"text-align: justify;\"><img loading=\"lazy\" decoding=\"async\" class=\"alignleft\" title=\"Le man\u00e8ge de chevaux\" src=\"\/pole-maths\/wp-content\/uploads\/sites\/26\/2015\/05\/Le-man\u00e8ge-de-chevaux.png\" alt=\"\" width=\"262\" height=\"148\" \/>Ce d\u00e9fi a \u00e9t\u00e9 pr\u00e9sent\u00e9 lors de la quatri\u00e8me \u00e9dition de la\u00a0<strong>Semaine des math\u00e9matiques<\/strong>\u00a0qui avait pour th\u00e8me \u00ab\u00a0<strong>Les math\u00e9matiques nous transportent<\/strong>\u00a0\u00bb. Le faire relever par les \u00e9l\u00e8ves est l\u2019occasion de leur offrir une situation leur permettant de mettre en place une d\u00e9marche fond\u00e9e sur l\u2019initiative. Ils pourront ainsi montrer leur capacit\u00e9 \u00e0 utiliser, dans des situations in\u00e9dites, des connaissances acquises qui ne sont pas appel\u00e9es explicitement.<!--more--><\/p>\n<p style=\"text-align: justify;\">L&rsquo;objectif de ce d\u00e9fi est de\u00a0<strong>d\u00e9placer les chevaux<\/strong> de la position de d\u00e9part \u00e0 la position d\u2019arriv\u00e9e <strong>en respectant les r\u00e8gles de d\u00e9placement<\/strong>.<\/p>\n<p style=\"text-align: justify;\"><a title=\"Le man\u00e8ge de chevaux\" href=\"\/pole-maths\/wp-content\/uploads\/sites\/26\/2015\/05\/Le-man\u00e8ge-de-chevaux.pdf\" target=\"_blank\">T\u00e9l\u00e9charger le d\u00e9fi \u00ab\u00a0Le man\u00e8ge de chevaux\u00a0\u00bb du CP au CM2.<\/a><\/p>\n","protected":false},"excerpt":{"rendered":"<p>Ce d\u00e9fi a \u00e9t\u00e9 pr\u00e9sent\u00e9 lors de la quatri\u00e8me \u00e9dition de la\u00a0Semaine des math\u00e9matiques\u00a0qui avait pour th\u00e8me \u00ab\u00a0Les math\u00e9matiques nous transportent\u00a0\u00bb. Le faire relever par les \u00e9l\u00e8ves est l\u2019occasion de leur offrir une situation leur permettant de mettre en place&#8230; <a class=\"more-link\" href=\"https:\/\/site.ac-martinique.fr\/pole-maths\/?p=2949\">Continue Reading &rarr;<\/a><\/p>\n","protected":false},"author":83,"featured_media":0,"comment_status":"closed","ping_status":"closed","sticky":false,"template":"","format":"standard","meta":{"footnotes":""},"categories":[47,48,43,111,62],"tags":[64,65,163,60,78,59],"class_list":["post-2949","post","type-post","status-publish","format-standard","hentry","category-cycle2","category-cycle3","category-organisation-et-gestion-de-donnees","category-resolution-de-problemes-2","category-semaine-des-mathematiques-operations-de-valorisation","tag-cycle-2","tag-cycle-3","tag-defi","tag-enigmes","tag-resolution-de-problemes","tag-semaine-des-mathematiques"],"_links":{"self":[{"href":"https:\/\/site.ac-martinique.fr\/pole-maths\/index.php?rest_route=\/wp\/v2\/posts\/2949","targetHints":{"allow":["GET"]}}],"collection":[{"href":"https:\/\/site.ac-martinique.fr\/pole-maths\/index.php?rest_route=\/wp\/v2\/posts"}],"about":[{"href":"https:\/\/site.ac-martinique.fr\/pole-maths\/index.php?rest_route=\/wp\/v2\/types\/post"}],"author":[{"embeddable":true,"href":"https:\/\/site.ac-martinique.fr\/pole-maths\/index.php?rest_route=\/wp\/v2\/users\/83"}],"replies":[{"embeddable":true,"href":"https:\/\/site.ac-martinique.fr\/pole-maths\/index.php?rest_route=%2Fwp%2Fv2%2Fcomments&post=2949"}],"version-history":[{"count":9,"href":"https:\/\/site.ac-martinique.fr\/pole-maths\/index.php?rest_route=\/wp\/v2\/posts\/2949\/revisions"}],"predecessor-version":[{"id":2972,"href":"https:\/\/site.ac-martinique.fr\/pole-maths\/index.php?rest_route=\/wp\/v2\/posts\/2949\/revisions\/2972"}],"wp:attachment":[{"href":"https:\/\/site.ac-martinique.fr\/pole-maths\/index.php?rest_route=%2Fwp%2Fv2%2Fmedia&parent=2949"}],"wp:term":[{"taxonomy":"category","embeddable":true,"href":"https:\/\/site.ac-martinique.fr\/pole-maths\/index.php?rest_route=%2Fwp%2Fv2%2Fcategories&post=2949"},{"taxonomy":"post_tag","embeddable":true,"href":"https:\/\/site.ac-martinique.fr\/pole-maths\/index.php?rest_route=%2Fwp%2Fv2%2Ftags&post=2949"}],"curies":[{"name":"wp","href":"https:\/\/api.w.org\/{rel}","templated":true}]}}