{"id":3176,"date":"2015-06-15T10:35:43","date_gmt":"2015-06-15T14:35:43","guid":{"rendered":"\/pole-maths\/?p=3176"},"modified":"2015-06-15T10:35:43","modified_gmt":"2015-06-15T14:35:43","slug":"mathematiques-et-geographie-cm2","status":"publish","type":"post","link":"https:\/\/site.ac-martinique.fr\/pole-maths\/?p=3176","title":{"rendered":"Math\u00e9matiques et g\u00e9ographie &#8211; CM2"},"content":{"rendered":"<p style=\"text-align: justify;\"><a href=\"\/pole-maths\/wp-content\/uploads\/sites\/26\/2015\/06\/maths-et-g\u00e9ographie.png\"><img loading=\"lazy\" decoding=\"async\" class=\" size-full wp-image-3180 alignleft\" src=\"\/pole-maths\/wp-content\/uploads\/sites\/26\/2015\/06\/maths-et-g\u00e9ographie.png\" alt=\"maths et g\u00e9ographie\" width=\"624\" height=\"126\" srcset=\"https:\/\/site.ac-martinique.fr\/pole-maths\/wp-content\/uploads\/sites\/26\/2015\/06\/maths-et-g\u00e9ographie.png 624w, https:\/\/site.ac-martinique.fr\/pole-maths\/wp-content\/uploads\/sites\/26\/2015\/06\/maths-et-g\u00e9ographie-150x30.png 150w, https:\/\/site.ac-martinique.fr\/pole-maths\/wp-content\/uploads\/sites\/26\/2015\/06\/maths-et-g\u00e9ographie-300x61.png 300w\" sizes=\"auto, (max-width: 624px) 100vw, 624px\" \/><\/a>Ce module destin\u00e9 aux \u00e9l\u00e8ves de CM2 permet de travailler de mani\u00e8re <strong>transversale<\/strong> plusieurs comp\u00e9tences \u00e0 travers deux disciplines: <strong>les math\u00e9matiques et la g\u00e9ographie<\/strong>.<\/p>\n<p style=\"text-align: justify;\"><!--more--><\/p>\n<p style=\"text-align: justify;\"><strong>L&rsquo;amorce<\/strong> est la suivante: peux-tu affirmer que tu vis sur le continent qui a <strong>la plus grande<\/strong> <strong>superficie<\/strong>? Peux-tu affirmer que tu vis sur <strong>le continent le plus peupl\u00e9<\/strong>? Y a-t-il des enfants dans le monde qui peuvent dire qu&rsquo;ils habitent \u00e0 la fois sur le continent qui a la plus grande superficie et qui est le plus peupl\u00e9?<\/p>\n<p style=\"text-align: justify;\"><strong>Les comp\u00e9tences en jeu sont<\/strong>:<\/p>\n<p style=\"text-align: justify;\"><a href=\"\/pole-maths\/wp-content\/uploads\/sites\/26\/2015\/06\/Maths-et-g\u00e9ographie-comp\u00e9tences.png\"><img loading=\"lazy\" decoding=\"async\" class=\"aligncenter size-full wp-image-3179\" src=\"\/pole-maths\/wp-content\/uploads\/sites\/26\/2015\/06\/Maths-et-g\u00e9ographie-comp\u00e9tences.png\" alt=\"Maths et g\u00e9ographie comp\u00e9tences\" width=\"608\" height=\"304\" srcset=\"https:\/\/site.ac-martinique.fr\/pole-maths\/wp-content\/uploads\/sites\/26\/2015\/06\/Maths-et-g\u00e9ographie-comp\u00e9tences.png 608w, https:\/\/site.ac-martinique.fr\/pole-maths\/wp-content\/uploads\/sites\/26\/2015\/06\/Maths-et-g\u00e9ographie-comp\u00e9tences-150x75.png 150w, https:\/\/site.ac-martinique.fr\/pole-maths\/wp-content\/uploads\/sites\/26\/2015\/06\/Maths-et-g\u00e9ographie-comp\u00e9tences-300x150.png 300w\" sizes=\"auto, (max-width: 608px) 100vw, 608px\" \/><\/a><\/p>\n<p style=\"text-align: justify;\"><a href=\"\/pole-maths\/wp-content\/uploads\/sites\/26\/2015\/06\/module_zones_denses.pdf\" target=\"_blank\">T\u00e9l\u00e9charger le module<\/a>.<\/p>\n","protected":false},"excerpt":{"rendered":"<p>Ce module destin\u00e9 aux \u00e9l\u00e8ves de CM2 permet de travailler de mani\u00e8re transversale plusieurs comp\u00e9tences \u00e0 travers deux disciplines: les math\u00e9matiques et la g\u00e9ographie.<\/p>\n","protected":false},"author":83,"featured_media":0,"comment_status":"closed","ping_status":"closed","sticky":false,"template":"","format":"standard","meta":{"footnotes":""},"categories":[48,43],"tags":[145,65,138,179],"class_list":["post-3176","post","type-post","status-publish","format-standard","hentry","category-cycle3","category-organisation-et-gestion-de-donnees","tag-acquisition-de-competences","tag-cycle-3","tag-interdisciplinarite","tag-organisation-et-gestion-des-donnees"],"_links":{"self":[{"href":"https:\/\/site.ac-martinique.fr\/pole-maths\/index.php?rest_route=\/wp\/v2\/posts\/3176","targetHints":{"allow":["GET"]}}],"collection":[{"href":"https:\/\/site.ac-martinique.fr\/pole-maths\/index.php?rest_route=\/wp\/v2\/posts"}],"about":[{"href":"https:\/\/site.ac-martinique.fr\/pole-maths\/index.php?rest_route=\/wp\/v2\/types\/post"}],"author":[{"embeddable":true,"href":"https:\/\/site.ac-martinique.fr\/pole-maths\/index.php?rest_route=\/wp\/v2\/users\/83"}],"replies":[{"embeddable":true,"href":"https:\/\/site.ac-martinique.fr\/pole-maths\/index.php?rest_route=%2Fwp%2Fv2%2Fcomments&post=3176"}],"version-history":[{"count":6,"href":"https:\/\/site.ac-martinique.fr\/pole-maths\/index.php?rest_route=\/wp\/v2\/posts\/3176\/revisions"}],"predecessor-version":[{"id":3189,"href":"https:\/\/site.ac-martinique.fr\/pole-maths\/index.php?rest_route=\/wp\/v2\/posts\/3176\/revisions\/3189"}],"wp:attachment":[{"href":"https:\/\/site.ac-martinique.fr\/pole-maths\/index.php?rest_route=%2Fwp%2Fv2%2Fmedia&parent=3176"}],"wp:term":[{"taxonomy":"category","embeddable":true,"href":"https:\/\/site.ac-martinique.fr\/pole-maths\/index.php?rest_route=%2Fwp%2Fv2%2Fcategories&post=3176"},{"taxonomy":"post_tag","embeddable":true,"href":"https:\/\/site.ac-martinique.fr\/pole-maths\/index.php?rest_route=%2Fwp%2Fv2%2Ftags&post=3176"}],"curies":[{"name":"wp","href":"https:\/\/api.w.org\/{rel}","templated":true}]}}