{"id":3399,"date":"2016-10-28T17:40:29","date_gmt":"2016-10-28T21:40:29","guid":{"rendered":"\/pole-maths\/?p=3399"},"modified":"2017-01-04T08:49:58","modified_gmt":"2017-01-04T12:49:58","slug":"journee-irem-des-antilles-espe-du-6-octobre-2016","status":"publish","type":"post","link":"https:\/\/site.ac-martinique.fr\/pole-maths\/?p=3399","title":{"rendered":"Journ\u00e9e IREM des Antilles- ESPE du 6 octobre 2016"},"content":{"rendered":"<p style=\"text-align: center\"><a href=\"\/pole-maths\/wp-content\/uploads\/sites\/26\/2016\/10\/sigles.png\"><img loading=\"lazy\" decoding=\"async\" class=\"alignleft wp-image-3404 \" src=\"\/pole-maths\/wp-content\/uploads\/sites\/26\/2016\/10\/sigles-150x41.png\" alt=\"sigles\" width=\"176\" height=\"48\" srcset=\"https:\/\/site.ac-martinique.fr\/pole-maths\/wp-content\/uploads\/sites\/26\/2016\/10\/sigles-150x41.png 150w, https:\/\/site.ac-martinique.fr\/pole-maths\/wp-content\/uploads\/sites\/26\/2016\/10\/sigles-300x82.png 300w, https:\/\/site.ac-martinique.fr\/pole-maths\/wp-content\/uploads\/sites\/26\/2016\/10\/sigles.png 399w\" sizes=\"auto, (max-width: 176px) 100vw, 176px\" \/><\/a><strong>\u00ab\u00a0Les six comp\u00e9tences du primaire au sup\u00e9rieur, algorithmique, calcul mental\u00a0\u00bb.<\/strong><\/p>\n<p style=\"text-align: left\">D\u00e9couvrez les diaporamas des conf\u00e9renciers, \u00a0le descriptif des ateliers d&rsquo;algorithmique ainsi que les documents \u00e0 t\u00e9l\u00e9charger.\u00a0<!--more--><\/p>\n<p><strong><u>Description de l\u2019action<\/u> <\/strong>: Les nouveaux programmes nous poussent \u00e0 une collaboration renforc\u00e9e du primaire au sup\u00e9rieur. \u00a0Cette action\u00a0 est une mise\u00a0 en commun \u00a0d&rsquo;exp\u00e9riences de pratiques d\u2019enseignement inter et pluri disciplinaire de l\u2019\u00e9cole au secondaire. L\u2019objectif est de construire, mettre en \u0153uvre et animer des situations d\u2019enseignement et d\u2019apprentissage prenant en compte la diversit\u00e9 des \u00e9l\u00e8ves.<\/p>\n<p><strong>Deux conf\u00e9rences ont anim\u00e9 la matin\u00e9e:<\/strong><\/p>\n<p>Conf\u00e9rence ESPE \/IREM : <strong>Algorithmique mode branch\u00e9 (informatique) et d\u00e9branch\u00e9 (jeux).<\/strong><\/p>\n<p>Conf\u00e9renciers\u00a0: Messieurs\u00a0 C\u00e9dric RAMASSAMY et Jean-Fran\u00e7ois CULUS (ESPE)<\/p>\n<p>Conf\u00e9rence : <strong>Les\u00a0 6 comp\u00e9tences du primaire au sup\u00e9rieur.<\/strong><\/p>\n<p>Conf\u00e9rencier\u00a0: Monsieur Charles CHARPENTIER-TITY (IA-IPR de Math\u00e9matiques- Doyen des IA-IPR)<\/p>\n<p><strong>T\u00e9l\u00e9charger la conf\u00e9rence de votre choix en cliquant sur l&rsquo;image.<\/strong><\/p>\n<p><a href=\"\/pole-maths\/wp-content\/uploads\/sites\/26\/2016\/10\/Conf%C3%A9rence_comp%C3%A9tences_math%C3%A9matiques.pdf\"><img loading=\"lazy\" decoding=\"async\" class=\"alignleft wp-image-3412\" src=\"\/pole-maths\/wp-content\/uploads\/sites\/26\/2016\/10\/im_conf\u00e9rence_comp\u00e9tences1-300x169.png\" alt=\"im_conference_competences1\" width=\"282\" height=\"158\" srcset=\"https:\/\/site.ac-martinique.fr\/pole-maths\/wp-content\/uploads\/sites\/26\/2016\/10\/im_conf\u00e9rence_comp\u00e9tences1-300x169.png 300w, https:\/\/site.ac-martinique.fr\/pole-maths\/wp-content\/uploads\/sites\/26\/2016\/10\/im_conf\u00e9rence_comp\u00e9tences1-150x85.png 150w, https:\/\/site.ac-martinique.fr\/pole-maths\/wp-content\/uploads\/sites\/26\/2016\/10\/im_conf\u00e9rence_comp\u00e9tences1-1024x577.png 1024w, https:\/\/site.ac-martinique.fr\/pole-maths\/wp-content\/uploads\/sites\/26\/2016\/10\/im_conf\u00e9rence_comp\u00e9tences1.png 1025w\" sizes=\"auto, (max-width: 282px) 100vw, 282px\" \/><\/a><\/p>\n<p><a href=\"\/pole-maths\/wp-content\/uploads\/sites\/26\/2016\/10\/Conf%C3%A9rence_raisonnement_algorithmique.pdf\"><img loading=\"lazy\" decoding=\"async\" class=\"alignleft wp-image-3411\" src=\"\/pole-maths\/wp-content\/uploads\/sites\/26\/2016\/10\/im_conf\u00e9rence_raisonnement_algorithmique1-300x221.png\" alt=\"im_conference_raisonnement_algorithmique1\" width=\"225\" height=\"166\" srcset=\"https:\/\/site.ac-martinique.fr\/pole-maths\/wp-content\/uploads\/sites\/26\/2016\/10\/im_conf\u00e9rence_raisonnement_algorithmique1-300x221.png 300w, https:\/\/site.ac-martinique.fr\/pole-maths\/wp-content\/uploads\/sites\/26\/2016\/10\/im_conf\u00e9rence_raisonnement_algorithmique1-150x111.png 150w, https:\/\/site.ac-martinique.fr\/pole-maths\/wp-content\/uploads\/sites\/26\/2016\/10\/im_conf\u00e9rence_raisonnement_algorithmique1.png 770w\" sizes=\"auto, (max-width: 225px) 100vw, 225px\" \/><\/a><\/p>\n<p>&nbsp;<\/p>\n<p>&nbsp;<\/p>\n<p>&nbsp;<\/p>\n<p>&nbsp;<\/p>\n<p><strong>T\u00e9l\u00e9charger le contenu des \u00a0ateliers branch\u00e9s et d\u00e9branch\u00e9s \u00a0d&rsquo;algorithmique <span style=\"text-decoration: underline\"><a href=\"https:\/\/www.dropbox.com\/sh\/yoj72yggcwp116a\/AACcbfOjVsJF-adStLR0fAtfa?dl=0\" target=\"_blank\">ici\u00a0<\/a><\/span><\/strong><\/p>\n<p><strong>T\u00e9l\u00e9charger le contenu des \u00a0ateliers calcul mental \u00a0<span style=\"text-decoration: underline\"><a href=\"https:\/\/www.dropbox.com\/sh\/esnm8syzifoifp6\/AAABZbcClHrxbfhUwPSLqmf_a?dl=0\" target=\"_blank\">ici\u00a0<\/a><\/span><\/strong><\/p>\n","protected":false},"excerpt":{"rendered":"<p>\u00ab\u00a0Les six comp\u00e9tences du primaire au sup\u00e9rieur, algorithmique, calcul mental\u00a0\u00bb. D\u00e9couvrez les diaporamas des conf\u00e9renciers, \u00a0le descriptif des ateliers d&rsquo;algorithmique ainsi que les documents \u00e0 t\u00e9l\u00e9charger.\u00a0<\/p>\n","protected":false},"author":83,"featured_media":0,"comment_status":"closed","ping_status":"closed","sticky":false,"template":"","format":"standard","meta":{"footnotes":""},"categories":[185,101,114],"tags":[],"class_list":["post-3399","post","type-post","status-publish","format-standard","hentry","category-algorithmique","category-informatique","category-liaisons-inter-degres"],"_links":{"self":[{"href":"https:\/\/site.ac-martinique.fr\/pole-maths\/index.php?rest_route=\/wp\/v2\/posts\/3399","targetHints":{"allow":["GET"]}}],"collection":[{"href":"https:\/\/site.ac-martinique.fr\/pole-maths\/index.php?rest_route=\/wp\/v2\/posts"}],"about":[{"href":"https:\/\/site.ac-martinique.fr\/pole-maths\/index.php?rest_route=\/wp\/v2\/types\/post"}],"author":[{"embeddable":true,"href":"https:\/\/site.ac-martinique.fr\/pole-maths\/index.php?rest_route=\/wp\/v2\/users\/83"}],"replies":[{"embeddable":true,"href":"https:\/\/site.ac-martinique.fr\/pole-maths\/index.php?rest_route=%2Fwp%2Fv2%2Fcomments&post=3399"}],"version-history":[{"count":19,"href":"https:\/\/site.ac-martinique.fr\/pole-maths\/index.php?rest_route=\/wp\/v2\/posts\/3399\/revisions"}],"predecessor-version":[{"id":3505,"href":"https:\/\/site.ac-martinique.fr\/pole-maths\/index.php?rest_route=\/wp\/v2\/posts\/3399\/revisions\/3505"}],"wp:attachment":[{"href":"https:\/\/site.ac-martinique.fr\/pole-maths\/index.php?rest_route=%2Fwp%2Fv2%2Fmedia&parent=3399"}],"wp:term":[{"taxonomy":"category","embeddable":true,"href":"https:\/\/site.ac-martinique.fr\/pole-maths\/index.php?rest_route=%2Fwp%2Fv2%2Fcategories&post=3399"},{"taxonomy":"post_tag","embeddable":true,"href":"https:\/\/site.ac-martinique.fr\/pole-maths\/index.php?rest_route=%2Fwp%2Fv2%2Ftags&post=3399"}],"curies":[{"name":"wp","href":"https:\/\/api.w.org\/{rel}","templated":true}]}}