{"id":3534,"date":"2017-02-28T14:07:36","date_gmt":"2017-02-28T18:07:36","guid":{"rendered":"\/pole-maths\/?p=3534"},"modified":"2017-02-28T14:07:36","modified_gmt":"2017-02-28T18:07:36","slug":"en-noir-et-blanc-le-glisse-nombre-cycle-2-et-le-glisse-nombre-cycle-3","status":"publish","type":"post","link":"https:\/\/site.ac-martinique.fr\/pole-maths\/?p=3534","title":{"rendered":"En noir et blanc  le \u00ab\u00a0glisse-nombre\u00a0\u00bb Cycle 2 et le \u00ab\u00a0glisse-nombre Cycle 3"},"content":{"rendered":"<p><strong><a href=\"\/pole-maths\/wp-content\/uploads\/sites\/26\/2017\/02\/Glisse-nombre_\u00e9l\u00e8ve_C3_noir_blanc.jpg\"><img loading=\"lazy\" decoding=\"async\" class=\"alignleft wp-image-3551 size-medium\" src=\"\/pole-maths\/wp-content\/uploads\/sites\/26\/2017\/02\/Glisse-nombre_\u00e9l\u00e8ve_C3_noir_blanc-300x128.jpg\" width=\"300\" height=\"128\" srcset=\"https:\/\/site.ac-martinique.fr\/pole-maths\/wp-content\/uploads\/sites\/26\/2017\/02\/Glisse-nombre_\u00e9l\u00e8ve_C3_noir_blanc-300x128.jpg 300w, https:\/\/site.ac-martinique.fr\/pole-maths\/wp-content\/uploads\/sites\/26\/2017\/02\/Glisse-nombre_\u00e9l\u00e8ve_C3_noir_blanc-150x64.jpg 150w, https:\/\/site.ac-martinique.fr\/pole-maths\/wp-content\/uploads\/sites\/26\/2017\/02\/Glisse-nombre_\u00e9l\u00e8ve_C3_noir_blanc.jpg 600w\" sizes=\"auto, (max-width: 300px) 100vw, 300px\" \/><\/a><\/strong><strong>T\u00e9l\u00e9charger le \u00ab\u00a0glisse-nombre\u00a0\u00bb cycle 2 et le \u00ab\u00a0glisse-nombre\u00a0\u00bb cycle 3 en noir et blanc.\u00a0<\/strong><!--more--><\/p>\n<p>&nbsp;<\/p>\n<p><strong>Le document d\u2019accompagnement \u00ab\u00a0Fractions et nombres d\u00e9cimaux au cycle 3\u00a0\u00bb<\/strong>\u00a0 propose en outil version couleur \u00a0<a href=\"http:\/\/cache.media.education.gouv.fr\/file\/Fractions_et_decimaux\/42\/2\/RA16_C3_MATH_frac_dec_annexe_4_673422.pdf\">\u00ab\u00a0le glisse-nombre\u00a0\u00bb<\/a>. Il peut \u00eatre utile tout au long du cycle 3, voire avant, pour \u00e9viter que les \u00e9l\u00e8ves construisent des automatismes erron\u00e9s, \u00e9loign\u00e9s du sens, pour les multiplications ou divisions d\u2019un nombre, entier ou d\u00e9cimal, par 10, 100 ou 1000. La mission math\u00e9matiques \u00a0vous le propose <strong>en noir et blanc.<\/strong><\/p>\n<p><a href=\"\/pole-maths\/wp-content\/uploads\/sites\/26\/2017\/02\/Glisse-nombre_\u00e9l\u00e8ve_C2_noir_blanc.jpg\"><img loading=\"lazy\" decoding=\"async\" class=\"alignleft wp-image-3550\" src=\"\/pole-maths\/wp-content\/uploads\/sites\/26\/2017\/02\/Glisse-nombre_\u00e9l\u00e8ve_C2_noir_blanc-300x142.jpg\" alt=\"\" width=\"266\" height=\"126\" srcset=\"https:\/\/site.ac-martinique.fr\/pole-maths\/wp-content\/uploads\/sites\/26\/2017\/02\/Glisse-nombre_\u00e9l\u00e8ve_C2_noir_blanc-300x142.jpg 300w, https:\/\/site.ac-martinique.fr\/pole-maths\/wp-content\/uploads\/sites\/26\/2017\/02\/Glisse-nombre_\u00e9l\u00e8ve_C2_noir_blanc-150x71.jpg 150w, https:\/\/site.ac-martinique.fr\/pole-maths\/wp-content\/uploads\/sites\/26\/2017\/02\/Glisse-nombre_\u00e9l\u00e8ve_C2_noir_blanc.jpg 583w\" sizes=\"auto, (max-width: 266px) 100vw, 266px\" \/><\/a><\/p>\n<p><img loading=\"lazy\" decoding=\"async\" class=\"alignleft wp-image-3551\" src=\"\/pole-maths\/wp-content\/uploads\/sites\/26\/2017\/02\/Glisse-nombre_\u00e9l\u00e8ve_C3_noir_blanc-300x128.jpg\" alt=\"\" width=\"281\" height=\"120\" srcset=\"https:\/\/site.ac-martinique.fr\/pole-maths\/wp-content\/uploads\/sites\/26\/2017\/02\/Glisse-nombre_\u00e9l\u00e8ve_C3_noir_blanc-300x128.jpg 300w, https:\/\/site.ac-martinique.fr\/pole-maths\/wp-content\/uploads\/sites\/26\/2017\/02\/Glisse-nombre_\u00e9l\u00e8ve_C3_noir_blanc-150x64.jpg 150w, https:\/\/site.ac-martinique.fr\/pole-maths\/wp-content\/uploads\/sites\/26\/2017\/02\/Glisse-nombre_\u00e9l\u00e8ve_C3_noir_blanc.jpg 600w\" sizes=\"auto, (max-width: 281px) 100vw, 281px\" \/><\/p>\n<p>&nbsp;<\/p>\n<p>&nbsp;<\/p>\n<p>&nbsp;<\/p>\n<p>T\u00e9l\u00e9charger<\/p>\n<p><a href=\"\/pole-maths\/wp-content\/uploads\/sites\/26\/2017\/02\/Glisse-nombre_\u00e9l\u00e8ve_C2_noir_blanc.pdf\">Glisse-nombre_\u00e9l\u00e8ve_C2_noir_blanc<\/a><\/p>\n<p><a href=\"\/pole-maths\/wp-content\/uploads\/sites\/26\/2017\/02\/Glisse-nombre_\u00e9l\u00e8ve_C3_noir_blanc.pdf\">Glisse-nombre_\u00e9l\u00e8ve_C3_noir_blanc<\/a><\/p>\n","protected":false},"excerpt":{"rendered":"<p>T\u00e9l\u00e9charger le \u00ab\u00a0glisse-nombre\u00a0\u00bb cycle 2 et le \u00ab\u00a0glisse-nombre\u00a0\u00bb cycle 3 en noir et blanc.\u00a0<\/p>\n","protected":false},"author":83,"featured_media":0,"comment_status":"closed","ping_status":"closed","sticky":false,"template":"","format":"standard","meta":{"footnotes":""},"categories":[47,48,28,41,31],"tags":[],"class_list":["post-3534","post","type-post","status-publish","format-standard","hentry","category-cycle2","category-cycle3","category-mission","category-nombresetcalcul","category-outils"],"_links":{"self":[{"href":"https:\/\/site.ac-martinique.fr\/pole-maths\/index.php?rest_route=\/wp\/v2\/posts\/3534","targetHints":{"allow":["GET"]}}],"collection":[{"href":"https:\/\/site.ac-martinique.fr\/pole-maths\/index.php?rest_route=\/wp\/v2\/posts"}],"about":[{"href":"https:\/\/site.ac-martinique.fr\/pole-maths\/index.php?rest_route=\/wp\/v2\/types\/post"}],"author":[{"embeddable":true,"href":"https:\/\/site.ac-martinique.fr\/pole-maths\/index.php?rest_route=\/wp\/v2\/users\/83"}],"replies":[{"embeddable":true,"href":"https:\/\/site.ac-martinique.fr\/pole-maths\/index.php?rest_route=%2Fwp%2Fv2%2Fcomments&post=3534"}],"version-history":[{"count":4,"href":"https:\/\/site.ac-martinique.fr\/pole-maths\/index.php?rest_route=\/wp\/v2\/posts\/3534\/revisions"}],"predecessor-version":[{"id":3553,"href":"https:\/\/site.ac-martinique.fr\/pole-maths\/index.php?rest_route=\/wp\/v2\/posts\/3534\/revisions\/3553"}],"wp:attachment":[{"href":"https:\/\/site.ac-martinique.fr\/pole-maths\/index.php?rest_route=%2Fwp%2Fv2%2Fmedia&parent=3534"}],"wp:term":[{"taxonomy":"category","embeddable":true,"href":"https:\/\/site.ac-martinique.fr\/pole-maths\/index.php?rest_route=%2Fwp%2Fv2%2Fcategories&post=3534"},{"taxonomy":"post_tag","embeddable":true,"href":"https:\/\/site.ac-martinique.fr\/pole-maths\/index.php?rest_route=%2Fwp%2Fv2%2Ftags&post=3534"}],"curies":[{"name":"wp","href":"https:\/\/api.w.org\/{rel}","templated":true}]}}