{"id":3646,"date":"2017-03-08T17:51:30","date_gmt":"2017-03-08T21:51:30","guid":{"rendered":"\/pole-maths\/?p=3646"},"modified":"2017-03-13T07:19:52","modified_gmt":"2017-03-13T11:19:52","slug":"semaine-des-mathematiques-2017","status":"publish","type":"post","link":"https:\/\/site.ac-martinique.fr\/pole-maths\/?p=3646","title":{"rendered":"Semaine des math\u00e9matiques 2017"},"content":{"rendered":"<p><a href=\"\/pole-maths\/wp-content\/uploads\/sites\/26\/2017\/03\/image_semaine.jpg\"><img loading=\"lazy\" decoding=\"async\" class=\"alignleft wp-image-3647 size-thumbnail\" src=\"\/pole-maths\/wp-content\/uploads\/sites\/26\/2017\/03\/image_semaine-106x150.jpg\" width=\"106\" height=\"150\" srcset=\"https:\/\/site.ac-martinique.fr\/pole-maths\/wp-content\/uploads\/sites\/26\/2017\/03\/image_semaine-106x150.jpg 106w, https:\/\/site.ac-martinique.fr\/pole-maths\/wp-content\/uploads\/sites\/26\/2017\/03\/image_semaine.jpg 180w\" sizes=\"auto, (max-width: 106px) 100vw, 106px\" \/><\/a>La Semaine des math\u00e9matiques aura lieu du <strong>13 au 19 mars 2017<\/strong>. Le th\u00e8me de cette sixi\u00e8me \u00e9dition <strong>\u00ab\u00a0Math\u00e9matiques et Langages\u00a0\u00bb<\/strong>invite \u00e0 explorer les liens qu&rsquo;entretiennent math\u00e9matiques et les langages. . <strong>D\u00e9couvrez les d\u00e9fis de la SP au CM2 \u00e0 t\u00e9l\u00e9charger.<\/strong><!--more--><\/p>\n<p>Une semaine pour renforcer l\u2019attractivit\u00e9 des math\u00e9matiques<\/p>\n<p><strong><span style=\"text-decoration: underline\">Objectifs<\/span><\/strong><\/p>\n<ul>\n<li>proposer une <b>image actuelle, vivante et attractive<\/b> des math\u00e9matiques<\/li>\n<li>insister sur l&rsquo;<b>importance des math\u00e9matiques dans la formation des citoyens<\/b> et dans leur vie quotidienne<\/li>\n<li>pr\u00e9senter la <b>diversit\u00e9 des m\u00e9tiers<\/b> dans lesquels les math\u00e9matiques jouent un r\u00f4le important ou essentiel ainsi que la <b>richesse des liens existant entre les math\u00e9matiques et les autres disciplines<\/b><\/li>\n<li>valoriser les actions mises en \u0153uvre tout au long de l&rsquo;ann\u00e9e<\/li>\n<li>montrer que la pratique des math\u00e9matiques peut \u00eatre source d&rsquo;\u00e9motions de nature esth\u00e9tique afin de d\u00e9voiler le lien entre math\u00e9matiques, plaisir et cr\u00e9ativit\u00e9<\/li>\n<\/ul>\n<p><strong><em>Les d\u00e9fis ont \u00e9t\u00e9 pens\u00e9s pour tous les \u00e9l\u00e8ves d\u2019une \u00e9cole de la SP au CM2.<\/em><\/strong><\/p>\n<p><strong>Les\u00a0documents \u00e0 t\u00e9l\u00e9charger par niveau <\/strong>sont pr\u00e9vus pour permettre \u00e0 chaque enseignant d\u2019anticiper (pr\u00e9paration mat\u00e9rielle, reproduction de\u00a0documents) pour assurer le travail d\u2019exploration attendu. Dans la classe, le lancement peut \u00eatre collectif, le travail\u00a0peut se r\u00e9aliser en petits groupes ou seul.<strong><br \/>\n<\/strong><\/p>\n<p><strong>T\u00e9l\u00e9charger les d\u00e9fis des 4 premiers jours.<\/strong><\/p>\n<p><a href=\"\/pole-maths\/wp-content\/uploads\/sites\/26\/2017\/03\/defis_maternelle.zip\" target=\"_blank\">defis_maternelle<\/a><\/p>\n<p><a href=\"\/pole-maths\/wp-content\/uploads\/sites\/26\/2017\/03\/Defis_Cycle2.zip\" target=\"_blank\">Defis_Cycle2<\/a><\/p>\n<p><a href=\"\/pole-maths\/wp-content\/uploads\/sites\/26\/2017\/03\/Defis_CM.zip\" target=\"_blank\">Defis_CM<\/a><\/p>\n<p><strong>T\u00e9l\u00e9charger les \u00e9nigmes du 5\u00e8me jour<\/strong><\/p>\n<p><a href=\"\/pole-maths\/wp-content\/uploads\/sites\/26\/2017\/03\/transat.jpg\"><img loading=\"lazy\" decoding=\"async\" class=\" wp-image-3648 alignleft\" src=\"\/pole-maths\/wp-content\/uploads\/sites\/26\/2017\/03\/transat.jpg\" alt=\"\" width=\"244\" height=\"184\" srcset=\"https:\/\/site.ac-martinique.fr\/pole-maths\/wp-content\/uploads\/sites\/26\/2017\/03\/transat.jpg 268w, https:\/\/site.ac-martinique.fr\/pole-maths\/wp-content\/uploads\/sites\/26\/2017\/03\/transat-150x114.jpg 150w\" sizes=\"auto, (max-width: 244px) 100vw, 244px\" \/><\/a><\/p>\n<h3><\/h3>\n<h3><a href=\"\/pole-maths\/wp-content\/uploads\/sites\/26\/2017\/03\/Enigmes_Mini_Transat_Maternelle.zip\" target=\"_blank\">Enigmes_Mini_Transat_Maternelle<\/a><\/h3>\n<h3><a href=\"\/pole-maths\/wp-content\/uploads\/sites\/26\/2017\/03\/Enigmes_Mini_Transat_Cycle-2.zip\">Enigmes_Mini_Transat_Cycle 2<\/a><\/h3>\n<h3><a href=\"\/pole-maths\/wp-content\/uploads\/sites\/26\/2017\/03\/Enigmes_Mini_Transat_Cycle-3.zip\">Enigmes_Mini_Transat_Cycle 3<\/a><\/h3>\n<div><\/div>\n","protected":false},"excerpt":{"rendered":"<p>La Semaine des math\u00e9matiques aura lieu du 13 au 19 mars 2017. Le th\u00e8me de cette sixi\u00e8me \u00e9dition \u00ab\u00a0Math\u00e9matiques et Langages\u00a0\u00bbinvite \u00e0 explorer les liens qu&rsquo;entretiennent math\u00e9matiques et les langages. . D\u00e9couvrez les d\u00e9fis de la SP au CM2 \u00e0&#8230; <a class=\"more-link\" href=\"https:\/\/site.ac-martinique.fr\/pole-maths\/?p=3646\">Continue Reading &rarr;<\/a><\/p>\n","protected":false},"author":83,"featured_media":0,"comment_status":"closed","ping_status":"closed","sticky":false,"template":"","format":"standard","meta":{"footnotes":""},"categories":[47,48,46,111,62],"tags":[],"class_list":["post-3646","post","type-post","status-publish","format-standard","hentry","category-cycle2","category-cycle3","category-cycle1","category-resolution-de-problemes-2","category-semaine-des-mathematiques-operations-de-valorisation"],"_links":{"self":[{"href":"https:\/\/site.ac-martinique.fr\/pole-maths\/index.php?rest_route=\/wp\/v2\/posts\/3646","targetHints":{"allow":["GET"]}}],"collection":[{"href":"https:\/\/site.ac-martinique.fr\/pole-maths\/index.php?rest_route=\/wp\/v2\/posts"}],"about":[{"href":"https:\/\/site.ac-martinique.fr\/pole-maths\/index.php?rest_route=\/wp\/v2\/types\/post"}],"author":[{"embeddable":true,"href":"https:\/\/site.ac-martinique.fr\/pole-maths\/index.php?rest_route=\/wp\/v2\/users\/83"}],"replies":[{"embeddable":true,"href":"https:\/\/site.ac-martinique.fr\/pole-maths\/index.php?rest_route=%2Fwp%2Fv2%2Fcomments&post=3646"}],"version-history":[{"count":5,"href":"https:\/\/site.ac-martinique.fr\/pole-maths\/index.php?rest_route=\/wp\/v2\/posts\/3646\/revisions"}],"predecessor-version":[{"id":3707,"href":"https:\/\/site.ac-martinique.fr\/pole-maths\/index.php?rest_route=\/wp\/v2\/posts\/3646\/revisions\/3707"}],"wp:attachment":[{"href":"https:\/\/site.ac-martinique.fr\/pole-maths\/index.php?rest_route=%2Fwp%2Fv2%2Fmedia&parent=3646"}],"wp:term":[{"taxonomy":"category","embeddable":true,"href":"https:\/\/site.ac-martinique.fr\/pole-maths\/index.php?rest_route=%2Fwp%2Fv2%2Fcategories&post=3646"},{"taxonomy":"post_tag","embeddable":true,"href":"https:\/\/site.ac-martinique.fr\/pole-maths\/index.php?rest_route=%2Fwp%2Fv2%2Ftags&post=3646"}],"curies":[{"name":"wp","href":"https:\/\/api.w.org\/{rel}","templated":true}]}}