{"id":4036,"date":"2018-11-05T12:46:57","date_gmt":"2018-11-05T16:46:57","guid":{"rendered":"\/pole-maths\/?p=4036"},"modified":"2021-03-23T15:52:19","modified_gmt":"2021-03-23T19:52:19","slug":"cycle-3-materiel-systeme-decimal-sur-les-fractions-decimales-et-les-nombres-decimaux-contexte-volume","status":"publish","type":"post","link":"https:\/\/site.ac-martinique.fr\/pole-maths\/?p=4036","title":{"rendered":"Cycle 3 : Mat\u00e9riel syst\u00e8me d\u00e9cimal sur les fractions d\u00e9cimales et les nombres d\u00e9cimaux (contexte volume)"},"content":{"rendered":"<p style=\"text-align: justify\"><a href=\"\/pole-maths\/wp-content\/uploads\/sites\/26\/2018\/11\/Volumes-milli\u00e8mes-2.jpg\"><img loading=\"lazy\" decoding=\"async\" class=\"alignleft wp-image-4043 size-thumbnail\" src=\"\/pole-maths\/wp-content\/uploads\/sites\/26\/2018\/11\/Volumes-milli\u00e8mes-2-150x150.jpg\" alt=\"\" width=\"150\" height=\"150\" srcset=\"https:\/\/site.ac-martinique.fr\/pole-maths\/wp-content\/uploads\/sites\/26\/2018\/11\/Volumes-milli\u00e8mes-2-150x150.jpg 150w, https:\/\/site.ac-martinique.fr\/pole-maths\/wp-content\/uploads\/sites\/26\/2018\/11\/Volumes-milli\u00e8mes-2-300x300.jpg 300w, https:\/\/site.ac-martinique.fr\/pole-maths\/wp-content\/uploads\/sites\/26\/2018\/11\/Volumes-milli\u00e8mes-2-768x771.jpg 768w, https:\/\/site.ac-martinique.fr\/pole-maths\/wp-content\/uploads\/sites\/26\/2018\/11\/Volumes-milli\u00e8mes-2-1020x1024.jpg 1020w, https:\/\/site.ac-martinique.fr\/pole-maths\/wp-content\/uploads\/sites\/26\/2018\/11\/Volumes-milli\u00e8mes-2.jpg 1960w\" sizes=\"auto, (max-width: 150px) 100vw, 150px\" \/><\/a><strong>Cycle 3 : La mission math\u00e9matiques vous propose un mat\u00e9riel de manipulation pour construire le syst\u00e8me d\u00e9cimal sur les fractions d\u00e9cimales et les nombres d\u00e9cimaux en \u00e9tablissant le lien entre les diff\u00e9rentes \u00e9critures et les quantit\u00e9s qu&rsquo;elles repr\u00e9sentent.\u00a0La notion de quantit\u00e9 prend appui sur la\u00a0<\/strong><strong>place occup\u00e9e dans l&rsquo;espace.\u00a0\u00a0<\/strong><\/p>\n<p><!--more--><\/p>\n<h3 style=\"text-align: center\"><b>\u00a0 \u00a0 \u00a0 \u00a0 \u00a0 \u00a0 \u00a0<u> Le mat\u00e9riel de manipulation sur les fractions d\u00e9cimales et les nombres d\u00e9cimaux au Cycle 3<\/u>\u00a0(<\/b><b><u>contexte volume)<\/u><\/b><\/h3>\n<p style=\"text-align: justify\"><strong>Objectifs pour l\u2019\u00e9l\u00e8ve<\/strong> : \u00ab\u00a0Donner du sens diff\u00e9rentes \u00e9critures des fractions d\u00e9cimales et des nombres d\u00e9cimaux (en mots ou en \u00e9critures symboliques), comprendre les \u00e9quivalences d\u2019\u00e9critures, consolider le sens de\u00a0 \u00ab dixi\u00e8me \u00bb, \u00ab centi\u00e8me \u00bb et \u00ab\u00a0milli\u00e8me \u00bb en prenant appui sur les quantit\u00e9s qu\u2019elles repr\u00e9sentent\u00a0\u00bb.<\/p>\n<p style=\"text-align: justify\"><strong>Apr\u00e8s avoir travailler avec le mat\u00e9riel de manipulation dans un contexte de place occup\u00e9e dans le plan<\/strong> (<a href=\"\/pole-maths\/?p=3931\" target=\"_blank\" rel=\"noopener noreferrer\">voir l&rsquo;article correspondant<\/a>), les \u00e9l\u00e8ves vont pouvoir r\u00e9investir leurs savoir-faire <strong>dans un contexte de place occup\u00e9e dans l&rsquo;espace\u00a0 (contexte volume)<\/strong> . Afin qu&rsquo;ils fassent le lien entre les repr\u00e9sentations en perspective et les repr\u00e9sentations dans le r\u00e9el, il est n\u00e9cessaire de leur pr\u00e9senter le mat\u00e9riel \u00a0\u00bb cubes base 10 encastrable\u00a0\u00bb qui est un <strong>incontournable<\/strong> comme mat\u00e9riel du cycle 2 au cycle 3 pour toutes les \u00e9coles.<\/p>\n<p><a href=\"\/pole-maths\/wp-content\/uploads\/sites\/26\/2018\/11\/cubes-base-10-encastrables.png\"><img loading=\"lazy\" decoding=\"async\" class=\"aligncenter size-full wp-image-3991\" src=\"\/pole-maths\/wp-content\/uploads\/sites\/26\/2018\/11\/cubes-base-10-encastrables.png\" alt=\"\" width=\"297\" height=\"234\" srcset=\"https:\/\/site.ac-martinique.fr\/pole-maths\/wp-content\/uploads\/sites\/26\/2018\/11\/cubes-base-10-encastrables.png 297w, https:\/\/site.ac-martinique.fr\/pole-maths\/wp-content\/uploads\/sites\/26\/2018\/11\/cubes-base-10-encastrables-150x118.png 150w\" sizes=\"auto, (max-width: 297px) 100vw, 297px\" \/><\/a><\/p>\n<p style=\"text-align: center\">Cubes base 10 encastrables<\/p>\n<p style=\"text-align: left\">La mission propose le mat\u00e9riel permettant de travailler les fractions d\u00e9cimales et les nombres d\u00e9cimaux <strong>jusqu&rsquo;aux centi\u00e8mes<\/strong>:<\/p>\n<p><a href=\"\/pole-maths\/wp-content\/uploads\/sites\/26\/2018\/11\/Volumes-centi\u00e8mes1.jpg\"><img loading=\"lazy\" decoding=\"async\" class=\"aligncenter wp-image-4045 size-large\" src=\"\/pole-maths\/wp-content\/uploads\/sites\/26\/2018\/11\/Volumes-centi\u00e8mes1-1024x515.jpg\" alt=\"\" width=\"640\" height=\"322\" srcset=\"https:\/\/site.ac-martinique.fr\/pole-maths\/wp-content\/uploads\/sites\/26\/2018\/11\/Volumes-centi\u00e8mes1-1024x515.jpg 1024w, https:\/\/site.ac-martinique.fr\/pole-maths\/wp-content\/uploads\/sites\/26\/2018\/11\/Volumes-centi\u00e8mes1-150x75.jpg 150w, https:\/\/site.ac-martinique.fr\/pole-maths\/wp-content\/uploads\/sites\/26\/2018\/11\/Volumes-centi\u00e8mes1-300x151.jpg 300w, https:\/\/site.ac-martinique.fr\/pole-maths\/wp-content\/uploads\/sites\/26\/2018\/11\/Volumes-centi\u00e8mes1-768x386.jpg 768w\" sizes=\"auto, (max-width: 640px) 100vw, 640px\" \/><\/a><\/p>\n<p>Elle propose aussi le mat\u00e9riel permettant de travailler les fractions d\u00e9cimales et les nombres d\u00e9cimaux<strong> jusqu&rsquo;aux milli\u00e8mes<\/strong>:<\/p>\n<p><a href=\"\/pole-maths\/wp-content\/uploads\/sites\/26\/2018\/11\/Volumes-milli\u00e8mes-3.jpg\"><img loading=\"lazy\" decoding=\"async\" class=\"alignleft wp-image-4044 size-large\" src=\"\/pole-maths\/wp-content\/uploads\/sites\/26\/2018\/11\/Volumes-milli\u00e8mes-3-1024x515.jpg\" alt=\"\" width=\"640\" height=\"322\" srcset=\"https:\/\/site.ac-martinique.fr\/pole-maths\/wp-content\/uploads\/sites\/26\/2018\/11\/Volumes-milli\u00e8mes-3-1024x515.jpg 1024w, https:\/\/site.ac-martinique.fr\/pole-maths\/wp-content\/uploads\/sites\/26\/2018\/11\/Volumes-milli\u00e8mes-3-150x75.jpg 150w, https:\/\/site.ac-martinique.fr\/pole-maths\/wp-content\/uploads\/sites\/26\/2018\/11\/Volumes-milli\u00e8mes-3-300x151.jpg 300w, https:\/\/site.ac-martinique.fr\/pole-maths\/wp-content\/uploads\/sites\/26\/2018\/11\/Volumes-milli\u00e8mes-3-768x386.jpg 768w\" sizes=\"auto, (max-width: 640px) 100vw, 640px\" \/><\/a><\/p>\n<p>&nbsp;<\/p>\n<p style=\"text-align: left\"><strong>Mais pourquoi proposer le mat\u00e9riel en deux versions : jusqu&rsquo;aux centi\u00e8mes et jusqu&rsquo;aux milli\u00e8mes? Cela m\u00e9rite de poser l&rsquo;interrogation.<\/strong><\/p>\n<p style=\"text-align: left\">Le syst\u00e8me d\u00e9cimal de position est fond\u00e9 sur deux principes: <strong>le principe de position<\/strong> o\u00f9 la valeur du chiffre d\u00e9pend de sa position dans l&rsquo;\u00e9criture du nombre et <strong>le principe du rapport de dix entre les diff\u00e9rentes unit\u00e9s\u00a0<\/strong>souvent difficilement int\u00e9gr\u00e9 par les \u00e9l\u00e8ves. En proposant deux versions du mat\u00e9riel, c&rsquo;est ce second principe qui est interrog\u00e9: m\u00eame si l&rsquo;on change d&rsquo;unit\u00e9, le principe du rapport de dix est conserv\u00e9. Le mat\u00e9riel permet d&rsquo;en faire le constat: CM1 sur les centi\u00e8mes, en fin CM1 et en CM2 sur les milli\u00e8mes.<\/p>\n<p><strong>L&rsquo;exemple avec le mat\u00e9riel jusqu&rsquo;aux milli\u00e8mes (ci-dessous) montre que<\/strong> <strong>diff\u00e9rentes <\/strong><strong>\u00e9critures peuvent repr\u00e9senter une m\u00eame quantit\u00e9.<\/strong> L&rsquo;occupation dans l&rsquo;espace est identique, seule la repr\u00e9sentation change.<\/p>\n<p><a href=\"\/pole-maths\/wp-content\/uploads\/sites\/26\/2018\/11\/O2u4c8m.jpg\"><img loading=\"lazy\" decoding=\"async\" class=\"alignleft wp-image-4050 size-full\" src=\"\/pole-maths\/wp-content\/uploads\/sites\/26\/2018\/11\/O2u4c8m.jpg\" alt=\"\" width=\"722\" height=\"735\" srcset=\"https:\/\/site.ac-martinique.fr\/pole-maths\/wp-content\/uploads\/sites\/26\/2018\/11\/O2u4c8m.jpg 722w, https:\/\/site.ac-martinique.fr\/pole-maths\/wp-content\/uploads\/sites\/26\/2018\/11\/O2u4c8m-147x150.jpg 147w, https:\/\/site.ac-martinique.fr\/pole-maths\/wp-content\/uploads\/sites\/26\/2018\/11\/O2u4c8m-295x300.jpg 295w\" sizes=\"auto, (max-width: 722px) 100vw, 722px\" \/><\/a> <a href=\"\/pole-maths\/wp-content\/uploads\/sites\/26\/2018\/11\/F20-10_48-1000-OK.jpg\"><img loading=\"lazy\" decoding=\"async\" class=\"size-medium wp-image-4052 alignnone\" src=\"\/pole-maths\/wp-content\/uploads\/sites\/26\/2018\/11\/F20-10_48-1000-OK-177x300.jpg\" alt=\"\" width=\"177\" height=\"300\" srcset=\"https:\/\/site.ac-martinique.fr\/pole-maths\/wp-content\/uploads\/sites\/26\/2018\/11\/F20-10_48-1000-OK-177x300.jpg 177w, https:\/\/site.ac-martinique.fr\/pole-maths\/wp-content\/uploads\/sites\/26\/2018\/11\/F20-10_48-1000-OK-88x150.jpg 88w, https:\/\/site.ac-martinique.fr\/pole-maths\/wp-content\/uploads\/sites\/26\/2018\/11\/F20-10_48-1000-OK-768x1302.jpg 768w, https:\/\/site.ac-martinique.fr\/pole-maths\/wp-content\/uploads\/sites\/26\/2018\/11\/F20-10_48-1000-OK-604x1024.jpg 604w, https:\/\/site.ac-martinique.fr\/pole-maths\/wp-content\/uploads\/sites\/26\/2018\/11\/F20-10_48-1000-OK.jpg 1492w\" sizes=\"auto, (max-width: 177px) 100vw, 177px\" \/><\/a>\u00a0 \u00a0<img loading=\"lazy\" decoding=\"async\" class=\"size-medium wp-image-4056 alignnone\" src=\"\/pole-maths\/wp-content\/uploads\/sites\/26\/2018\/11\/F2048-1000-ok-192x300.jpg\" alt=\"\" width=\"192\" height=\"300\" srcset=\"https:\/\/site.ac-martinique.fr\/pole-maths\/wp-content\/uploads\/sites\/26\/2018\/11\/F2048-1000-ok-192x300.jpg 192w, https:\/\/site.ac-martinique.fr\/pole-maths\/wp-content\/uploads\/sites\/26\/2018\/11\/F2048-1000-ok-96x150.jpg 96w, https:\/\/site.ac-martinique.fr\/pole-maths\/wp-content\/uploads\/sites\/26\/2018\/11\/F2048-1000-ok-768x1198.jpg 768w, https:\/\/site.ac-martinique.fr\/pole-maths\/wp-content\/uploads\/sites\/26\/2018\/11\/F2048-1000-ok-657x1024.jpg 657w, https:\/\/site.ac-martinique.fr\/pole-maths\/wp-content\/uploads\/sites\/26\/2018\/11\/F2048-1000-ok.jpg 1550w\" sizes=\"auto, (max-width: 192px) 100vw, 192px\" \/>\u00a0 \u00a0 \u00a0 \u00a0 \u00a0 intrus\u00a0\u00a0<img loading=\"lazy\" decoding=\"async\" class=\"size-medium wp-image-4059 alignnone\" src=\"\/pole-maths\/wp-content\/uploads\/sites\/26\/2018\/11\/F2408-1000-ok-158x300.jpg\" alt=\"\" width=\"158\" height=\"300\" srcset=\"https:\/\/site.ac-martinique.fr\/pole-maths\/wp-content\/uploads\/sites\/26\/2018\/11\/F2408-1000-ok-158x300.jpg 158w, https:\/\/site.ac-martinique.fr\/pole-maths\/wp-content\/uploads\/sites\/26\/2018\/11\/F2408-1000-ok-79x150.jpg 79w, https:\/\/site.ac-martinique.fr\/pole-maths\/wp-content\/uploads\/sites\/26\/2018\/11\/F2408-1000-ok-768x1455.jpg 768w, https:\/\/site.ac-martinique.fr\/pole-maths\/wp-content\/uploads\/sites\/26\/2018\/11\/F2408-1000-ok-540x1024.jpg 540w, https:\/\/site.ac-martinique.fr\/pole-maths\/wp-content\/uploads\/sites\/26\/2018\/11\/F2408-1000-ok.jpg 1291w\" sizes=\"auto, (max-width: 158px) 100vw, 158px\" \/>\u00e0<\/p>\n<p style=\"text-align: justify\"><strong>Au cycle 2, pour travailler sur les entiers, le m\u00eame mat\u00e9riel est propos\u00e9 mais l&rsquo;unit\u00e9 est repr\u00e9sent\u00e9e par le plus petit volume (<a href=\"\/pole-maths\/?p=3925\" target=\"_blank\" rel=\"noopener noreferrer\">voir l&rsquo;article sur les entiers correspondant<\/a>).\u00a0<\/strong><\/p>\n<p style=\"text-align: justify\"><strong>Au Cycle 3 , le m\u00eame type de mat\u00e9riel est propos\u00e9 dans un contexte d&rsquo;aire \u00e0 travailler pr\u00e9alablement (<a href=\"\/pole-maths\/?p=3931\" target=\"_blank\" rel=\"noopener noreferrer\">voir l&rsquo;article correspondant<\/a>)<\/strong><\/p>\n<p style=\"text-align: justify\">Nous conseillons aux enseignants de <strong>plastifier<\/strong> les pages avant la d\u00e9coupe pour une utilisation de longue dur\u00e9e si c\u2019est possible ou\u00a0 d&rsquo;utiliser du <strong>papier cartonn\u00e9<\/strong>.<\/p>\n<p style=\"text-align: justify\">Nous pensons que <strong>la pr\u00e9sentation des situations et\u00a0 les mises en commun<\/strong> seront facilit\u00e9es si l&rsquo;\u00e9cole dispose du <strong>mat\u00e9riel en plus grande dimension<\/strong>.\u00a0Le mat\u00e9riel \u00e0 t\u00e9l\u00e9charger et \u00e0 imprimer est propos\u00e9 selon une <strong>\u00ab\u00a0version \u00e9l\u00e8ves\u00a0\u00bb<\/strong> et une version <strong>\u00ab\u00a0enseignant(e)\u00a0\u00bb<\/strong> .\u00a0Si la classe a la chance de disposer d&rsquo;un tableau aimant\u00e9, coller de l&rsquo;adh\u00e9sif aimant\u00e9 (vendu en ruban) au verso de la version enseignant(e)\u00a0 ce qui permettra des manipulations ais\u00e9es.<\/p>\n<p style=\"text-align: justify\"><strong>Pour t\u00e9l\u00e9charger le fichier jusqu&rsquo;aux centi\u00e8mes \u00ab\u00a0version \u00e9l\u00e8ves\u00a0\u00bb, cliquer sur l&rsquo;image ci-dessous.<\/strong><\/p>\n<p><a href=\"\/pole-maths\/wp-content\/uploads\/sites\/26\/2020\/10\/Volumes_-syst.-d\u00e9cimal_\u00e9l\u00e8ve-centi\u00e8mes-nov-18.pdf\" target=\"_blank\" rel=\"noopener noreferrer\"><img loading=\"lazy\" decoding=\"async\" class=\"aligncenter wp-image-4007 size-large\" src=\"\/pole-maths\/wp-content\/uploads\/sites\/26\/2018\/11\/\u00e9l\u00e8ve-centi\u00e8mes-1024x590.jpg\" alt=\"\" width=\"640\" height=\"369\" srcset=\"https:\/\/site.ac-martinique.fr\/pole-maths\/wp-content\/uploads\/sites\/26\/2018\/11\/\u00e9l\u00e8ve-centi\u00e8mes-1024x590.jpg 1024w, https:\/\/site.ac-martinique.fr\/pole-maths\/wp-content\/uploads\/sites\/26\/2018\/11\/\u00e9l\u00e8ve-centi\u00e8mes-150x86.jpg 150w, https:\/\/site.ac-martinique.fr\/pole-maths\/wp-content\/uploads\/sites\/26\/2018\/11\/\u00e9l\u00e8ve-centi\u00e8mes-300x173.jpg 300w, https:\/\/site.ac-martinique.fr\/pole-maths\/wp-content\/uploads\/sites\/26\/2018\/11\/\u00e9l\u00e8ve-centi\u00e8mes-768x442.jpg 768w\" sizes=\"auto, (max-width: 640px) 100vw, 640px\" \/><\/a><\/p>\n<p style=\"text-align: justify\"><strong>Pour t\u00e9l\u00e9charger le fichier jusqu&rsquo;aux centi\u00e8mes \u00ab\u00a0version enseignant(e)\u00a0\u00bb, cliquer sur l&rsquo;image ci-dessous.<\/strong><\/p>\n<p><a href=\"\/pole-maths\/wp-content\/uploads\/sites\/26\/2018\/11\/mat\u00e9riel-syst\u00e8me-d\u00e9cimal_d\u00e9cimaux-centi\u00e8mes-enseignant-nov-18-complet.pdf\" target=\"_blank\" rel=\"noopener noreferrer\"><img loading=\"lazy\" decoding=\"async\" class=\"aligncenter wp-image-4010 size-large\" src=\"\/pole-maths\/wp-content\/uploads\/sites\/26\/2018\/11\/enseignants-centi\u00e8mes-1024x966.jpg\" alt=\"\" width=\"640\" height=\"604\" srcset=\"https:\/\/site.ac-martinique.fr\/pole-maths\/wp-content\/uploads\/sites\/26\/2018\/11\/enseignants-centi\u00e8mes-1024x966.jpg 1024w, https:\/\/site.ac-martinique.fr\/pole-maths\/wp-content\/uploads\/sites\/26\/2018\/11\/enseignants-centi\u00e8mes-150x142.jpg 150w, https:\/\/site.ac-martinique.fr\/pole-maths\/wp-content\/uploads\/sites\/26\/2018\/11\/enseignants-centi\u00e8mes-300x283.jpg 300w, https:\/\/site.ac-martinique.fr\/pole-maths\/wp-content\/uploads\/sites\/26\/2018\/11\/enseignants-centi\u00e8mes-768x725.jpg 768w, https:\/\/site.ac-martinique.fr\/pole-maths\/wp-content\/uploads\/sites\/26\/2018\/11\/enseignants-centi\u00e8mes.jpg 1475w\" sizes=\"auto, (max-width: 640px) 100vw, 640px\" \/><\/a><\/p>\n<p><strong>Pour t\u00e9l\u00e9charger le fichier jusqu&rsquo;aux milli\u00e8mes \u00ab\u00a0version \u00e9l\u00e8ves\u00a0\u00bb, cliquer sur l&rsquo;image ci-dessous.<\/strong><\/p>\n<p><a href=\"\/pole-maths\/wp-content\/uploads\/sites\/26\/2020\/10\/Volumes_syst\u00e8me-d\u00e9cimal_\u00e9l\u00e8ve_milli\u00e8mes_oct-18.pdf\" target=\"_blank\" rel=\"noopener noreferrer\"><img loading=\"lazy\" decoding=\"async\" class=\"aligncenter wp-image-4009 size-large\" src=\"\/pole-maths\/wp-content\/uploads\/sites\/26\/2018\/11\/\u00e9l\u00e8ve-milli\u00e8mes-1024x587.jpg\" alt=\"\" width=\"640\" height=\"367\" srcset=\"https:\/\/site.ac-martinique.fr\/pole-maths\/wp-content\/uploads\/sites\/26\/2018\/11\/\u00e9l\u00e8ve-milli\u00e8mes-1024x587.jpg 1024w, https:\/\/site.ac-martinique.fr\/pole-maths\/wp-content\/uploads\/sites\/26\/2018\/11\/\u00e9l\u00e8ve-milli\u00e8mes-150x86.jpg 150w, https:\/\/site.ac-martinique.fr\/pole-maths\/wp-content\/uploads\/sites\/26\/2018\/11\/\u00e9l\u00e8ve-milli\u00e8mes-300x172.jpg 300w, https:\/\/site.ac-martinique.fr\/pole-maths\/wp-content\/uploads\/sites\/26\/2018\/11\/\u00e9l\u00e8ve-milli\u00e8mes-768x441.jpg 768w\" sizes=\"auto, (max-width: 640px) 100vw, 640px\" \/><\/a><\/p>\n<p style=\"text-align: justify\"><strong>Pour t\u00e9l\u00e9charger le fichier jusqu&rsquo;aux milli\u00e8mes \u00ab\u00a0version enseignant(e)\u00a0\u00bb, cliquer sur l&rsquo;image ci-dessous.<\/strong><\/p>\n<p><a href=\"\/pole-maths\/wp-content\/uploads\/sites\/26\/2018\/11\/mat\u00e9riel-syst\u00e8me-d\u00e9cimal_d\u00e9cimaux-milli\u00e8mes-enseignant-nov-18-complet.pdf\" target=\"_blank\" rel=\"noopener noreferrer\"><img loading=\"lazy\" decoding=\"async\" class=\"aligncenter wp-image-4012 size-large\" src=\"\/pole-maths\/wp-content\/uploads\/sites\/26\/2018\/11\/enseignants-milli\u00e8mes-1024x954.jpg\" alt=\"\" width=\"640\" height=\"596\" srcset=\"https:\/\/site.ac-martinique.fr\/pole-maths\/wp-content\/uploads\/sites\/26\/2018\/11\/enseignants-milli\u00e8mes-1024x954.jpg 1024w, https:\/\/site.ac-martinique.fr\/pole-maths\/wp-content\/uploads\/sites\/26\/2018\/11\/enseignants-milli\u00e8mes-150x140.jpg 150w, https:\/\/site.ac-martinique.fr\/pole-maths\/wp-content\/uploads\/sites\/26\/2018\/11\/enseignants-milli\u00e8mes-300x280.jpg 300w, https:\/\/site.ac-martinique.fr\/pole-maths\/wp-content\/uploads\/sites\/26\/2018\/11\/enseignants-milli\u00e8mes-768x716.jpg 768w, https:\/\/site.ac-martinique.fr\/pole-maths\/wp-content\/uploads\/sites\/26\/2018\/11\/enseignants-milli\u00e8mes.jpg 1481w\" sizes=\"auto, (max-width: 640px) 100vw, 640px\" \/><\/a><\/p>\n","protected":false},"excerpt":{"rendered":"<p>Cycle 3 : La mission math\u00e9matiques vous propose un mat\u00e9riel de manipulation pour construire le syst\u00e8me d\u00e9cimal sur les fractions d\u00e9cimales et les nombres d\u00e9cimaux en \u00e9tablissant le lien entre les diff\u00e9rentes \u00e9critures et les quantit\u00e9s qu&rsquo;elles repr\u00e9sentent.\u00a0La notion de&#8230; <a class=\"more-link\" href=\"https:\/\/site.ac-martinique.fr\/pole-maths\/?p=4036\">Continue Reading &rarr;<\/a><\/p>\n","protected":false},"author":83,"featured_media":0,"comment_status":"closed","ping_status":"closed","sticky":false,"template":"","format":"standard","meta":{"footnotes":""},"categories":[48,45,41],"tags":[],"class_list":["post-4036","post","type-post","status-publish","format-standard","hentry","category-cycle3","category-cycles","category-nombresetcalcul"],"_links":{"self":[{"href":"https:\/\/site.ac-martinique.fr\/pole-maths\/index.php?rest_route=\/wp\/v2\/posts\/4036","targetHints":{"allow":["GET"]}}],"collection":[{"href":"https:\/\/site.ac-martinique.fr\/pole-maths\/index.php?rest_route=\/wp\/v2\/posts"}],"about":[{"href":"https:\/\/site.ac-martinique.fr\/pole-maths\/index.php?rest_route=\/wp\/v2\/types\/post"}],"author":[{"embeddable":true,"href":"https:\/\/site.ac-martinique.fr\/pole-maths\/index.php?rest_route=\/wp\/v2\/users\/83"}],"replies":[{"embeddable":true,"href":"https:\/\/site.ac-martinique.fr\/pole-maths\/index.php?rest_route=%2Fwp%2Fv2%2Fcomments&post=4036"}],"version-history":[{"count":21,"href":"https:\/\/site.ac-martinique.fr\/pole-maths\/index.php?rest_route=\/wp\/v2\/posts\/4036\/revisions"}],"predecessor-version":[{"id":4885,"href":"https:\/\/site.ac-martinique.fr\/pole-maths\/index.php?rest_route=\/wp\/v2\/posts\/4036\/revisions\/4885"}],"wp:attachment":[{"href":"https:\/\/site.ac-martinique.fr\/pole-maths\/index.php?rest_route=%2Fwp%2Fv2%2Fmedia&parent=4036"}],"wp:term":[{"taxonomy":"category","embeddable":true,"href":"https:\/\/site.ac-martinique.fr\/pole-maths\/index.php?rest_route=%2Fwp%2Fv2%2Fcategories&post=4036"},{"taxonomy":"post_tag","embeddable":true,"href":"https:\/\/site.ac-martinique.fr\/pole-maths\/index.php?rest_route=%2Fwp%2Fv2%2Ftags&post=4036"}],"curies":[{"name":"wp","href":"https:\/\/api.w.org\/{rel}","templated":true}]}}