{"id":4153,"date":"2019-02-22T11:23:04","date_gmt":"2019-02-22T15:23:04","guid":{"rendered":"\/pole-maths\/?p=4153"},"modified":"2019-03-11T16:50:29","modified_gmt":"2019-03-11T20:50:29","slug":"semaine-des-mathematiques-2019","status":"publish","type":"post","link":"https:\/\/site.ac-martinique.fr\/pole-maths\/?p=4153","title":{"rendered":"Semaine des math\u00e9matiques 2019"},"content":{"rendered":"<p><a href=\"\/pole-maths\/wp-content\/uploads\/sites\/26\/2013\/11\/Semaine_maths_2019_1057745.189.jpg\"><img loading=\"lazy\" decoding=\"async\" class=\"alignleft wp-image-4142 size-thumbnail\" src=\"\/pole-maths\/wp-content\/uploads\/sites\/26\/2013\/11\/Semaine_maths_2019_1057745.189-106x150.jpg\" alt=\"\" width=\"106\" height=\"150\" srcset=\"https:\/\/site.ac-martinique.fr\/pole-maths\/wp-content\/uploads\/sites\/26\/2013\/11\/Semaine_maths_2019_1057745.189-106x150.jpg 106w, https:\/\/site.ac-martinique.fr\/pole-maths\/wp-content\/uploads\/sites\/26\/2013\/11\/Semaine_maths_2019_1057745.189-212x300.jpg 212w, https:\/\/site.ac-martinique.fr\/pole-maths\/wp-content\/uploads\/sites\/26\/2013\/11\/Semaine_maths_2019_1057745.189-724x1024.jpg 724w, https:\/\/site.ac-martinique.fr\/pole-maths\/wp-content\/uploads\/sites\/26\/2013\/11\/Semaine_maths_2019_1057745.189.jpg 740w\" sizes=\"auto, (max-width: 106px) 100vw, 106px\" \/><\/a>La Semaine des math\u00e9matiques aura lieu du\u00a0<strong>11 au 16 mars 2019<\/strong>. Le th\u00e8me de cette huiti\u00e8me \u00e9dition\u00a0<strong>\u00ab\u00a0Jouons ensemble aux math\u00e9matiques\u00a0\u00bb,\u00a0\u00a0<\/strong>pointe que le plaisir que peuvent procurer les math\u00e9matiques pourrait \u00eatre un plaisir partag\u00e9, voire collectif. C&rsquo;est sur cet aspect que le rapport Villani-Torossian insiste particuli\u00e8rement lorsqu&rsquo;il aborde pour les enseignants le d\u00e9veloppement collectif \u00e0 travers la discipline mais aussi la coop\u00e9ration entre \u00e9l\u00e8ves dans leur capacit\u00e9 \u00e0 mutualiser leurs efforts pour r\u00e9soudre des probl\u00e8mes s\u00e9rieux ou non\u00a0.\u00a0<strong>D\u00e9couvrez les jeux et d\u00e9fis du cycle 1 au cycle 3 \u00e0 t\u00e9l\u00e9charger ainsi que le programme.<\/strong><!--more--><\/p>\n<p>Une semaine pour renforcer l\u2019attractivit\u00e9 des math\u00e9matiques<\/p>\n<p>Le plaisir passe souvent par les jeux\u00a0:<\/p>\n<ul>\n<li>sur le nombre pour lui donner du sens,<\/li>\n<li>sur les concepts math\u00e9matiques pour s&rsquo;\u00e9merveiller de la vari\u00e9t\u00e9 des combinaisons possibles des r\u00e8gles,<\/li>\n<li>sur les infinis que permet d\u00e9j\u00e0 le simple algorithme de division,<\/li>\n<li>sur les paradoxes en tout genre pour surprendre les plus aguerris,<\/li>\n<li>sur les arguments logiques,<\/li>\n<li>sur les mots.<\/li>\n<\/ul>\n<p>Le jeu passe souvent par la manipulation d&rsquo;objets r\u00e9els ou virtuels, comme les jeux de donn\u00e9es.<\/p>\n<p>Les \u00e9coles et les \u00e9tablissements sont alors des lieux d&rsquo;exp\u00e9rimentation pour pouvoir mettre en place le triptyque \u00ab\u00a0manipuler, verbaliser, abstraire\u00a0\u00bb.<\/p>\n<p><strong>D\u00e9couvrez les d\u00e9fis des trois cycles en cliquant sur les images<\/strong><\/p>\n<p><a href=\"\/pole-maths\/wp-content\/uploads\/sites\/26\/2019\/02\/pr\u00e9sentation-semaine-pour-les-maternelles.pdf\" target=\"_blank\" rel=\"noopener noreferrer\"><img loading=\"lazy\" decoding=\"async\" class=\"aligncenter wp-image-4158 size-medium\" src=\"\/pole-maths\/wp-content\/uploads\/sites\/26\/2019\/02\/pr\u00e9sentation-cycle-1-1-228x300.jpg\" alt=\"\" width=\"228\" height=\"300\" srcset=\"https:\/\/site.ac-martinique.fr\/pole-maths\/wp-content\/uploads\/sites\/26\/2019\/02\/pr\u00e9sentation-cycle-1-1-228x300.jpg 228w, https:\/\/site.ac-martinique.fr\/pole-maths\/wp-content\/uploads\/sites\/26\/2019\/02\/pr\u00e9sentation-cycle-1-1-114x150.jpg 114w, https:\/\/site.ac-martinique.fr\/pole-maths\/wp-content\/uploads\/sites\/26\/2019\/02\/pr\u00e9sentation-cycle-1-1.jpg 544w\" sizes=\"auto, (max-width: 228px) 100vw, 228px\" \/><\/a><\/p>\n<p><a href=\"\/pole-maths\/wp-content\/uploads\/sites\/26\/2019\/02\/pr\u00e9sentation-semaine-pour-le-cycle-2.pdf\" target=\"_blank\" rel=\"noopener noreferrer\"><img loading=\"lazy\" decoding=\"async\" class=\"aligncenter wp-image-4159 size-medium\" src=\"\/pole-maths\/wp-content\/uploads\/sites\/26\/2019\/02\/pr\u00e9sentation-cycle-2-1-233x300.jpg\" alt=\"\" width=\"233\" height=\"300\" srcset=\"https:\/\/site.ac-martinique.fr\/pole-maths\/wp-content\/uploads\/sites\/26\/2019\/02\/pr\u00e9sentation-cycle-2-1-233x300.jpg 233w, https:\/\/site.ac-martinique.fr\/pole-maths\/wp-content\/uploads\/sites\/26\/2019\/02\/pr\u00e9sentation-cycle-2-1-117x150.jpg 117w, https:\/\/site.ac-martinique.fr\/pole-maths\/wp-content\/uploads\/sites\/26\/2019\/02\/pr\u00e9sentation-cycle-2-1.jpg 608w\" sizes=\"auto, (max-width: 233px) 100vw, 233px\" \/><\/a><\/p>\n<p><a href=\"\/pole-maths\/wp-content\/uploads\/sites\/26\/2019\/02\/pr\u00e9sentation-de-la-semaine-des-maths_-cycle-3_2019.pdf\" target=\"_blank\" rel=\"noopener noreferrer\"><img loading=\"lazy\" decoding=\"async\" class=\"aligncenter wp-image-4161 size-medium\" src=\"\/pole-maths\/wp-content\/uploads\/sites\/26\/2019\/02\/pr\u00e9sentation-cycle-3-1-211x300.jpg\" alt=\"\" width=\"211\" height=\"300\" srcset=\"https:\/\/site.ac-martinique.fr\/pole-maths\/wp-content\/uploads\/sites\/26\/2019\/02\/pr\u00e9sentation-cycle-3-1-211x300.jpg 211w, https:\/\/site.ac-martinique.fr\/pole-maths\/wp-content\/uploads\/sites\/26\/2019\/02\/pr\u00e9sentation-cycle-3-1-105x150.jpg 105w, https:\/\/site.ac-martinique.fr\/pole-maths\/wp-content\/uploads\/sites\/26\/2019\/02\/pr\u00e9sentation-cycle-3-1.jpg 590w\" sizes=\"auto, (max-width: 211px) 100vw, 211px\" \/><\/a><\/p>\n<p><strong>T\u00e9l\u00e9cha<\/strong><strong>rger les d\u00e9fis de la semaine.<\/strong><\/p>\n<p><a href=\"\/pole-maths\/wp-content\/uploads\/sites\/26\/2019\/02\/Semaine-des-maths-2019-cycle-1_2019.zip\" target=\"_blank\" rel=\"noopener noreferrer\">D\u00e9fis du <strong>cycle 1<\/strong>\u00a0<\/a><\/p>\n<p><a href=\"\/pole-maths\/wp-content\/uploads\/sites\/26\/2019\/02\/Semaine-des-maths-cycle-2_2019.zip\" target=\"_blank\" rel=\"noopener noreferrer\">D\u00e9fis du <strong>cycle 2<\/strong>\u00a0<\/a><\/p>\n<p><a href=\"\/pole-maths\/wp-content\/uploads\/sites\/26\/2019\/02\/semaine_des_maths_cycle-3_2019.zip\" target=\"_blank\" rel=\"noopener noreferrer\">D\u00e9fis du <strong>cycle 3<\/strong>\u00a0<\/a><\/p>\n<p><a href=\"\/pole-maths\/wp-content\/uploads\/sites\/26\/2019\/02\/19_semaine-des-maths_primaire_2019.zip\" target=\"_blank\" rel=\"noopener noreferrer\">D\u00e9fis des\u00a0<strong>trois cycles <\/strong>\u00a0<\/a><\/p>\n<h2><strong>Les temps forts de la semaine<\/strong><\/h2>\n<p><strong>Mardi 12 mars 2019\u00a0:<\/strong><\/p>\n<ul>\n<li><strong>17h\u00a0: jeux math\u00e9matiques \u00e0 l\u2019ESPE<\/strong><\/li>\n<\/ul>\n<ul>\n<li><strong>Conf\u00e9rences -questions tout public \u00ab\u00a0Jeux et math\u00e9matiques\u00a0\u00bb<\/strong>\u00a0de<strong>\u00a018h \u00e0 20h<\/strong>\u00a0\u00e0 la salle polyvalente de l\u2019<strong>ESPE<\/strong>, anim\u00e9e par\u00a0:<\/li>\n<\/ul>\n<p>\u2013 Groupe KABRIT BWA de l\u2019I.R.E.M. sur le jeu de S\u00e8bi et le jeu de ciseaux, pierre, feuille.<\/p>\n<p>\u2013 Monsieur Antoine EDOUARD, pr\u00e9sident du District de Bridge de Martinique sur l\u2019apport du jeu de Bridge aux math\u00e9matiques.<\/p>\n<p>\u2013 Monsieur Maximilian HASLER (Universit\u00e9 des Antilles) et des \u00e9tudiants de L3 du D.S.I. du Campus de Sch\u0153lcher sur la th\u00e9orie des jeux.<\/p>\n<p><strong>Samedi 17 mars 2018\u00a0:<\/strong><\/p>\n<ul>\n<li><strong>Animations\u00a0<\/strong>organis\u00e9es par l\u2019IREM des Antilles, l\u2019Association Promomaths, le Carbet des Sciences et la Kazajeux au\u00a0<strong>Centre Commercial \u00ab\u00a0la GALLERIA\u00a0\u00bb<\/strong>\u00a0de\u00a0<strong>9h<\/strong>\u00a0<strong>\u00e0 17h<\/strong>.<br \/>\n\u2013<strong>\u00a0jeux math\u00e9matiques et logiques\u00a0;<br \/>\n<\/strong>\u2013\u00a0<strong>concours de \u00ab\u00a0rubik\u2019s cube\u00a0\u00bb \u00e0 partir de 11h\u00a0<\/strong>;<br \/>\n\u2013\u00a0<strong>Initiation au Bridge<\/strong>\u00a0par les initiateurs du Club de bridge du District de Martinique de 14h \u00e0 17h.<\/li>\n<\/ul>\n<h1><strong>Le programme<\/strong><\/h1>\n<p><a href=\"\/pole-maths\/wp-content\/uploads\/sites\/26\/2019\/02\/Affiche-programme-Semaine-des-maths-2019-600x535.png\"><img loading=\"lazy\" decoding=\"async\" class=\"alignleft wp-image-4267 size-full\" src=\"\/pole-maths\/wp-content\/uploads\/sites\/26\/2019\/02\/Affiche-programme-Semaine-des-maths-2019-600x535.png\" alt=\"\" width=\"600\" height=\"535\" srcset=\"https:\/\/site.ac-martinique.fr\/pole-maths\/wp-content\/uploads\/sites\/26\/2019\/02\/Affiche-programme-Semaine-des-maths-2019-600x535.png 600w, https:\/\/site.ac-martinique.fr\/pole-maths\/wp-content\/uploads\/sites\/26\/2019\/02\/Affiche-programme-Semaine-des-maths-2019-600x535-150x134.png 150w, https:\/\/site.ac-martinique.fr\/pole-maths\/wp-content\/uploads\/sites\/26\/2019\/02\/Affiche-programme-Semaine-des-maths-2019-600x535-300x268.png 300w\" sizes=\"auto, (max-width: 600px) 100vw, 600px\" \/><\/a> <a href=\"\/pole-maths\/wp-content\/uploads\/sites\/26\/2019\/02\/Invitation-semaine-des-mathe\u0301matiques-2019-730x650.png\"><img loading=\"lazy\" decoding=\"async\" class=\"alignleft wp-image-4268 \" src=\"\/pole-maths\/wp-content\/uploads\/sites\/26\/2019\/02\/Invitation-semaine-des-mathe\u0301matiques-2019-730x650.png\" alt=\"\" width=\"607\" height=\"541\" srcset=\"https:\/\/site.ac-martinique.fr\/pole-maths\/wp-content\/uploads\/sites\/26\/2019\/02\/Invitation-semaine-des-mathe\u0301matiques-2019-730x650.png 730w, https:\/\/site.ac-martinique.fr\/pole-maths\/wp-content\/uploads\/sites\/26\/2019\/02\/Invitation-semaine-des-mathe\u0301matiques-2019-730x650-150x134.png 150w, https:\/\/site.ac-martinique.fr\/pole-maths\/wp-content\/uploads\/sites\/26\/2019\/02\/Invitation-semaine-des-mathe\u0301matiques-2019-730x650-300x267.png 300w\" sizes=\"auto, (max-width: 607px) 100vw, 607px\" \/><\/a><\/p>\n<p>&nbsp;<\/p>\n","protected":false},"excerpt":{"rendered":"<p>La Semaine des math\u00e9matiques aura lieu du\u00a011 au 16 mars 2019. Le th\u00e8me de cette huiti\u00e8me \u00e9dition\u00a0\u00ab\u00a0Jouons ensemble aux math\u00e9matiques\u00a0\u00bb,\u00a0\u00a0pointe que le plaisir que peuvent procurer les math\u00e9matiques pourrait \u00eatre un plaisir partag\u00e9, voire collectif. C&rsquo;est sur cet aspect que&#8230; <a class=\"more-link\" href=\"https:\/\/site.ac-martinique.fr\/pole-maths\/?p=4153\">Continue Reading &rarr;<\/a><\/p>\n","protected":false},"author":83,"featured_media":0,"comment_status":"closed","ping_status":"closed","sticky":false,"template":"","format":"standard","meta":{"footnotes":""},"categories":[47,48,45,40,53,46,61,111,62],"tags":[],"class_list":["post-4153","post","type-post","status-publish","format-standard","hentry","category-cycle2","category-cycle3","category-cycles","category-domaines-mathematiques","category-jeu-mathematiques","category-cycle1","category-operations-de-valorisation","category-resolution-de-problemes-2","category-semaine-des-mathematiques-operations-de-valorisation"],"_links":{"self":[{"href":"https:\/\/site.ac-martinique.fr\/pole-maths\/index.php?rest_route=\/wp\/v2\/posts\/4153","targetHints":{"allow":["GET"]}}],"collection":[{"href":"https:\/\/site.ac-martinique.fr\/pole-maths\/index.php?rest_route=\/wp\/v2\/posts"}],"about":[{"href":"https:\/\/site.ac-martinique.fr\/pole-maths\/index.php?rest_route=\/wp\/v2\/types\/post"}],"author":[{"embeddable":true,"href":"https:\/\/site.ac-martinique.fr\/pole-maths\/index.php?rest_route=\/wp\/v2\/users\/83"}],"replies":[{"embeddable":true,"href":"https:\/\/site.ac-martinique.fr\/pole-maths\/index.php?rest_route=%2Fwp%2Fv2%2Fcomments&post=4153"}],"version-history":[{"count":9,"href":"https:\/\/site.ac-martinique.fr\/pole-maths\/index.php?rest_route=\/wp\/v2\/posts\/4153\/revisions"}],"predecessor-version":[{"id":4269,"href":"https:\/\/site.ac-martinique.fr\/pole-maths\/index.php?rest_route=\/wp\/v2\/posts\/4153\/revisions\/4269"}],"wp:attachment":[{"href":"https:\/\/site.ac-martinique.fr\/pole-maths\/index.php?rest_route=%2Fwp%2Fv2%2Fmedia&parent=4153"}],"wp:term":[{"taxonomy":"category","embeddable":true,"href":"https:\/\/site.ac-martinique.fr\/pole-maths\/index.php?rest_route=%2Fwp%2Fv2%2Fcategories&post=4153"},{"taxonomy":"post_tag","embeddable":true,"href":"https:\/\/site.ac-martinique.fr\/pole-maths\/index.php?rest_route=%2Fwp%2Fv2%2Ftags&post=4153"}],"curies":[{"name":"wp","href":"https:\/\/api.w.org\/{rel}","templated":true}]}}