{"id":418,"date":"2013-12-12T11:07:22","date_gmt":"2013-12-12T15:07:22","guid":{"rendered":"\/pole-maths\/?p=418"},"modified":"2014-01-30T12:19:34","modified_gmt":"2014-01-30T16:19:34","slug":"trimestre-conferencier","status":"publish","type":"post","link":"https:\/\/site.ac-martinique.fr\/pole-maths\/?p=418","title":{"rendered":"Trimestre des math\u00e9matiques &#8211; conf\u00e9renciers"},"content":{"rendered":"<p><img loading=\"lazy\" decoding=\"async\" class=\"alignleft\" src=\"https:\/\/lh5.googleusercontent.com\/E82g36Z3p7EdKXFZKazy9mL3JJjQ0jdTlJ-CE_g86fU=w268-h200-p-no\" alt=\"\" width=\"124\" height=\"100\" \/>L&rsquo;article pr\u00e9sente les trois didacticiens invit\u00e9s lors du<strong>\u00a0trimestre des math\u00e9matiques<\/strong>\u00a0qui a eu lieu de janvier \u00e0 mars 2012: <strong>Thierry Dias, Georges Combier et Josiane H\u00e9layel. \u00a0<img decoding=\"async\" src=\"\/pole-maths\/wp-includes\/js\/tinymce\/plugins\/wordpress\/img\/trans.gif\" alt=\"\" \/><!--more--><\/strong><\/p>\n<h1 style=\"text-align: center\"><strong>Trimestre des math\u00e9matiques \u00a0janvier-mars 2012 &#8211; les conf\u00e9renciers<\/strong><\/h1>\n<table style=\"border-color: #ffd6ad;border-width: 3px\" border=\"3\" align=\"center\">\n<tbody>\n<tr>\n<td style=\"border: 3px solid #ffd6ad\" scope=\"col\" align=\"center\" valign=\"middle\"><strong>Thierry Dias<\/strong><strong>\u00a0<\/strong><img loading=\"lazy\" decoding=\"async\" src=\"https:\/\/lh4.googleusercontent.com\/0ODGP2PqvSdk9ZSLnxN3iktqON1CAaIpnC1ro5lYRw=w150-h113-p-no\" alt=\"Thierry Dias\" width=\"150\" height=\"113\" \/><\/td>\n<td style=\"border: 3px solid #ffd6ad\" scope=\"col\" align=\"center\" valign=\"middle\">Chercheur \u00e0 la HEP de Lausanne.Il est titulaire d\u2019un Master en Construction des savoirs scientifiques et Docteur en didactique des math\u00e9matiques. Ses domaines pr\u00e9f\u00e9r\u00e9s en maths sont : la g\u00e9om\u00e9trie dans l&rsquo;espace, Raisonnement et arithm\u00e9tique Math\u00e9matiques appliqu\u00e9es : informatique. \u00a0Ouvrages\u00a0: s\u00e9rie La tribu des maths, Magnard \u00a0 \u00a0 \u00a0 \u00a0 \u00a0 \u00a0 \u00a0 \u00a0 \u00a0 \u00a0 \u00a0 \u00a0 \u00a0 \u00a0 \u00a0 \u00a0 \u00a0 \u00a0 \u00a0 \u00a0 \u00a0 \u00a0 \u00a0<a href=\"\/pole-maths\/?p=474\" target=\"_blank\"><strong>Dire et \u00e9crire en math\u00e9matiques: la place des activit\u00e9s langagi\u00e8res dans la construction des connaissances math\u00e9matiques \u00e0 l&rsquo;\u00e9cole<\/strong><\/a><\/td>\n<\/tr>\n<tr>\n<td style=\"border: 3px solid #ffd6ad\" scope=\"col\" align=\"center\" valign=\"middle\"><strong>Georges Combier<\/strong><img loading=\"lazy\" decoding=\"async\" src=\"https:\/\/lh3.googleusercontent.com\/9MO5leE8LWFFAas7z_A3xL9xliIgW1I1cZI-taFjTA=w150-h113-p-no\" alt=\"Georges Combier\" width=\"150\" height=\"113\" \/><\/td>\n<td style=\"border: 3px solid #ffd6ad\" scope=\"col\" align=\"center\" valign=\"middle\">Professeur agr\u00e9g\u00e9 de math\u00e9matiques,en poste \u00e0 l\u2019IUFM de Lyon. Participe au groupe ERMEL-INRP avec Charnay. Sp\u00e9cialiste de la partie g\u00e9om\u00e9trie. Ouvrage\u00a0: s\u00e9rie cap maths- Hatier \u00a0 \u00a0 \u00a0 \u00a0 \u00a0 \u00a0 \u00a0 \u00a0 \u00a0 \u00a0 \u00a0 \u00a0 \u00a0 \u00a0 \u00a0 \u00a0 \u00a0 \u00a0 \u00a0 \u00a0 \u00a0 \u00a0 \u00a0 \u00a0 \u00a0 \u00a0 \u00a0 \u00a0 \u00a0 \u00a0 \u00a0 \u00a0 \u00a0 \u00a0 \u00a0 \u00a0 \u00a0 \u00a0 \u00a0 \u00a0 \u00a0 \u00a0 \u00a0 \u00a0 \u00a0 \u00a0 \u00a0 \u00a0 \u00a0 \u00a0 \u00a0 \u00a0 \u00a0 \u00a0 \u00a0 \u00a0 \u00a0 \u00a0 \u00a0 \u00a0 \u00a0 \u00a0\u00a0<strong>\u00a0<a title=\"Les conf\u00e9rences\" href=\"\/pole-maths\/?p=474\" target=\"_blank\">L\u2019enseignement de la g\u00e9om\u00e9trie aux cycles 2 et 3<\/a><\/strong><\/td>\n<\/tr>\n<tr>\n<td style=\"border: 3px solid #ffd6ad\" scope=\"col\" align=\"center\" valign=\"middle\">\u00a0<strong>Josiane H\u00e9layel<\/strong><img loading=\"lazy\" decoding=\"async\" src=\"https:\/\/lh3.googleusercontent.com\/xF7aSNHzE1XB_tPMnjiN7RDmjydKOg3lY_Mr11AUWQ=w122-h150-p-no\" alt=\"Josiane H\u00e9layel\" width=\"122\" height=\"150\" \/><\/td>\n<td style=\"border: 3px solid #ffd6ad\" scope=\"col\" align=\"center\" valign=\"middle\">\u00a0Professeure agr\u00e9g\u00e9e de math\u00e9matiques, en poste \u00e0 l\u2019IUFM d\u2019Antony depuis 1993. Elle intervient plus particuli\u00e8rement\u00a0 sur la place et le r\u00f4le du jeu dans la p\u00e9dagogie des math\u00e9matiques, tant du point de vue th\u00e9orique que du point de vue pratique. Depuis plusieurs ann\u00e9es, elle s\u2019implique aussi dans la formation des enseignants sp\u00e9cialis\u00e9s et est donc engag\u00e9e dans l\u2019aide aux \u00e9l\u00e8ves en difficult\u00e9. Ouvrages : 100 id\u00e9es pour aider les \u00e9l\u00e8ves dyscalculiques- Tom Pousse (septembre 2011) S\u00e9rie Au rythme des maths- Bordas Situations- jeux en maternelle- Retz \u00a0 \u00a0 \u00a0 \u00a0 \u00a0 \u00a0 \u00a0 \u00a0 \u00a0 \u00a0 \u00a0 \u00a0 \u00a0 \u00a0 \u00a0 \u00a0 \u00a0 \u00a0 \u00a0 \u00a0 \u00a0 \u00a0 \u00a0 \u00a0 \u00a0 \u00a0 \u00a0 \u00a0 \u00a0 \u00a0 \u00a0 \u00a0 \u00a0 \u00a0 \u00a0 \u00a0 \u00a0 \u00a0 \u00a0 \u00a0 \u00a0 \u00a0 \u00a0 \u00a0 \u00a0 \u00a0 \u00a0 \u00a0 \u00a0 \u00a0 \u00a0 \u00a0 \u00a0 \u00a0 \u00a0 \u00a0 \u00a0 \u00a0 \u00a0<strong><a title=\"Conf\u00e9rences\" href=\"\/pole-maths\/?p=474\" target=\"_blank\">R\u00f4le et place de la r\u00e9solution de probl\u00e8mes dans les apprentissages math\u00e9matiques \u00a0 \u00a0 \u00a0 \u00a0 \u00a0 C2 et C3<\/a><\/strong><\/td>\n<\/tr>\n<\/tbody>\n<\/table>\n<p><span style=\"font-size: large\"><a title=\"contenu des interventions\" href=\"\/pole-maths\/trimestre-des-\u20262-presentation\/ \u200e\">Contenu des interventions<\/a><\/span><\/p>\n","protected":false},"excerpt":{"rendered":"<p>L&rsquo;article pr\u00e9sente les trois didacticiens invit\u00e9s lors du\u00a0trimestre des math\u00e9matiques\u00a0qui a eu lieu de janvier \u00e0 mars 2012: Thierry Dias, Georges Combier et Josiane H\u00e9layel. \u00a0<\/p>\n","protected":false},"author":83,"featured_media":0,"comment_status":"closed","ping_status":"closed","sticky":false,"template":"","format":"standard","meta":{"footnotes":""},"categories":[47,48,105,72,44,28,41,43,73],"tags":[77,75,80,38,76,78,79],"class_list":["post-418","post","type-post","status-publish","format-standard","hentry","category-cycle2","category-cycle3","category-enseignement-des-mathematiques","category-formation","category-geometrie-domaines-mathematiques","category-mission","category-nombresetcalcul","category-organisation-et-gestion-de-donnees","category-trimestre-mathematiques","tag-conference","tag-didactique","tag-formation-2","tag-geometrie","tag-intervenant","tag-resolution-de-problemes","tag-vocabulaire"],"_links":{"self":[{"href":"https:\/\/site.ac-martinique.fr\/pole-maths\/index.php?rest_route=\/wp\/v2\/posts\/418","targetHints":{"allow":["GET"]}}],"collection":[{"href":"https:\/\/site.ac-martinique.fr\/pole-maths\/index.php?rest_route=\/wp\/v2\/posts"}],"about":[{"href":"https:\/\/site.ac-martinique.fr\/pole-maths\/index.php?rest_route=\/wp\/v2\/types\/post"}],"author":[{"embeddable":true,"href":"https:\/\/site.ac-martinique.fr\/pole-maths\/index.php?rest_route=\/wp\/v2\/users\/83"}],"replies":[{"embeddable":true,"href":"https:\/\/site.ac-martinique.fr\/pole-maths\/index.php?rest_route=%2Fwp%2Fv2%2Fcomments&post=418"}],"version-history":[{"count":64,"href":"https:\/\/site.ac-martinique.fr\/pole-maths\/index.php?rest_route=\/wp\/v2\/posts\/418\/revisions"}],"predecessor-version":[{"id":1155,"href":"https:\/\/site.ac-martinique.fr\/pole-maths\/index.php?rest_route=\/wp\/v2\/posts\/418\/revisions\/1155"}],"wp:attachment":[{"href":"https:\/\/site.ac-martinique.fr\/pole-maths\/index.php?rest_route=%2Fwp%2Fv2%2Fmedia&parent=418"}],"wp:term":[{"taxonomy":"category","embeddable":true,"href":"https:\/\/site.ac-martinique.fr\/pole-maths\/index.php?rest_route=%2Fwp%2Fv2%2Fcategories&post=418"},{"taxonomy":"post_tag","embeddable":true,"href":"https:\/\/site.ac-martinique.fr\/pole-maths\/index.php?rest_route=%2Fwp%2Fv2%2Ftags&post=418"}],"curies":[{"name":"wp","href":"https:\/\/api.w.org\/{rel}","templated":true}]}}