{"id":2828,"date":"2024-06-28T03:24:46","date_gmt":"2024-06-28T02:24:46","guid":{"rendered":"https:\/\/site.ac-martinique.fr\/sbssa\/?p=2828"},"modified":"2024-06-28T16:23:24","modified_gmt":"2024-06-28T15:23:24","slug":"la-securite-sociale-ma-sante-et-moi","status":"publish","type":"post","link":"https:\/\/site.ac-martinique.fr\/sbssa\/la-securite-sociale-ma-sante-et-moi\/","title":{"rendered":"La s\u00e9curit\u00e9 sociale, ma sant\u00e9 et moi"},"content":{"rendered":"\n<figure class=\"wp-block-image aligncenter size-large is-resized\"><img loading=\"lazy\" decoding=\"async\" width=\"400\" height=\"226\" src=\"https:\/\/site.ac-martinique.fr\/sbssa\/wp-content\/uploads\/sites\/21\/2024\/06\/unnamed-400x226.png\" alt=\"\" class=\"wp-image-2829\" style=\"width:301px;height:auto\" srcset=\"https:\/\/site.ac-martinique.fr\/sbssa\/wp-content\/uploads\/sites\/21\/2024\/06\/unnamed-400x226.png 400w, https:\/\/site.ac-martinique.fr\/sbssa\/wp-content\/uploads\/sites\/21\/2024\/06\/unnamed-200x113.png 200w, https:\/\/site.ac-martinique.fr\/sbssa\/wp-content\/uploads\/sites\/21\/2024\/06\/unnamed.png 436w\" sizes=\"auto, (max-width: 400px) 100vw, 400px\" \/><\/figure>\n\n\n\n<p style=\"line-height:1.6\"><strong>Le module \u00ab&nbsp;La s\u00e9curit\u00e9 sociale, ma sant\u00e9 et moi&nbsp;\u00bb<\/strong>&nbsp;mis en place par l\u2019Assurance maladie pr\u00e9sente&nbsp;<strong>le syst\u00e8me fran\u00e7ais de protection sociale<\/strong>,&nbsp;<strong>ses principes et ses valeurs<\/strong>&nbsp;et donne&nbsp;<strong>des rep\u00e8res aux \u00e9l\u00e8ves<\/strong>&nbsp;(de la Terminale au Bac +1 &#8211; Bac +2) pour s\u2019orienter dans le syst\u00e8me de sant\u00e9 et pour les sensibiliser aux droits dont ils b\u00e9n\u00e9ficient et aux d\u00e9marches.<\/p>\n\n\n\n<p style=\"line-height:1.6\">Dans un double objectif d\u2019\u00e9galit\u00e9 des chances et de sant\u00e9 publique, le d\u00e9ploiement du module p\u00e9dagogique \u00e0 tous les \u00e9tablissements volontaires vise \u00e0 favoriser une meilleure appropriation du fonctionnement du syst\u00e8me de sant\u00e9 et \u00e0 lutter contre le non-recours des jeunes adultes aux soins en les rendant plus autonomes dans l\u2019administration de leur sant\u00e9.<\/p>\n\n\n\n<p style=\"line-height:1.6\">Pour aider les \u00e9quipes p\u00e9dagogiques et mettre en \u0153uvre les modules de formation,  des&nbsp;<strong>outils p\u00e9dagogiques<\/strong>&nbsp;ont \u00e9t\u00e9 r\u00e9alis\u00e9s par les \u00e9quipes de la direction g\u00e9n\u00e9rale de l\u2019enseignement scolaire (DGESCO), par l\u2019\u00c9cole nationale sup\u00e9rieure de s\u00e9curit\u00e9 sociale (EN3S) et par l\u2019Assurance Maladie.<\/p>\n\n\n\n<p style=\"line-height:1.6\">Vous pourrez retrouver l&rsquo;ensemble des documents d&rsquo;accompagnement sur le site ameli via le lien <a href=\"https:\/\/www.assurance-maladie.ameli.fr\/qui-sommes-nous\/partenaires-solidarite\/etre-partenaire\/outils-et-services-pour-les-partenaires\/partenaires-education-nationale-outils\">\u00ab\u00a0La s\u00e9curit\u00e9 sociale, ma sant\u00e9 et moi\u00a0\u00bb<\/a>.<\/p>\n\n\n\n<p style=\"line-height:1.6\">Une formation e-learning destin\u00e9e directement aux jeunes est \u00e9galement propos\u00e9e avec 2 modules : <a href=\"https:\/\/www.assurance-maladie.ameli.fr\/qui-sommes-nous\/partenaires-solidarite\/etre-partenaire\/outils-et-services-pour-les-partenaires\/e-learning-jeunes-assurance-maladie\">Formation e-learning ameli<\/a>.<\/p>\n\n\n\n<p style=\"line-height:1.6\">La fiche de pr\u00e9sentation synth\u00e9tique du module est disponible ci-dessous:<\/p>\n\n\n\n<div data-wp-interactive=\"core\/file\" class=\"wp-block-file\"><object data-wp-bind--hidden=\"!state.hasPdfPreview\" hidden class=\"wp-block-file__embed\" data=\"https:\/\/site.ac-martinique.fr\/sbssa\/wp-content\/uploads\/sites\/21\/2024\/06\/faq-_reorganisation-bac-professionnel.pdf\" type=\"application\/pdf\" style=\"width:100%;height:570px\" aria-label=\"Contenu embarqu\u00e9 faq-_reorganisation-bac-professionnel.\"><\/object><a id=\"wp-block-file--media-0ca6a489-0c4a-4fec-94ec-3d5d3b087c34\" href=\"https:\/\/site.ac-martinique.fr\/sbssa\/wp-content\/uploads\/sites\/21\/2024\/06\/faq-_reorganisation-bac-professionnel.pdf\">faq-_reorganisation-bac-professionnel<\/a><a href=\"https:\/\/site.ac-martinique.fr\/sbssa\/wp-content\/uploads\/sites\/21\/2024\/06\/faq-_reorganisation-bac-professionnel.pdf\" class=\"wp-block-file__button wp-element-button\" download aria-describedby=\"wp-block-file--media-0ca6a489-0c4a-4fec-94ec-3d5d3b087c34\">T\u00e9l\u00e9charger<\/a><\/div>\n","protected":false},"excerpt":{"rendered":"<p>Le module \u00ab&nbsp;La s\u00e9curit\u00e9 sociale, ma sant\u00e9 et moi&nbsp;\u00bb&nbsp;mis en place par l\u2019Assurance maladie pr\u00e9sente&nbsp;le syst\u00e8me fran\u00e7ais de protection sociale,&nbsp;ses principes et ses valeurs&nbsp;et donne&nbsp;des rep\u00e8res aux \u00e9l\u00e8ves&nbsp;(de la Terminale au Bac +1 &#8211; Bac +2) pour s\u2019orienter dans le syst\u00e8me de sant\u00e9 et pour les sensibiliser aux droits dont ils b\u00e9n\u00e9ficient et aux d\u00e9marches. [&hellip;]<\/p>\n","protected":false},"author":454,"featured_media":2830,"comment_status":"open","ping_status":"open","sticky":false,"template":"","format":"standard","meta":{"_uag_custom_page_level_css":"","site-sidebar-layout":"default","site-content-layout":"","ast-site-content-layout":"default","site-content-style":"default","site-sidebar-style":"default","ast-global-header-display":"","ast-banner-title-visibility":"","ast-main-header-display":"","ast-hfb-above-header-display":"","ast-hfb-below-header-display":"","ast-hfb-mobile-header-display":"","site-post-title":"","ast-breadcrumbs-content":"","ast-featured-img":"","footer-sml-layout":"","ast-disable-related-posts":"","theme-transparent-header-meta":"","adv-header-id-meta":"","stick-header-meta":"","header-above-stick-meta":"","header-main-stick-meta":"","header-below-stick-meta":"","astra-migrate-meta-layouts":"default","ast-page-background-enabled":"default","ast-page-background-meta":{"desktop":{"background-color":"var(--ast-global-color-4)","background-image":"","background-repeat":"repeat","background-position":"center center","background-size":"auto","background-attachment":"scroll","background-type":"","background-media":"","overlay-type":"","overlay-color":"","overlay-opacity":"","overlay-gradient":""},"tablet":{"background-color":"","background-image":"","background-repeat":"repeat","background-position":"center center","background-size":"auto","background-attachment":"scroll","background-type":"","background-media":"","overlay-type":"","overlay-color":"","overlay-opacity":"","overlay-gradient":""},"mobile":{"background-color":"","background-image":"","background-repeat":"repeat","background-position":"center center","background-size":"auto","background-attachment":"scroll","background-type":"","background-media":"","overlay-type":"","overlay-color":"","overlay-opacity":"","overlay-gradient":""}},"ast-content-background-meta":{"desktop":{"background-color":"var(--ast-global-color-5)","background-image":"","background-repeat":"repeat","background-position":"center center","background-size":"auto","background-attachment":"scroll","background-type":"","background-media":"","overlay-type":"","overlay-color":"","overlay-opacity":"","overlay-gradient":""},"tablet":{"background-color":"var(--ast-global-color-5)","background-image":"","background-repeat":"repeat","background-position":"center center","background-size":"auto","background-attachment":"scroll","background-type":"","background-media":"","overlay-type":"","overlay-color":"","overlay-opacity":"","overlay-gradient":""},"mobile":{"background-color":"var(--ast-global-color-5)","background-image":"","background-repeat":"repeat","background-position":"center center","background-size":"auto","background-attachment":"scroll","background-type":"","background-media":"","overlay-type":"","overlay-color":"","overlay-opacity":"","overlay-gradient":""}},"footnotes":""},"categories":[111,131],"tags":[149,148,147],"class_list":["post-2828","post","type-post","status-publish","format-standard","has-post-thumbnail","hentry","category-actualites-divers","category-informations-divers","tag-formation","tag-protection","tag-sante"],"uagb_featured_image_src":{"full":["https:\/\/site.ac-martinique.fr\/sbssa\/wp-content\/uploads\/sites\/21\/2024\/06\/untitled_1-3-42918.png",200,177,false],"thumbnail":["https:\/\/site.ac-martinique.fr\/sbssa\/wp-content\/uploads\/sites\/21\/2024\/06\/untitled_1-3-42918-100x100.png",100,100,true],"medium":["https:\/\/site.ac-martinique.fr\/sbssa\/wp-content\/uploads\/sites\/21\/2024\/06\/untitled_1-3-42918.png",200,177,false],"medium_large":["https:\/\/site.ac-martinique.fr\/sbssa\/wp-content\/uploads\/sites\/21\/2024\/06\/untitled_1-3-42918.png",200,177,false],"large":["https:\/\/site.ac-martinique.fr\/sbssa\/wp-content\/uploads\/sites\/21\/2024\/06\/untitled_1-3-42918.png",200,177,false],"1536x1536":["https:\/\/site.ac-martinique.fr\/sbssa\/wp-content\/uploads\/sites\/21\/2024\/06\/untitled_1-3-42918.png",200,177,false],"2048x2048":["https:\/\/site.ac-martinique.fr\/sbssa\/wp-content\/uploads\/sites\/21\/2024\/06\/untitled_1-3-42918.png",200,177,false]},"uagb_author_info":{"display_name":"Delhia PETRICIEN","author_link":"https:\/\/site.ac-martinique.fr\/sbssa\/author\/dpetricien\/"},"uagb_comment_info":0,"uagb_excerpt":"Le module \u00ab&nbsp;La s\u00e9curit\u00e9 sociale, ma sant\u00e9 et moi&nbsp;\u00bb&nbsp;mis en place par l\u2019Assurance maladie pr\u00e9sente&nbsp;le syst\u00e8me fran\u00e7ais de protection sociale,&nbsp;ses principes et ses valeurs&nbsp;et donne&nbsp;des rep\u00e8res aux \u00e9l\u00e8ves&nbsp;(de la Terminale au Bac +1 &#8211; Bac +2) pour s\u2019orienter dans le syst\u00e8me de sant\u00e9 et pour les sensibiliser aux droits dont ils b\u00e9n\u00e9ficient et aux d\u00e9marches.\u2026","_links":{"self":[{"href":"https:\/\/site.ac-martinique.fr\/sbssa\/wp-json\/wp\/v2\/posts\/2828","targetHints":{"allow":["GET"]}}],"collection":[{"href":"https:\/\/site.ac-martinique.fr\/sbssa\/wp-json\/wp\/v2\/posts"}],"about":[{"href":"https:\/\/site.ac-martinique.fr\/sbssa\/wp-json\/wp\/v2\/types\/post"}],"author":[{"embeddable":true,"href":"https:\/\/site.ac-martinique.fr\/sbssa\/wp-json\/wp\/v2\/users\/454"}],"replies":[{"embeddable":true,"href":"https:\/\/site.ac-martinique.fr\/sbssa\/wp-json\/wp\/v2\/comments?post=2828"}],"version-history":[{"count":2,"href":"https:\/\/site.ac-martinique.fr\/sbssa\/wp-json\/wp\/v2\/posts\/2828\/revisions"}],"predecessor-version":[{"id":2833,"href":"https:\/\/site.ac-martinique.fr\/sbssa\/wp-json\/wp\/v2\/posts\/2828\/revisions\/2833"}],"wp:featuredmedia":[{"embeddable":true,"href":"https:\/\/site.ac-martinique.fr\/sbssa\/wp-json\/wp\/v2\/media\/2830"}],"wp:attachment":[{"href":"https:\/\/site.ac-martinique.fr\/sbssa\/wp-json\/wp\/v2\/media?parent=2828"}],"wp:term":[{"taxonomy":"category","embeddable":true,"href":"https:\/\/site.ac-martinique.fr\/sbssa\/wp-json\/wp\/v2\/categories?post=2828"},{"taxonomy":"post_tag","embeddable":true,"href":"https:\/\/site.ac-martinique.fr\/sbssa\/wp-json\/wp\/v2\/tags?post=2828"}],"curies":[{"name":"wp","href":"https:\/\/api.w.org\/{rel}","templated":true}]}}