{"id":2843,"date":"2024-07-12T20:47:58","date_gmt":"2024-07-12T19:47:58","guid":{"rendered":"https:\/\/site.ac-martinique.fr\/sbssa\/?p=2843"},"modified":"2024-07-12T21:22:21","modified_gmt":"2024-07-12T20:22:21","slug":"realisation-du-projet-en-bac-pro","status":"publish","type":"post","link":"https:\/\/site.ac-martinique.fr\/sbssa\/realisation-du-projet-en-bac-pro\/","title":{"rendered":"REALISATION DU PROJET EN BAC PRO"},"content":{"rendered":"\n<figure class=\"wp-block-image aligncenter size-large is-resized\"><img loading=\"lazy\" decoding=\"async\" width=\"400\" height=\"284\" src=\"https:\/\/site.ac-martinique.fr\/sbssa\/wp-content\/uploads\/sites\/21\/2024\/07\/Capture-decran-2024-07-12-154127-400x284.png\" alt=\"\" class=\"wp-image-2844\" style=\"width:315px;height:auto\" srcset=\"https:\/\/site.ac-martinique.fr\/sbssa\/wp-content\/uploads\/sites\/21\/2024\/07\/Capture-decran-2024-07-12-154127-400x284.png 400w, https:\/\/site.ac-martinique.fr\/sbssa\/wp-content\/uploads\/sites\/21\/2024\/07\/Capture-decran-2024-07-12-154127-200x142.png 200w, https:\/\/site.ac-martinique.fr\/sbssa\/wp-content\/uploads\/sites\/21\/2024\/07\/Capture-decran-2024-07-12-154127.png 436w\" sizes=\"auto, (max-width: 400px) 100vw, 400px\" \/><\/figure>\n\n\n\n<p style=\"line-height:1.6\">Dans le BO n\u00b028 du 11 juillet 2024, retrouvez les modalit\u00e9s de r\u00e9alisation et d&rsquo;\u00e9valuation du projet en Bac Professionnel d\u00e8s la session 2025. Pour rappel, le Projet se fera en lieu et place du chef d\u2019\u0153uvre d\u00e8s la rentr\u00e9e scolaire 2024. <\/p>\n\n\n\n<p style=\"line-height:1.5\">Le texte pr\u00e9sente les axes suivants :<\/p>\n\n\n\n<ul class=\"wp-block-list\">\n<li>D\u00e9finition de la r\u00e9alisation d&rsquo;un projet<\/li>\n\n\n\n<li>Emergence et le suici de r\u00e9alisation du projet<\/li>\n\n\n\n<li>Evaluation de la r\u00e9alisation du projet (livret et oral)<\/li>\n\n\n\n<li>Int\u00e9gration de la note relative au projet<\/li>\n\n\n\n<li>Situations de scolarit\u00e9s particuli\u00e8res<\/li>\n<\/ul>\n\n\n\n<p>Le texte est visible via le lien suivant : <a href=\"https:\/\/www.education.gouv.fr\/bo\/2024\/Hebdo28\/MENE2416916C\">R\u00e9alisation du projet au Baccalaur\u00e9at Professionnel et modalit\u00e9s d&rsquo;\u00e9valuation \u00e0 l&rsquo;examen<\/a> <\/p>\n","protected":false},"excerpt":{"rendered":"<p>Dans le BO n\u00b028 du 11 juillet 2024, retrouvez les modalit\u00e9s de r\u00e9alisation et d&rsquo;\u00e9valuation du projet en Bac Professionnel d\u00e8s la session 2025. Pour rappel, le Projet se fera en lieu et place du chef d\u2019\u0153uvre d\u00e8s la rentr\u00e9e scolaire 2024. Le texte pr\u00e9sente les axes suivants : Le texte est visible via le [&hellip;]<\/p>\n","protected":false},"author":454,"featured_media":2791,"comment_status":"closed","ping_status":"closed","sticky":false,"template":"","format":"standard","meta":{"_uag_custom_page_level_css":"","site-sidebar-layout":"default","site-content-layout":"","ast-site-content-layout":"default","site-content-style":"default","site-sidebar-style":"default","ast-global-header-display":"","ast-banner-title-visibility":"","ast-main-header-display":"","ast-hfb-above-header-display":"","ast-hfb-below-header-display":"","ast-hfb-mobile-header-display":"","site-post-title":"","ast-breadcrumbs-content":"","ast-featured-img":"","footer-sml-layout":"","ast-disable-related-posts":"","theme-transparent-header-meta":"","adv-header-id-meta":"","stick-header-meta":"","header-above-stick-meta":"","header-main-stick-meta":"","header-below-stick-meta":"","astra-migrate-meta-layouts":"default","ast-page-background-enabled":"default","ast-page-background-meta":{"desktop":{"background-color":"var(--ast-global-color-4)","background-image":"","background-repeat":"repeat","background-position":"center center","background-size":"auto","background-attachment":"scroll","background-type":"","background-media":"","overlay-type":"","overlay-color":"","overlay-opacity":"","overlay-gradient":""},"tablet":{"background-color":"","background-image":"","background-repeat":"repeat","background-position":"center center","background-size":"auto","background-attachment":"scroll","background-type":"","background-media":"","overlay-type":"","overlay-color":"","overlay-opacity":"","overlay-gradient":""},"mobile":{"background-color":"","background-image":"","background-repeat":"repeat","background-position":"center center","background-size":"auto","background-attachment":"scroll","background-type":"","background-media":"","overlay-type":"","overlay-color":"","overlay-opacity":"","overlay-gradient":""}},"ast-content-background-meta":{"desktop":{"background-color":"var(--ast-global-color-5)","background-image":"","background-repeat":"repeat","background-position":"center center","background-size":"auto","background-attachment":"scroll","background-type":"","background-media":"","overlay-type":"","overlay-color":"","overlay-opacity":"","overlay-gradient":""},"tablet":{"background-color":"var(--ast-global-color-5)","background-image":"","background-repeat":"repeat","background-position":"center center","background-size":"auto","background-attachment":"scroll","background-type":"","background-media":"","overlay-type":"","overlay-color":"","overlay-opacity":"","overlay-gradient":""},"mobile":{"background-color":"var(--ast-global-color-5)","background-image":"","background-repeat":"repeat","background-position":"center center","background-size":"auto","background-attachment":"scroll","background-type":"","background-media":"","overlay-type":"","overlay-color":"","overlay-opacity":"","overlay-gradient":""}},"footnotes":""},"categories":[112,153],"tags":[81,80,152,123],"class_list":["post-2843","post","type-post","status-publish","format-standard","has-post-thumbnail","hentry","category-actualites-eduscol","category-enseigner","tag-bac-professionnel","tag-examen","tag-projet","tag-rlp"],"uagb_featured_image_src":{"full":["https:\/\/site.ac-martinique.fr\/sbssa\/wp-content\/uploads\/sites\/21\/2024\/06\/Capture-decran-2024-06-24-211932.png",432,460,false],"thumbnail":["https:\/\/site.ac-martinique.fr\/sbssa\/wp-content\/uploads\/sites\/21\/2024\/06\/Capture-decran-2024-06-24-211932-100x100.png",100,100,true],"medium":["https:\/\/site.ac-martinique.fr\/sbssa\/wp-content\/uploads\/sites\/21\/2024\/06\/Capture-decran-2024-06-24-211932-188x200.png",188,200,true],"medium_large":["https:\/\/site.ac-martinique.fr\/sbssa\/wp-content\/uploads\/sites\/21\/2024\/06\/Capture-decran-2024-06-24-211932.png",432,460,false],"large":["https:\/\/site.ac-martinique.fr\/sbssa\/wp-content\/uploads\/sites\/21\/2024\/06\/Capture-decran-2024-06-24-211932-376x400.png",376,400,true],"1536x1536":["https:\/\/site.ac-martinique.fr\/sbssa\/wp-content\/uploads\/sites\/21\/2024\/06\/Capture-decran-2024-06-24-211932.png",432,460,false],"2048x2048":["https:\/\/site.ac-martinique.fr\/sbssa\/wp-content\/uploads\/sites\/21\/2024\/06\/Capture-decran-2024-06-24-211932.png",432,460,false]},"uagb_author_info":{"display_name":"Delhia PETRICIEN","author_link":"https:\/\/site.ac-martinique.fr\/sbssa\/author\/dpetricien\/"},"uagb_comment_info":0,"uagb_excerpt":"Dans le BO n\u00b028 du 11 juillet 2024, retrouvez les modalit\u00e9s de r\u00e9alisation et d&rsquo;\u00e9valuation du projet en Bac Professionnel d\u00e8s la session 2025. Pour rappel, le Projet se fera en lieu et place du chef d\u2019\u0153uvre d\u00e8s la rentr\u00e9e scolaire 2024. Le texte pr\u00e9sente les axes suivants : Le texte est visible via le\u2026","_links":{"self":[{"href":"https:\/\/site.ac-martinique.fr\/sbssa\/wp-json\/wp\/v2\/posts\/2843","targetHints":{"allow":["GET"]}}],"collection":[{"href":"https:\/\/site.ac-martinique.fr\/sbssa\/wp-json\/wp\/v2\/posts"}],"about":[{"href":"https:\/\/site.ac-martinique.fr\/sbssa\/wp-json\/wp\/v2\/types\/post"}],"author":[{"embeddable":true,"href":"https:\/\/site.ac-martinique.fr\/sbssa\/wp-json\/wp\/v2\/users\/454"}],"replies":[{"embeddable":true,"href":"https:\/\/site.ac-martinique.fr\/sbssa\/wp-json\/wp\/v2\/comments?post=2843"}],"version-history":[{"count":1,"href":"https:\/\/site.ac-martinique.fr\/sbssa\/wp-json\/wp\/v2\/posts\/2843\/revisions"}],"predecessor-version":[{"id":2845,"href":"https:\/\/site.ac-martinique.fr\/sbssa\/wp-json\/wp\/v2\/posts\/2843\/revisions\/2845"}],"wp:featuredmedia":[{"embeddable":true,"href":"https:\/\/site.ac-martinique.fr\/sbssa\/wp-json\/wp\/v2\/media\/2791"}],"wp:attachment":[{"href":"https:\/\/site.ac-martinique.fr\/sbssa\/wp-json\/wp\/v2\/media?parent=2843"}],"wp:term":[{"taxonomy":"category","embeddable":true,"href":"https:\/\/site.ac-martinique.fr\/sbssa\/wp-json\/wp\/v2\/categories?post=2843"},{"taxonomy":"post_tag","embeddable":true,"href":"https:\/\/site.ac-martinique.fr\/sbssa\/wp-json\/wp\/v2\/tags?post=2843"}],"curies":[{"name":"wp","href":"https:\/\/api.w.org\/{rel}","templated":true}]}}