{"id":2933,"date":"2024-07-30T17:32:00","date_gmt":"2024-07-30T16:32:00","guid":{"rendered":"https:\/\/site.ac-martinique.fr\/sbssa\/?p=2933"},"modified":"2024-09-30T21:49:34","modified_gmt":"2024-09-30T20:49:34","slug":"referentiel-cap-coiffure","status":"publish","type":"post","link":"https:\/\/site.ac-martinique.fr\/sbssa\/referentiel-cap-coiffure\/","title":{"rendered":"REFERENTIEL CAP COIFFURE"},"content":{"rendered":"\n<div class=\"wp-block-uagb-image alignleft uagb-block-93fa26b5 wp-block-uagb-image--layout-default wp-block-uagb-image--effect-static wp-block-uagb-image--align-left\"><figure class=\"wp-block-uagb-image__figure\"><img decoding=\"async\" srcset=\"https:\/\/site.ac-martinique.fr\/sbssa\/wp-content\/uploads\/sites\/21\/2024\/09\/Capture-decran-2024-09-30-122543-1.png ,https:\/\/site.ac-martinique.fr\/sbssa\/wp-content\/uploads\/sites\/21\/2024\/09\/Capture-decran-2024-09-30-122543-1.png 780w, https:\/\/site.ac-martinique.fr\/sbssa\/wp-content\/uploads\/sites\/21\/2024\/09\/Capture-decran-2024-09-30-122543-1.png 360w\" sizes=\"auto, (max-width: 480px) 150px\" src=\"https:\/\/site.ac-martinique.fr\/sbssa\/wp-content\/uploads\/sites\/21\/2024\/09\/Capture-decran-2024-09-30-122543-1.png\" alt=\"\" class=\"uag-image-2944\" width=\"274\" height=\"159\" title=\"Capture d'\u00e9cran 2024-09-30 122543\" loading=\"lazy\" role=\"img\"\/><\/figure><\/div>\n\n\n\n<p style=\"line-height:1.6\">Le CAP m\u00e9tiers de la coiffure permet d\u2019exercer des t\u00e2ches vari\u00e9es, du conseil \u00e0 la prise de rendez-vous, en passant par des prestations de coiffure.<\/p>\n\n\n\n<p style=\"line-height:1.6\">Les ressources nationales et acad\u00e9miques sont \u00e0 retrouver ci-dessous:<\/p>\n\n\n\n<div class=\"wp-block-uagb-icon-list uagb-block-3edc71dc\"><div class=\"uagb-icon-list__wrap\">\n<div class=\"wp-block-uagb-icon-list-child uagb-block-0a44f75e\"><a target=\"_blank\" aria-label=\"R\u00e9f\u00e9rentiel CAP Coiffure\" rel=\"noopener noreferrer\" href=\"https:\/\/nuage02.apps.education.fr\/index.php\/s\/2wHoqAsAP6RJYmc\"> <\/a><span class=\"uagb-icon-list__source-wrap\"><svg xmlns=\"https:\/\/www.w3.org\/2000\/svg\" viewBox=\"0 0 512 512\"><path d=\"M256 0C114.6 0 0 114.6 0 256c0 141.4 114.6 256 256 256s256-114.6 256-256C512 114.6 397.4 0 256 0zM406.6 278.6l-103.1 103.1c-12.5 12.5-32.75 12.5-45.25 0s-12.5-32.75 0-45.25L306.8 288H128C110.3 288 96 273.7 96 256s14.31-32 32-32h178.8l-49.38-49.38c-12.5-12.5-12.5-32.75 0-45.25s32.75-12.5 45.25 0l103.1 103.1C414.6 241.3 416 251.1 416 256C416 260.9 414.6 270.7 406.6 278.6z\"><\/path><\/svg><\/span><span class=\"uagb-icon-list__label\">R\u00e9f\u00e9rentiel CAP Coiffure<\/span><\/div>\n\n\n\n<div class=\"wp-block-uagb-icon-list-child uagb-block-10dc159c\"><a target=\"_self\" aria-label=\"Grilles CCF papier\" rel=\"noopener noreferrer\" href=\"https:\/\/nuage02.apps.education.fr\/index.php\/s\/CS96CSrB2bjgEGF\"> <\/a><span class=\"uagb-icon-list__source-wrap\"><svg xmlns=\"https:\/\/www.w3.org\/2000\/svg\" viewBox=\"0 0 512 512\"><path d=\"M256 0C114.6 0 0 114.6 0 256c0 141.4 114.6 256 256 256s256-114.6 256-256C512 114.6 397.4 0 256 0zM406.6 278.6l-103.1 103.1c-12.5 12.5-32.75 12.5-45.25 0s-12.5-32.75 0-45.25L306.8 288H128C110.3 288 96 273.7 96 256s14.31-32 32-32h178.8l-49.38-49.38c-12.5-12.5-12.5-32.75 0-45.25s32.75-12.5 45.25 0l103.1 103.1C414.6 241.3 416 251.1 416 256C416 260.9 414.6 270.7 406.6 278.6z\"><\/path><\/svg><\/span><span class=\"uagb-icon-list__label\">Grilles CCF papier<\/span><\/div>\n\n\n\n<div class=\"wp-block-uagb-icon-list-child uagb-block-3cd39d9d\"><a target=\"_self\" aria-label=\"Grilles CCF num\u00e9rique\" rel=\"noopener noreferrer\" href=\"https:\/\/nuage02.apps.education.fr\/index.php\/s\/wEgspbHmxCRos3K\"> <\/a><span class=\"uagb-icon-list__source-wrap\"><svg xmlns=\"https:\/\/www.w3.org\/2000\/svg\" viewBox=\"0 0 512 512\"><path d=\"M256 0C114.6 0 0 114.6 0 256c0 141.4 114.6 256 256 256s256-114.6 256-256C512 114.6 397.4 0 256 0zM406.6 278.6l-103.1 103.1c-12.5 12.5-32.75 12.5-45.25 0s-12.5-32.75 0-45.25L306.8 288H128C110.3 288 96 273.7 96 256s14.31-32 32-32h178.8l-49.38-49.38c-12.5-12.5-12.5-32.75 0-45.25s32.75-12.5 45.25 0l103.1 103.1C414.6 241.3 416 251.1 416 256C416 260.9 414.6 270.7 406.6 278.6z\"><\/path><\/svg><\/span><span class=\"uagb-icon-list__label\">Grilles CCF num\u00e9rique<\/span><\/div>\n<\/div><\/div>\n\n\n\n<p><\/p>\n","protected":false},"excerpt":{"rendered":"<p>Le CAP m\u00e9tiers de la coiffure permet d\u2019exercer des t\u00e2ches vari\u00e9es, du conseil \u00e0 la prise de rendez-vous, en passant par des prestations de coiffure. Les ressources nationales et acad\u00e9miques sont \u00e0 retrouver ci-dessous:<\/p>\n","protected":false},"author":454,"featured_media":2943,"comment_status":"open","ping_status":"open","sticky":false,"template":"","format":"standard","meta":{"_uag_custom_page_level_css":"","site-sidebar-layout":"default","site-content-layout":"","ast-site-content-layout":"default","site-content-style":"default","site-sidebar-style":"default","ast-global-header-display":"","ast-banner-title-visibility":"","ast-main-header-display":"","ast-hfb-above-header-display":"","ast-hfb-below-header-display":"","ast-hfb-mobile-header-display":"","site-post-title":"","ast-breadcrumbs-content":"","ast-featured-img":"","footer-sml-layout":"","ast-disable-related-posts":"","theme-transparent-header-meta":"","adv-header-id-meta":"","stick-header-meta":"","header-above-stick-meta":"","header-main-stick-meta":"","header-below-stick-meta":"","astra-migrate-meta-layouts":"default","ast-page-background-enabled":"default","ast-page-background-meta":{"desktop":{"background-color":"var(--ast-global-color-4)","background-image":"","background-repeat":"repeat","background-position":"center center","background-size":"auto","background-attachment":"scroll","background-type":"","background-media":"","overlay-type":"","overlay-color":"","overlay-opacity":"","overlay-gradient":""},"tablet":{"background-color":"","background-image":"","background-repeat":"repeat","background-position":"center center","background-size":"auto","background-attachment":"scroll","background-type":"","background-media":"","overlay-type":"","overlay-color":"","overlay-opacity":"","overlay-gradient":""},"mobile":{"background-color":"","background-image":"","background-repeat":"repeat","background-position":"center center","background-size":"auto","background-attachment":"scroll","background-type":"","background-media":"","overlay-type":"","overlay-color":"","overlay-opacity":"","overlay-gradient":""}},"ast-content-background-meta":{"desktop":{"background-color":"var(--ast-global-color-5)","background-image":"","background-repeat":"repeat","background-position":"center center","background-size":"auto","background-attachment":"scroll","background-type":"","background-media":"","overlay-type":"","overlay-color":"","overlay-opacity":"","overlay-gradient":""},"tablet":{"background-color":"var(--ast-global-color-5)","background-image":"","background-repeat":"repeat","background-position":"center center","background-size":"auto","background-attachment":"scroll","background-type":"","background-media":"","overlay-type":"","overlay-color":"","overlay-opacity":"","overlay-gradient":""},"mobile":{"background-color":"var(--ast-global-color-5)","background-image":"","background-repeat":"repeat","background-position":"center center","background-size":"auto","background-attachment":"scroll","background-type":"","background-media":"","overlay-type":"","overlay-color":"","overlay-opacity":"","overlay-gradient":""}},"footnotes":""},"categories":[103],"tags":[119,120,156],"class_list":["post-2933","post","type-post","status-publish","format-standard","has-post-thumbnail","hentry","category-cap-metiers-de-la-coiffure","tag-cap","tag-coiffure","tag-referentiel"],"uagb_featured_image_src":{"full":["https:\/\/site.ac-martinique.fr\/sbssa\/wp-content\/uploads\/sites\/21\/2024\/09\/Capture-decran-2024-09-30-122543.png",310,180,false],"thumbnail":["https:\/\/site.ac-martinique.fr\/sbssa\/wp-content\/uploads\/sites\/21\/2024\/09\/Capture-decran-2024-09-30-122543-100x100.png",100,100,true],"medium":["https:\/\/site.ac-martinique.fr\/sbssa\/wp-content\/uploads\/sites\/21\/2024\/09\/Capture-decran-2024-09-30-122543-200x116.png",200,116,true],"medium_large":["https:\/\/site.ac-martinique.fr\/sbssa\/wp-content\/uploads\/sites\/21\/2024\/09\/Capture-decran-2024-09-30-122543.png",310,180,false],"large":["https:\/\/site.ac-martinique.fr\/sbssa\/wp-content\/uploads\/sites\/21\/2024\/09\/Capture-decran-2024-09-30-122543.png",310,180,false],"1536x1536":["https:\/\/site.ac-martinique.fr\/sbssa\/wp-content\/uploads\/sites\/21\/2024\/09\/Capture-decran-2024-09-30-122543.png",310,180,false],"2048x2048":["https:\/\/site.ac-martinique.fr\/sbssa\/wp-content\/uploads\/sites\/21\/2024\/09\/Capture-decran-2024-09-30-122543.png",310,180,false]},"uagb_author_info":{"display_name":"Delhia PETRICIEN","author_link":"https:\/\/site.ac-martinique.fr\/sbssa\/author\/dpetricien\/"},"uagb_comment_info":0,"uagb_excerpt":"Le CAP m\u00e9tiers de la coiffure permet d\u2019exercer des t\u00e2ches vari\u00e9es, du conseil \u00e0 la prise de rendez-vous, en passant par des prestations de coiffure. Les ressources nationales et acad\u00e9miques sont \u00e0 retrouver ci-dessous:","_links":{"self":[{"href":"https:\/\/site.ac-martinique.fr\/sbssa\/wp-json\/wp\/v2\/posts\/2933","targetHints":{"allow":["GET"]}}],"collection":[{"href":"https:\/\/site.ac-martinique.fr\/sbssa\/wp-json\/wp\/v2\/posts"}],"about":[{"href":"https:\/\/site.ac-martinique.fr\/sbssa\/wp-json\/wp\/v2\/types\/post"}],"author":[{"embeddable":true,"href":"https:\/\/site.ac-martinique.fr\/sbssa\/wp-json\/wp\/v2\/users\/454"}],"replies":[{"embeddable":true,"href":"https:\/\/site.ac-martinique.fr\/sbssa\/wp-json\/wp\/v2\/comments?post=2933"}],"version-history":[{"count":3,"href":"https:\/\/site.ac-martinique.fr\/sbssa\/wp-json\/wp\/v2\/posts\/2933\/revisions"}],"predecessor-version":[{"id":2945,"href":"https:\/\/site.ac-martinique.fr\/sbssa\/wp-json\/wp\/v2\/posts\/2933\/revisions\/2945"}],"wp:featuredmedia":[{"embeddable":true,"href":"https:\/\/site.ac-martinique.fr\/sbssa\/wp-json\/wp\/v2\/media\/2943"}],"wp:attachment":[{"href":"https:\/\/site.ac-martinique.fr\/sbssa\/wp-json\/wp\/v2\/media?parent=2933"}],"wp:term":[{"taxonomy":"category","embeddable":true,"href":"https:\/\/site.ac-martinique.fr\/sbssa\/wp-json\/wp\/v2\/categories?post=2933"},{"taxonomy":"post_tag","embeddable":true,"href":"https:\/\/site.ac-martinique.fr\/sbssa\/wp-json\/wp\/v2\/tags?post=2933"}],"curies":[{"name":"wp","href":"https:\/\/api.w.org\/{rel}","templated":true}]}}