{"id":1543,"date":"2023-01-31T09:54:22","date_gmt":"2023-01-31T13:54:22","guid":{"rendered":"https:\/\/site.ac-martinique.fr\/sciences-economiques\/?p=1543"},"modified":"2023-01-31T09:54:22","modified_gmt":"2023-01-31T13:54:22","slug":"semaine-de-la-presse-et-des-medias-dans-lecole-du-17-mars-au-1er-avril-2023","status":"publish","type":"post","link":"https:\/\/site.ac-martinique.fr\/sciences-economiques\/?p=1543","title":{"rendered":"Semaine de la presse et des m\u00e9dias dans l\u2019\u00c9cole du 17 mars au 1er avril 2023"},"content":{"rendered":"<p><a href=\"https:\/\/site.ac-martinique.fr\/sciences-economiques\/wp-content\/uploads\/sites\/25\/2023\/01\/CLEMI.png\"><img loading=\"lazy\" decoding=\"async\" class=\"alignnone size-medium wp-image-1544 alignright\" src=\"https:\/\/site.ac-martinique.fr\/sciences-economiques\/wp-content\/uploads\/sites\/25\/2023\/01\/CLEMI-300x182.png\" alt=\"\" width=\"300\" height=\"182\" srcset=\"https:\/\/site.ac-martinique.fr\/sciences-economiques\/wp-content\/uploads\/sites\/25\/2023\/01\/CLEMI-300x182.png 300w, https:\/\/site.ac-martinique.fr\/sciences-economiques\/wp-content\/uploads\/sites\/25\/2023\/01\/CLEMI-768x465.png 768w, https:\/\/site.ac-martinique.fr\/sciences-economiques\/wp-content\/uploads\/sites\/25\/2023\/01\/CLEMI.png 775w\" sizes=\"auto, (max-width: 300px) 100vw, 300px\" \/><\/a>Le CLEMI (Centre pour l&#8217;\u00e9ducation aux m\u00e9dias et \u00e0 l&#8217;information) est un service de\u00a0R\u00e9seau Canop\u00e9, op\u00e9rateur public sous tutelle du minist\u00e8re fran\u00e7ais de l&#8217;\u00c9ducation nationale.<\/p>\n<p>La 34e Semaine de la presse et des m\u00e9dias dans l&#8217;\u00c9cole aura lieu\u00a0<strong>du 27 mars au 1er\u00a0avril 2023.\u00a0<\/strong><\/p>\n<p>Le th\u00e8me de cette ann\u00e9e est\u00a0 : <strong>\u00ab L\u2019info sur tous les fronts \u00bb.\u00a0<\/strong><!--more--><\/p>\n<p>Plus d&#8217;infos sur le site:\u00a0<a href=\"https:\/\/www.clemi.fr\/\" target=\"_blank\" rel=\"noopener\">https:\/\/www.clemi.fr\/<\/a><\/p>\n<p>Le dossier p\u00e9dagogique :\u00a0<a href=\"https:\/\/www.clemi.fr\/fr\/ressources\/dossier-pedagogique-de-la-semaine-de-la-presse-et-des-medias-dans-lecole.html\">https:\/\/www.clemi.fr\/fr\/ressources\/dossier-pedagogique-de-la-semaine-de-la-presse-et-des-medias-dans-lecole.html<\/a><\/p>\n<p><strong>Inscriptions acad\u00e9mie de Martinique :\u00a0<a href=\"https:\/\/cano.pe\/1rc\" target=\"_blank\" rel=\"noopener\">https:\/\/cano.pe\/1rc<\/a><\/strong><\/p>\n<p><strong>EQUIPE CLEMI MARTINIQUE 2023<\/strong><\/p>\n<p><strong>Coordonnatrice acad\u00e9mique :\u00a0<\/strong>Nathalie M\u00e9th\u00e9lie, directrice de l&#8217;atelier Canop\u00e9 972 &#8211;\u00a0<a href=\"mailto:nathalie.methelie@reseau-canope.fr\">nathalie.methelie@reseau-canope.fr<\/a><\/p>\n<p><strong>R\u00e9f\u00e9rente CLEMI :<\/strong>\u00a0Claire Juston, m\u00e9diatrice ressources et services Canop\u00e9 972 &#8211;\u00a0<a href=\"mailto:claire.juston@reseau-canope.fr\">claire.juston@reseau-canope.fr<\/a><\/p>\n","protected":false},"excerpt":{"rendered":"<p>Le CLEMI (Centre pour l&#8217;\u00e9ducation aux m\u00e9dias et \u00e0 l&#8217;information) est un service de\u00a0R\u00e9seau Canop\u00e9, op\u00e9rateur public sous tutelle du minist\u00e8re fran\u00e7ais de l&#8217;\u00c9ducation nationale. La 34e Semaine de la presse et des m\u00e9dias dans l&#8217;\u00c9cole aura lieu\u00a0du 27 mars &hellip; <a href=\"https:\/\/site.ac-martinique.fr\/sciences-economiques\/?p=1543\">Continuer la lecture <span class=\"meta-nav\">&rarr;<\/span><\/a><\/p>\n","protected":false},"author":81,"featured_media":0,"comment_status":"closed","ping_status":"open","sticky":false,"template":"","format":"standard","meta":{"footnotes":"","_links_to":"","_links_to_target":""},"categories":[1],"tags":[],"class_list":["post-1543","post","type-post","status-publish","format-standard","hentry","category-ses972"],"_links":{"self":[{"href":"https:\/\/site.ac-martinique.fr\/sciences-economiques\/index.php?rest_route=\/wp\/v2\/posts\/1543","targetHints":{"allow":["GET"]}}],"collection":[{"href":"https:\/\/site.ac-martinique.fr\/sciences-economiques\/index.php?rest_route=\/wp\/v2\/posts"}],"about":[{"href":"https:\/\/site.ac-martinique.fr\/sciences-economiques\/index.php?rest_route=\/wp\/v2\/types\/post"}],"author":[{"embeddable":true,"href":"https:\/\/site.ac-martinique.fr\/sciences-economiques\/index.php?rest_route=\/wp\/v2\/users\/81"}],"replies":[{"embeddable":true,"href":"https:\/\/site.ac-martinique.fr\/sciences-economiques\/index.php?rest_route=%2Fwp%2Fv2%2Fcomments&post=1543"}],"version-history":[{"count":1,"href":"https:\/\/site.ac-martinique.fr\/sciences-economiques\/index.php?rest_route=\/wp\/v2\/posts\/1543\/revisions"}],"predecessor-version":[{"id":1545,"href":"https:\/\/site.ac-martinique.fr\/sciences-economiques\/index.php?rest_route=\/wp\/v2\/posts\/1543\/revisions\/1545"}],"wp:attachment":[{"href":"https:\/\/site.ac-martinique.fr\/sciences-economiques\/index.php?rest_route=%2Fwp%2Fv2%2Fmedia&parent=1543"}],"wp:term":[{"taxonomy":"category","embeddable":true,"href":"https:\/\/site.ac-martinique.fr\/sciences-economiques\/index.php?rest_route=%2Fwp%2Fv2%2Fcategories&post=1543"},{"taxonomy":"post_tag","embeddable":true,"href":"https:\/\/site.ac-martinique.fr\/sciences-economiques\/index.php?rest_route=%2Fwp%2Fv2%2Ftags&post=1543"}],"curies":[{"name":"wp","href":"https:\/\/api.w.org\/{rel}","templated":true}]}}